{"id":320416,"date":"2026-01-03T06:51:22","date_gmt":"2026-01-03T06:51:22","guid":{"rendered":"https:\/\/www.europesays.com\/es\/320416\/"},"modified":"2026-01-03T06:51:22","modified_gmt":"2026-01-03T06:51:22","slug":"bolsonaro-regreso-a-su-celda-especial-tras-dejar-hospital-dw-02-01-2026","status":"publish","type":"post","link":"https:\/\/www.europesays.com\/es\/320416\/","title":{"rendered":"Bolsonaro regres\u00f3 a su celda especial tras dejar hospital \u2013 DW \u2013 02\/01\/2026"},"content":{"rendered":"<p>El expresidente de <a class=\"internal-link\" href=\"https:\/\/www.dw.com\/es\/brasil\/t-17411698\" rel=\"nofollow noopener\" target=\"_blank\">Brasil<\/a>, <a class=\"internal-link\" href=\"https:\/\/www.dw.com\/es\/bolsonaro-jair\/t-45099463\" rel=\"nofollow noopener\" target=\"_blank\">Jair Bolsonaro<\/a>, dej\u00f3 este jueves (01.01.2026) el hospital en Brasilia tras m\u00e1s de una semana internado para regresar a prisi\u00f3n, luego de que <a class=\"internal-link\" href=\"https:\/\/www.dw.com\/es\/corte-niega-petici\u00f3n-de-prisi\u00f3n-domiciliaria-para-bolsonaro\/a-75362083\" rel=\"nofollow noopener\" target=\"_blank\">el supremo le negara la c\u00e1rcel domiciliaria<\/a>.<\/p>\n<p>El l\u00edder de la ultraderecha brasile\u00f1a, abandon\u00f3 el Hospital DF Star de Brasilia a las 18:43 hora local (22:43 CET) y fue conducido hasta la sede de la superintendencia de la Polic\u00eda Federal de la capital brasile\u00f1a en una caravana de veh\u00edculos policiales con una nutrida escolta de motociclistas.<\/p>\n<blockquote class=\"tweet embed\" data-id=\"2006906150021681399\"\/>\n<p>Bolsonaro, de 70 a\u00f1os, regres\u00f3 a la peque\u00f1a habitaci\u00f3n de la sede policial donde purga 27 a\u00f1os por un intento de golpe de Estado.<\/p>\n<p>La corte suprema neg\u00f3 este jueves un pedido de la defensa para que Bolsonaro, quien se oper\u00f3 la semana pasada de una hernia inguinal, obtenga domiciliaria por motivos de salud.<\/p>\n<p>Sus abogados presentaron el mi\u00e9rcoles la solicitud por un \u00abriesgo concreto de agravamiento repentino\u00bb de su salud.<\/p>\n<p>El l\u00edder de la derecha brasile\u00f1a entr\u00f3 al hospital el 24 de diciembre y al d\u00eda siguiente fue operado. Luego tambi\u00e9n se someti\u00f3 a un procedimiento contra recurrentes crisis de hipo.<\/p>\n<p>Moraes: \u00abNo hubo agravamiento de salud\u00bb<\/p>\n<p>\u00abA diferencia de lo alegado por la defensa, no hubo agravamiento de la situaci\u00f3n de salud\u00bb de Bolsonaro, consider\u00f3 en su decisi\u00f3n el juez Alexandre de Moraes.<\/p>\n<p>Bolsonaro registra \u00abun cuadro cl\u00ednico de mejora de las incomodidades que estaba sintiendo (&#8230;) como se apunt\u00f3 en el informe de sus propios m\u00e9dicos\u00bb esta semana, agreg\u00f3 el magistrado.<\/p>\n<p>El exmandatario (2019-2022) cumple una condena por un frustrado plan golpista para aferrarse al poder, tras perder las elecciones contra Luiz In\u00e1cio Lula da Silva en 2022.<\/p>\n<p>Esta hospitalizaci\u00f3n de nueve d\u00edas fue su primera salida desde el encarcelamiento.<\/p>\n<p>La condena por golpismo la cumple en una habitaci\u00f3n peque\u00f1a con frigobar, aire acondicionado y un televisor.<\/p>\n<p>jc (afp, efe)<\/p>\n<p>\u00a0<\/p>\n","protected":false},"excerpt":{"rendered":"El expresidente de Brasil, Jair Bolsonaro, dej\u00f3 este jueves (01.01.2026) el hospital en Brasilia tras m\u00e1s de una&hellip;\n","protected":false},"author":2,"featured_media":320417,"comment_status":"","ping_status":"","sticky":false,"template":"","format":"standard","meta":{"footnotes":""},"categories":[42],"tags":[17,18,13,14,11,61,62,63,64,19,20,9,10,15,16,12,21,22,65,66,67],"class_list":{"0":"post-320416","1":"post","2":"type-post","3":"status-publish","4":"format-standard","5":"has-post-thumbnail","7":"category-internacional","8":"tag-breaking-news","9":"tag-breakingnews","10":"tag-featured-news","11":"tag-featurednews","12":"tag-headlines","13":"tag-internacional","14":"tag-international","15":"tag-international-news","16":"tag-internationalnews","17":"tag-latest-news","18":"tag-latestnews","19":"tag-news","20":"tag-noticias","21":"tag-noticias-destacadas","22":"tag-noticiasdestacadas","23":"tag-titulares","24":"tag-ultimas-noticias","25":"tag-ultimasnoticias","26":"tag-world","27":"tag-world-news","28":"tag-worldnews"},"share_on_mastodon":{"url":"https:\/\/pubeurope.com\/@es\/115829845711947009","error":""},"_links":{"self":[{"href":"https:\/\/www.europesays.com\/es\/wp-json\/wp\/v2\/posts\/320416","targetHints":{"allow":["GET"]}}],"collection":[{"href":"https:\/\/www.europesays.com\/es\/wp-json\/wp\/v2\/posts"}],"about":[{"href":"https:\/\/www.europesays.com\/es\/wp-json\/wp\/v2\/types\/post"}],"author":[{"embeddable":true,"href":"https:\/\/www.europesays.com\/es\/wp-json\/wp\/v2\/users\/2"}],"replies":[{"embeddable":true,"href":"https:\/\/www.europesays.com\/es\/wp-json\/wp\/v2\/comments?post=320416"}],"version-history":[{"count":0,"href":"https:\/\/www.europesays.com\/es\/wp-json\/wp\/v2\/posts\/320416\/revisions"}],"wp:featuredmedia":[{"embeddable":true,"href":"https:\/\/www.europesays.com\/es\/wp-json\/wp\/v2\/media\/320417"}],"wp:attachment":[{"href":"https:\/\/www.europesays.com\/es\/wp-json\/wp\/v2\/media?parent=320416"}],"wp:term":[{"taxonomy":"category","embeddable":true,"href":"https:\/\/www.europesays.com\/es\/wp-json\/wp\/v2\/categories?post=320416"},{"taxonomy":"post_tag","embeddable":true,"href":"https:\/\/www.europesays.com\/es\/wp-json\/wp\/v2\/tags?post=320416"}],"curies":[{"name":"wp","href":"https:\/\/api.w.org\/{rel}","templated":true}]}}