{"id":320418,"date":"2026-01-03T06:52:20","date_gmt":"2026-01-03T06:52:20","guid":{"rendered":"https:\/\/www.europesays.com\/es\/320418\/"},"modified":"2026-01-03T06:52:20","modified_gmt":"2026-01-03T06:52:20","slug":"la-cabalgata-2026-se-inspira-en-el-solsticio-de-invierno-para-recibir-solemnemente-a-los-reyes-magos","status":"publish","type":"post","link":"https:\/\/www.europesays.com\/es\/320418\/","title":{"rendered":"La Cabalgata 2026 se inspira en el \u201cSolsticio de Invierno\u201d para recibir solemnemente a los Reyes Magos"},"content":{"rendered":"<p>Lunes, 5 de enero. Itinerario: Iglesia del Salvador-Paseo del Muro-Avenida Cosculluela-Alfonso I- Fernando El Cat\u00f3lico-Paseo del Muro- Ayuntamiento. \/\/ 17:30: Chocolatada (Plaza de la Diputaci\u00f3n).\/\/18:30: Inicio de la Cabalgata.<\/p>\n<p><strong>Los Reyes Melchor, Gaspar y Baltasar llegar\u00e1n a Ejea de los Caballeros a las 6\u00b430 de la tarde del lunes, d\u00eda 5 de enero. Har\u00e1n su entrada por las inmediaciones de la Iglesia del Salvador. Coordinados art\u00edsticamente por la empresa \u00abHacedor de proyectos\u00bb, ser\u00e1n recibidos por un numeroso grupo de voluntarios provenientes del Club de Patinaje \u00abCinco Villas\u00bb, Grupo de Acordeones de la Escuela de M\u00fasica, voluntarios independientes, unidos todos ellos a la Comparsa de Gigantes, los Dulzaineros de las Cinco Villas y la Banda de M\u00fasica. Las compa\u00f1\u00edas profesionales \u201cFactory Producciones\u201d, \u201cTarde o Temprano Danza\u201d \u201cBrothers Projection\u201d, \u201c7 Burbujas Acci\u00f3n Cultural\u201d, \u201cAdamii\u201d, \u201cCharanga Cinco Birras\u201d completar\u00e1n la propuesta. Todo ese gran grupo de colectivos locales y artistas profesionales nos sorprender\u00e1n con un espect\u00e1culo titulado \u201cSOLSTICIO DE INVIERNO\u201d, que servir\u00e1 para celebrar la noche m\u00e1s m\u00e1gica del a\u00f1o, con la que termina el Ciclo de la Navidad.<\/strong><\/p>\n<p>El Teatro y la M\u00fasica embellecen siempre la vida y en la Noche de Reyes no pueden faltar ni la belleza, ni la fantas\u00eda de estas artes porque los ciudadanos salimos a la calle para experimentar el milagro de la ilusi\u00f3n. Ni\u00f1os y mayores abrimos nuestro coraz\u00f3n a los Reyes Magos porque ellos son fuente de alegr\u00eda y emociones.<\/p>\n<p>La Cabalgata de los Reyes Magos de Ejea de los Caballeros dar\u00e1 comienzo a las 6\u00b430 de la tarde. En su largo camino por los pueblos del mundo, est\u00e1 previsto que a esa hora los Magos de Oriente hagan una parada para saludar a las ni\u00f1as y ni\u00f1os ejeanos que los esperan cada a\u00f1o con renovada ilusi\u00f3n.<\/p>\n<p><strong>Chocolatada infantil<\/strong><\/p>\n<p>Mientras los Reyes Magos llegan a nuestra ciudad, el Ayuntamiento de Ejea ha pensado que una Chocolatada ser\u00eda un buen regalo previo a la Cabalgata. No hay nada que guste m\u00e1s a los ni\u00f1os que el chocolate, de manera que para entrar en calor y cargarse de energ\u00eda, los emplazamos a que acudan a las<strong> 5:30 de la tarde, a la Plaza de la Diputaci\u00f3n<\/strong> para degustar un rico Chocolate con fullatre, apto para cel\u00edacos.<\/p>\n<p><strong>Itinerario de la Cabalgata<\/strong><\/p>\n<p>Recibiremos a los RR.MM. en las inmediaciones de la Iglesia del Salvador para subir un tramo del Paseo del Muro, bajar toda la Avenida Cosculluela, subirla y girar a la altura de la calle Alfonso I para conectar con Fernando El Cat\u00f3lico, girar en Paseo del Muro hasta la puerta del Ayuntamiento, a donde los Reyes Melchor, Gaspar y Baltasar se dirigir\u00e1n para, desde la balconada de Plaza de la Villa, pronunciar su tradicional alocuci\u00f3n.<\/p>\n<p><strong>La productora art\u00edstica HACEDOR DE PROYECTOS y su s\u00e9quito de \u201cSOLSTICIO DE INVIERNO\u00bb<\/strong><\/p>\n<p>El espect\u00e1culo <strong>\u201cSolsticio de Invierno\u201d<\/strong>, dinamizado por la empresa \u00abHacedor de Proyectos\u00bb bajo la coordinaci\u00f3n de To\u00f1o Monz\u00f3n y la direcci\u00f3n art\u00edstica de Marian Pueo, protagonizar\u00e1 la Cabalgata 2026 que recibir\u00e1 a SS.MM. los Reyes Magos. Un atractivo espect\u00e1culo inspirado en el denominado solsticio de invierno, ese momento del calendario que marca el inicio astron\u00f3mico del invierno en el hemisferio norte, en el que vivimos la noche m\u00e1s larga del a\u00f1o y empieza el retorno gradual de los d\u00edas m\u00e1s largos. En tal sentido, culturalmente ha sido interpretado como un s\u00edmbolo de la renovaci\u00f3n y el retorno gradual de la luz.<\/p>\n<p>Los inuit, ind\u00edgenas que habitan las regiones \u00e1rticas, los cosacos, los elfos del invierno, la marioneta gigante Mobilette, la Reina de las Nieves, las estatuas blancas, los seres del hielo, abrir\u00e1n un bello pasacalles hasta que se divisen los s\u00e9quitos reales y sus carrozas.<\/p>\n<p>En definitiva, una Cabalgata preciosista, m\u00e1gica y sugerente, en la que participan algunos colectivos ejeanos de manera altruista. Todos estos grupos nos har\u00e1n so\u00f1ar y disfrutar de la belleza y la alegr\u00eda que transmitir\u00e1n desde los diferentes bloques.<\/p>\n<p><strong>Despu\u00e9s del Desfile de la Cabalgata: Alocuci\u00f3n de los Reyes Magos y la Alcaldesa<\/strong><\/p>\n<p>Tras el desfile, Melchor, Gaspar, Baltasar y sus respectivos pajes se dirigir\u00e1n al Ayuntamiento de Ejea, donde ser\u00e1n recibidos por la Alcaldesa, <strong>Teresa Ladrero<\/strong> y por el Concejal de Festejos, <strong>Ra\u00fal Garc\u00eda<\/strong>. Desde el balc\u00f3n del Ayuntamiento que mira a la Plaza de la Villa, la alcaldesa les dar\u00e1 su saludo de bienvenida y el <strong>Rey Melchor<\/strong> dirigir\u00e1 unas palabras a todos los congregados.<\/p>\n<p>Seguidamente, los tres Reyes bajar\u00e1n a adorar al Ni\u00f1o al Portal Viviente que se monta desde la <strong>Agrupaci\u00f3n de Cofrad\u00edas<\/strong> y, finalmente, recibir\u00e1n a todos los ni\u00f1os y ni\u00f1as que quieran saludarlos, darles un beso, entregarles sus cartas\u2026 Los pajes reales entregar\u00e1n a los ni\u00f1os bolsitas de caramelos, una nueva forma de regalar los dulces a los ni\u00f1os desde que quedara prohibido arrojar caramelos desde las carrozas por el peligro que supon\u00eda para la seguridad de las personas.<\/p>\n<p><strong>Coordinaci\u00f3n para garantizar la seguridad<\/strong><\/p>\n<p>La <strong>seguridad<\/strong> es un asunto que se cuida especialmente en las Cabalgatas, en evitaci\u00f3n de cualquier tipo de riesgos generados por el desplazamiento de los veh\u00edculos y por la congregaci\u00f3n masiva de personas. La Ley de Tr\u00e1fico, Circulaci\u00f3n de Veh\u00edculos a Motor y Seguridad Vial, as\u00ed como la Ley de Espect\u00e1culos P\u00fablicos de Arag\u00f3n enmarcan este evento. Para ello, la <strong>Polic\u00eda Local, Protecci\u00f3n Civil de Cinco Villas y Cruz Roja<\/strong> estar\u00e1n coordinados para atender cualquier contingencia y garantizar al m\u00e1ximo la seguridad de la Cabalgata de Reyes.<\/p>\n<p><strong>Otros agradecimientos<\/strong><\/p>\n<p>Queda expresar el agradecimiento del Ayuntamiento a la empresa <strong>Otal A\u00f1anos<\/strong> que pone sus tractores a disposici\u00f3n de la Cabalgata para trasladar las carrozas, a la empresa de <strong>Autobuses Cinco Villas<\/strong> que pone a nuestra disposici\u00f3n las instalaciones de la Estaci\u00f3n de Autobuses para la intendencia organizativa.<\/p>\n<p>Y, aunque sea reiterativo, agradecer nuevamente a todas las personas y colectivos de voluntariado.<\/p>\n<p><strong>Deseos para la Noche de Reyes<\/strong><\/p>\n<p>El Ayuntamiento de Ejea desea una feliz Noche de Reyes a todos los ciudadanos y ciudadanas. Esperamos que esta tradicional \u00ab<strong>fiesta de regalos<\/strong>\u00bb sea, adem\u00e1s de un momento de generosidad y de detalles para nuestros hijos y para nosotros mismos, una \u00ab<strong>fiesta de cari\u00f1o y de buenos sentimientos<\/strong>\u00bb para las familias, para la sociedad en general y especialmente para quienes atraviesan dificultades.<\/p>\n<p>\u00a1\u00a1\u00a1Feliz Noche de Reyes!!!<\/p>\n<p><img fetchpriority=\"high\" decoding=\"async\" class=\"alignnone size-medium wp-image-49714\" src=\"https:\/\/www.europesays.com\/es\/wp-content\/uploads\/2026\/01\/CARTEL-Cabalgata-De-Reyes-Magos-2026-212x300.jpg\" alt=\"\" width=\"212\" height=\"300\"  \/><\/p>\n","protected":false},"excerpt":{"rendered":"Lunes, 5 de enero. Itinerario: Iglesia del Salvador-Paseo del Muro-Avenida Cosculluela-Alfonso I- Fernando El Cat\u00f3lico-Paseo del Muro- Ayuntamiento.&hellip;\n","protected":false},"author":2,"featured_media":320419,"comment_status":"","ping_status":"","sticky":false,"template":"","format":"standard","meta":{"footnotes":""},"categories":[8],"tags":[26464,74641,26465,74642,17,18,209,26466,25,24,13,14,11,3814,19,20,185,2951,9,2932,10,15,16,3799,36044,23,12,21,22],"class_list":{"0":"post-320418","1":"post","2":"type-post","3":"status-publish","4":"format-standard","5":"has-post-thumbnail","7":"category-espana","8":"tag-ejeadeloscaballeros","9":"tag-navidadejea","10":"tag-pueblosejea","11":"tag-reyesmagos","12":"tag-breaking-news","13":"tag-breakingnews","14":"tag-cultura","15":"tag-ejea","16":"tag-es","17":"tag-espana","18":"tag-featured-news","19":"tag-featurednews","20":"tag-headlines","21":"tag-ilusion","22":"tag-latest-news","23":"tag-latestnews","24":"tag-musica","25":"tag-navidad","26":"tag-news","27":"tag-ninos","28":"tag-noticias","29":"tag-noticias-destacadas","30":"tag-noticiasdestacadas","31":"tag-ocio","32":"tag-regalos","33":"tag-spain","34":"tag-titulares","35":"tag-ultimas-noticias","36":"tag-ultimasnoticias"},"share_on_mastodon":{"url":"https:\/\/pubeurope.com\/@es\/115829849638952347","error":""},"_links":{"self":[{"href":"https:\/\/www.europesays.com\/es\/wp-json\/wp\/v2\/posts\/320418","targetHints":{"allow":["GET"]}}],"collection":[{"href":"https:\/\/www.europesays.com\/es\/wp-json\/wp\/v2\/posts"}],"about":[{"href":"https:\/\/www.europesays.com\/es\/wp-json\/wp\/v2\/types\/post"}],"author":[{"embeddable":true,"href":"https:\/\/www.europesays.com\/es\/wp-json\/wp\/v2\/users\/2"}],"replies":[{"embeddable":true,"href":"https:\/\/www.europesays.com\/es\/wp-json\/wp\/v2\/comments?post=320418"}],"version-history":[{"count":0,"href":"https:\/\/www.europesays.com\/es\/wp-json\/wp\/v2\/posts\/320418\/revisions"}],"wp:featuredmedia":[{"embeddable":true,"href":"https:\/\/www.europesays.com\/es\/wp-json\/wp\/v2\/media\/320419"}],"wp:attachment":[{"href":"https:\/\/www.europesays.com\/es\/wp-json\/wp\/v2\/media?parent=320418"}],"wp:term":[{"taxonomy":"category","embeddable":true,"href":"https:\/\/www.europesays.com\/es\/wp-json\/wp\/v2\/categories?post=320418"},{"taxonomy":"post_tag","embeddable":true,"href":"https:\/\/www.europesays.com\/es\/wp-json\/wp\/v2\/tags?post=320418"}],"curies":[{"name":"wp","href":"https:\/\/api.w.org\/{rel}","templated":true}]}}