{"id":320424,"date":"2026-01-03T07:03:08","date_gmt":"2026-01-03T07:03:08","guid":{"rendered":"https:\/\/www.europesays.com\/es\/320424\/"},"modified":"2026-01-03T07:03:08","modified_gmt":"2026-01-03T07:03:08","slug":"la-reaccion-del-nieto-de-jesus-calleja-al-regalo-anticipado-de-reyes-magos","status":"publish","type":"post","link":"https:\/\/www.europesays.com\/es\/320424\/","title":{"rendered":"La reacci\u00f3n del nieto de Jes\u00fas Calleja al regalo anticipado de Reyes Magos"},"content":{"rendered":"<p class=\"paragraph\">Como cada a\u00f1o el seis de enero viene cargado de ilusi\u00f3n por la llegada de los Reyes Magos, especialmente para los m\u00e1s peque\u00f1os de la casa.<\/p>\n<p class=\"paragraph\">En la familia de Jes\u00fas Calleja, esta celebraci\u00f3n se har\u00e1 la distancia este a\u00f1o debido a la participaci\u00f3n del monta\u00f1ero en el Dakar. Por ello, el leon\u00e9s \u00abha querido mover hilos\u00bb para dar una sorpresa anticipada a su nieto Namgyal.<\/p>\n<p class=\"paragraph\">El peque\u00f1o del clan Calleja ha recibido una Nintendo Switch con una inmensa alegr\u00eda, aunque su abuelo ha reconocido que para \u00e9l \u00abuna de las cosas m\u00e1s bonitas es ver un ni\u00f1o abriendo un regalo de Reyes\u00bb.\u00a0\u00a0<\/p>\n<p class=\"paragraph\">El presentador ya se encuentra en Arabia Saud\u00ed para participar pr\u00f3ximamente en el Rally Dakar, una de las pruebas m\u00e1s exigentes del mundo del motor. De este modo, Calleja pasa de las bajas temperaturas de la monta\u00f1a leonesa a las altas temperaturas del desierto saud\u00ed para hacer de nuevo historia.<\/p>\n","protected":false},"excerpt":{"rendered":"Como cada a\u00f1o el seis de enero viene cargado de ilusi\u00f3n por la llegada de los Reyes Magos,&hellip;\n","protected":false},"author":2,"featured_media":320425,"comment_status":"","ping_status":"","sticky":false,"template":"","format":"standard","meta":{"footnotes":""},"categories":[174],"tags":[255,146,147,25,24,256,12901,36044,66523,23],"class_list":{"0":"post-320424","1":"post","2":"type-post","3":"status-publish","4":"format-standard","5":"has-post-thumbnail","7":"category-famosos","8":"tag-celebrities","9":"tag-entertainment","10":"tag-entretenimiento","11":"tag-es","12":"tag-espana","13":"tag-famosos","14":"tag-jesus-calleja","15":"tag-regalos","16":"tag-reyes-magos","17":"tag-spain"},"share_on_mastodon":{"url":"https:\/\/pubeurope.com\/@es\/115829892967225082","error":""},"_links":{"self":[{"href":"https:\/\/www.europesays.com\/es\/wp-json\/wp\/v2\/posts\/320424","targetHints":{"allow":["GET"]}}],"collection":[{"href":"https:\/\/www.europesays.com\/es\/wp-json\/wp\/v2\/posts"}],"about":[{"href":"https:\/\/www.europesays.com\/es\/wp-json\/wp\/v2\/types\/post"}],"author":[{"embeddable":true,"href":"https:\/\/www.europesays.com\/es\/wp-json\/wp\/v2\/users\/2"}],"replies":[{"embeddable":true,"href":"https:\/\/www.europesays.com\/es\/wp-json\/wp\/v2\/comments?post=320424"}],"version-history":[{"count":0,"href":"https:\/\/www.europesays.com\/es\/wp-json\/wp\/v2\/posts\/320424\/revisions"}],"wp:featuredmedia":[{"embeddable":true,"href":"https:\/\/www.europesays.com\/es\/wp-json\/wp\/v2\/media\/320425"}],"wp:attachment":[{"href":"https:\/\/www.europesays.com\/es\/wp-json\/wp\/v2\/media?parent=320424"}],"wp:term":[{"taxonomy":"category","embeddable":true,"href":"https:\/\/www.europesays.com\/es\/wp-json\/wp\/v2\/categories?post=320424"},{"taxonomy":"post_tag","embeddable":true,"href":"https:\/\/www.europesays.com\/es\/wp-json\/wp\/v2\/tags?post=320424"}],"curies":[{"name":"wp","href":"https:\/\/api.w.org\/{rel}","templated":true}]}}