{"id":320426,"date":"2026-01-03T07:06:08","date_gmt":"2026-01-03T07:06:08","guid":{"rendered":"https:\/\/www.europesays.com\/es\/320426\/"},"modified":"2026-01-03T07:06:08","modified_gmt":"2026-01-03T07:06:08","slug":"los-espias-que-no-aparecen-en-anatomia-de-un-instante","status":"publish","type":"post","link":"https:\/\/www.europesays.com\/es\/320426\/","title":{"rendered":"Los esp\u00edas que no aparecen en &#8216;Anatom\u00eda de un instante&#8217;"},"content":{"rendered":"<p>La serie de Movistar sobre el <a href=\"https:\/\/theobjective.com\/etiqueta\/23-f\/\" rel=\"nofollow noopener\" target=\"_blank\">23-F<\/a>, Anatom\u00eda de un instante, aparece un par de meses antes de que se cumplan 45 a\u00f1os de un acontecimiento que pudo llevar a Espa\u00f1a al caos y haber puesto fin a la democracia. Es la primera reflexi\u00f3n en ese formato hecha para televisi\u00f3n y vendr\u00e1n otras en medios distintos. Me ha gustado la serie, grandes actores, buenos perfiles de los personajes y una trama interesante, en especial para los que menos conozcan la realidad de aquel <a href=\"https:\/\/theobjective.com\/etiqueta\/golpe-de-estado\/\" rel=\"nofollow noopener\" target=\"_blank\">golpe de Estado<\/a>. <strong>Desde mi perspectiva de periodista y profesor universitario especializado en servicios de inteligencia, echo de menos la inclusi\u00f3n de lo que ocurri\u00f3 en las alcantarillas del poder, la presencia en las sombras de los esp\u00edas que movieron los hilos del golpe.<\/strong> Me gustar\u00eda destacar algunos puntos relevantes de esos agentes que no aparecen con la intenci\u00f3n de rellenar el mosaico:<\/p>\n<ul class=\"wp-block-list\">\n<li>En el juicio celebrado en 1982, no se tuvieron en cuenta, a pesar de su relevancia, las versiones sostenidas por personas que tuvieron conocimiento directo de los hechos. No apareci\u00f3 el informe de investigaci\u00f3n interna del servicio secreto, entonces Cesid, con la integridad de las declaraciones incriminatorias contra algunos acusados y contra otros que no estaban en la sala. Fue el llamado \u00abInforme J\u00e1udenes\u00bb. <strong>Como secretario general y hombre fuerte del espionaje, Javier Calder\u00f3n intent\u00f3 establecer una versi\u00f3n oficial de los hechos que todo el servicio deb\u00eda seguir:<\/strong> no deb\u00edan secundar lo que \u00e9l consideraba versiones tendenciosas que pretend\u00edan la desintegraci\u00f3n del Ej\u00e9rcito.\n<p>Las palabras de Juan Alberto Perote, jefe de la unidad operativa, un testigo directo de primera mano, son demoledoras: \u00abSustitu\u00ed a Cortina en el mando de la AOME \u2014Agrupaci\u00f3n Operativa de Misiones Especiales\u2014 y <strong>tuve acceso a las pruebas concluyentes que demuestran que agentes a sus \u00f3rdenes participaron en el asalto al Congreso<\/strong>. Conoc\u00ed tambi\u00e9n los intentos que desde la direcci\u00f3n del Cesid se hicieron para ocultarlo y dispuse de la documentaci\u00f3n que se ocult\u00f3 a las defensas en el juicio de Campamento. Documentaci\u00f3n que sin lugar a dudas servir\u00eda para invalidar el juicio\u00bb.<\/p>\n<\/li>\n<\/ul>\n<p>Reuniones secretas en Zarzuela<\/p>\n<ul class=\"wp-block-list\">\n<li>Durante los a\u00f1os 1980 y 1981, Cortina acudi\u00f3 al palacio de la Zarzuela sin dejar huella, no conven\u00eda que se supiera que el jefe de la unidad operativa del Cesid se ve\u00eda con el jefe del Estado. Estas reuniones las acredit\u00f3 personal cualificado de la Casa Real como Sabino Fern\u00e1ndez Campo, a la escritora Pilar Urbano \u2014\u00abY por la puerta trasera, visitaban al Rey sin control ni registro Manolo Prado\u2026 el comandante Cortina del Cesid\u00bb\u2014 y las neg\u00f3 Cortina.<strong> Este visit\u00f3 al Rey con datos preocupantes recogidos en los estados de opini\u00f3n de los cuarteles. Le reiteraba lo que ya conoc\u00eda sobre los problemas que causaban el malestar \u2014terrorismo, comunistas, socialistas, delincuencia, manifestaciones\u2014 y le empez\u00f3 a aportar detalles calientes sobre movimientos involucionistas<\/strong>. Juan Carlos le preguntaba, como a muchos otros, qu\u00e9 soluciones ve\u00eda. Cortina apareci\u00f3 un d\u00eda en su despacho y le record\u00f3 la Operaci\u00f3n Golpe de Tim\u00f3n, la que finalmente intent\u00f3 aplicar Alfonso Armada.\u00a0<\/li>\n<\/ul>\n<ul class=\"wp-block-list\">\n<li>El factor exterior era de vital importancia cuando los conspiradores pusieron en marcha la operaci\u00f3n en 1980. El golpe no iba a ser \u00abun asunto interno espa\u00f1ol\u00bb, como declarar\u00eda hip\u00f3critamente m\u00e1s tarde el secretario de Estado del presidente Reagan, Alexander Haig. <strong>Cortina se ocup\u00f3 personalmente del flanco internacional. Manten\u00eda unas estupendas relaciones con Ronald Edward Estes, jefe de estaci\u00f3n de la CIA en Madrid<\/strong>. En determinado momento entr\u00f3 en juego el embajador de Estados Unidos, Terence Todman, al que desvel\u00f3 los planes de una manera discreta. Cortina tambi\u00e9n fue responsable de los contactos con la Santa Sede.<\/li>\n<\/ul>\n<p>La \u00aboperaci\u00f3n tenedor\u00bb<\/p>\n<ul class=\"wp-block-list\">\n<li>El Rey nunca se dio por enterado de los planes de Armada y Cortina. <strong>Desde el momento que recibi\u00f3 informaci\u00f3n de la Operaci\u00f3n Golpe de tim\u00f3n dej\u00f3 claro que no aceptar\u00eda nada que estuviera fuera de la Constituci\u00f3n<\/strong>, no pod\u00eda haber derramamiento de sangre y deb\u00eda contar con el consenso de las principales fuerzas pol\u00edticas.<\/li>\n<\/ul>\n<ul class=\"wp-block-list\">\n<li>Las investigaciones de varios acreditados periodistas llegan a concluir que, desde el Cesid<strong>, se cre\u00f3 para Armada un staff pol\u00edtico y de enlace <\/strong>que, adem\u00e1s de tenerle informado, le proporcionaba contactos explicativos con parlamentarios; dise\u00f1ando marketing sobre la operaci\u00f3n y sobre el personaje Armada ante empresarios y banqueros, haci\u00e9ndoles ver las futuras ventajas; e intoxicando a periodistas de muchos peri\u00f3dicos.<\/li>\n<\/ul>\n<ul class=\"wp-block-list\">\n<li>Otra de las acciones importantes en las alcantarillas fue la obtenci\u00f3n de informaci\u00f3n sobre las posturas de personalidades influyentes. Los grupos operativos hab\u00edan puesto en marcha durante la Transici\u00f3n la Operaci\u00f3n Tenedor, que les vino de perlas en ese momento. <strong>Su objetivo era escuchar las conversaciones de los poderosos cuando estuvieran convencidos de estar a salvo de o\u00eddos indiscretos<\/strong>. Conversaciones que manten\u00edan en restaurantes elitistas, en un ambiente relajado.<\/li>\n<\/ul>\n","protected":false},"excerpt":{"rendered":"La serie de Movistar sobre el 23-F, Anatom\u00eda de un instante, aparece un par de meses antes de&hellip;\n","protected":false},"author":2,"featured_media":320427,"comment_status":"","ping_status":"","sticky":false,"template":"","format":"standard","meta":{"footnotes":""},"categories":[171],"tags":[54901,74643,17977,146,147,25,24,17978,303,32332,23,214],"class_list":{"0":"post-320426","1":"post","2":"type-post","3":"status-publish","4":"format-standard","5":"has-post-thumbnail","7":"category-tv","8":"tag-23-f","9":"tag-adolfo-suu00e1rez-gonzu00e1lez","10":"tag-el-buzu00f3n-secreto","11":"tag-entertainment","12":"tag-entretenimiento","13":"tag-es","14":"tag-espana","15":"tag-espu00edas","16":"tag-movistar","17":"tag-series-de-televisiu00f3n","18":"tag-spain","19":"tag-tv"},"share_on_mastodon":{"url":"https:\/\/pubeurope.com\/@es\/115829904642350978","error":""},"_links":{"self":[{"href":"https:\/\/www.europesays.com\/es\/wp-json\/wp\/v2\/posts\/320426","targetHints":{"allow":["GET"]}}],"collection":[{"href":"https:\/\/www.europesays.com\/es\/wp-json\/wp\/v2\/posts"}],"about":[{"href":"https:\/\/www.europesays.com\/es\/wp-json\/wp\/v2\/types\/post"}],"author":[{"embeddable":true,"href":"https:\/\/www.europesays.com\/es\/wp-json\/wp\/v2\/users\/2"}],"replies":[{"embeddable":true,"href":"https:\/\/www.europesays.com\/es\/wp-json\/wp\/v2\/comments?post=320426"}],"version-history":[{"count":0,"href":"https:\/\/www.europesays.com\/es\/wp-json\/wp\/v2\/posts\/320426\/revisions"}],"wp:featuredmedia":[{"embeddable":true,"href":"https:\/\/www.europesays.com\/es\/wp-json\/wp\/v2\/media\/320427"}],"wp:attachment":[{"href":"https:\/\/www.europesays.com\/es\/wp-json\/wp\/v2\/media?parent=320426"}],"wp:term":[{"taxonomy":"category","embeddable":true,"href":"https:\/\/www.europesays.com\/es\/wp-json\/wp\/v2\/categories?post=320426"},{"taxonomy":"post_tag","embeddable":true,"href":"https:\/\/www.europesays.com\/es\/wp-json\/wp\/v2\/tags?post=320426"}],"curies":[{"name":"wp","href":"https:\/\/api.w.org\/{rel}","templated":true}]}}