{"id":320467,"date":"2026-01-03T07:46:09","date_gmt":"2026-01-03T07:46:09","guid":{"rendered":"https:\/\/www.europesays.com\/es\/320467\/"},"modified":"2026-01-03T07:46:09","modified_gmt":"2026-01-03T07:46:09","slug":"caja-rural-rga-ya-tiene-plan-para-fernando-gaviria","status":"publish","type":"post","link":"https:\/\/www.europesays.com\/es\/320467\/","title":{"rendered":"Caja Rural-RGA ya tiene plan para Fernando Gaviria"},"content":{"rendered":"<p class=\"paragraph\">El <b>equipo navarro Caja Rural-RGA<\/b> hizo este viernes p\u00fablicas las im\u00e1genes de sus nuevos corredores, con sus nuevos colores para 2026. Y por encima de ellos destaca el fichaje del <b>esprinter colombiano, Fernando Gaviria, procedente del Movistar Team <\/b>y que es la apuesta del conjunto verde para la campa\u00f1a en la que disputar\u00e1 todo el calendario Pro Series.\u00a0<\/p>\n<p class=\"paragraph\">Gaviria, que tiene 31 a\u00f1os y es profesional desde la temporada 2015 debutar\u00e1 en el <b>Tour de Alula (27 al 31 de enero)<\/b>, para despu\u00e9s competir en la<b> Vuelta a Valencia (4 al 8 de febrero), Cl\u00e1sica de Almer\u00eda (15 de febrero) y la Vuelta a Andaluc\u00eda (18 al 22 de febrero)<\/b> ser\u00eda su men\u00fa para los meses de enero y febrero.<\/p>\n<p class=\"paragraph\">\u00a0El esprinter de La Ceja proviene del Movistar Team, donde ha competido las tres \u00faltimas campa\u00f1as. <b>Tres a\u00f1os en los que consigui\u00f3 tres triunfos<\/b>. En 2025 no gan\u00f3, ni tampoco consigui\u00f3 ning\u00fan podio. Su \u00faltima carrera fue el Tour de Guangxi, con dos top 10 (un quinto y un octavo).<\/p>\n<p>Te puede interesar<img decoding=\"async\" loading=\"lazy\" alt=\"Abel Balderstone, del equipo navarro Caja Rural-Seguros RGA, celebra el triunfo\" width=\"396\" height=\"252\" src=\"https:\/\/www.europesays.com\/es\/wp-content\/uploads\/2026\/01\/68b59f073cafa.jpeg\"\/><\/p>\n","protected":false},"excerpt":{"rendered":"El equipo navarro Caja Rural-RGA hizo este viernes p\u00fablicas las im\u00e1genes de sus nuevos corredores, con sus nuevos&hellip;\n","protected":false},"author":2,"featured_media":320468,"comment_status":"","ping_status":"","sticky":false,"template":"","format":"standard","meta":{"footnotes":""},"categories":[273],"tags":[8221,313,312,168,25,24,2421,2568,15198,2241,23,167],"class_list":{"0":"post-320467","1":"post","2":"type-post","3":"status-publish","4":"format-standard","5":"has-post-thumbnail","7":"category-ciclismo","8":"tag-caja","9":"tag-ciclismo","10":"tag-cycling","11":"tag-deportes","12":"tag-es","13":"tag-espana","14":"tag-fernando","15":"tag-plan","16":"tag-rga","17":"tag-rural","18":"tag-spain","19":"tag-sports"},"share_on_mastodon":{"url":"https:\/\/pubeurope.com\/@es\/115830061982127869","error":""},"_links":{"self":[{"href":"https:\/\/www.europesays.com\/es\/wp-json\/wp\/v2\/posts\/320467","targetHints":{"allow":["GET"]}}],"collection":[{"href":"https:\/\/www.europesays.com\/es\/wp-json\/wp\/v2\/posts"}],"about":[{"href":"https:\/\/www.europesays.com\/es\/wp-json\/wp\/v2\/types\/post"}],"author":[{"embeddable":true,"href":"https:\/\/www.europesays.com\/es\/wp-json\/wp\/v2\/users\/2"}],"replies":[{"embeddable":true,"href":"https:\/\/www.europesays.com\/es\/wp-json\/wp\/v2\/comments?post=320467"}],"version-history":[{"count":0,"href":"https:\/\/www.europesays.com\/es\/wp-json\/wp\/v2\/posts\/320467\/revisions"}],"wp:featuredmedia":[{"embeddable":true,"href":"https:\/\/www.europesays.com\/es\/wp-json\/wp\/v2\/media\/320468"}],"wp:attachment":[{"href":"https:\/\/www.europesays.com\/es\/wp-json\/wp\/v2\/media?parent=320467"}],"wp:term":[{"taxonomy":"category","embeddable":true,"href":"https:\/\/www.europesays.com\/es\/wp-json\/wp\/v2\/categories?post=320467"},{"taxonomy":"post_tag","embeddable":true,"href":"https:\/\/www.europesays.com\/es\/wp-json\/wp\/v2\/tags?post=320467"}],"curies":[{"name":"wp","href":"https:\/\/api.w.org\/{rel}","templated":true}]}}