{"id":320475,"date":"2026-01-03T07:51:12","date_gmt":"2026-01-03T07:51:12","guid":{"rendered":"https:\/\/www.europesays.com\/es\/320475\/"},"modified":"2026-01-03T07:51:12","modified_gmt":"2026-01-03T07:51:12","slug":"la-conexion-con-formentera-del-mejor-campus-universitario-del-mundo","status":"publish","type":"post","link":"https:\/\/www.europesays.com\/es\/320475\/","title":{"rendered":"La conexi\u00f3n con Formentera del mejor campus universitario del mundo"},"content":{"rendered":"<p class=\"ft-text ft-helper-closenews\">La Unesco ha decidido: el Campus LCI Barcelona en Poblenou es el edificio educativo m\u00e1s bonito del mundo. El World Prix Versailles 2025, concedido el 4 de diciembre en Par\u00eds, sit\u00faa al campus barcelon\u00e9s entre los proyectos universitarios m\u00e1s destacados a escala global por su calidad arquitect\u00f3nica, su aportaci\u00f3n urbana y su enfoque en sostenibilidad inteligente. El premio, promovido internacionalmente con el apoyo de la Unesco, no es un concurso de belleza. Es una declaraci\u00f3n de valores.<\/p>\n<p><img decoding=\"async\" src=\"https:\/\/www.europesays.com\/es\/wp-content\/uploads\/2026\/01\/1165014c-17b2-4a2d-a367-e308a67853e0_alta-libre-aspect-ratio_default_0.jpg\" width=\"1200\" height=\"774\" alt=\"Vistas exteriores e interiores del Campus LCI Barcelona en Poblenou de Circular Studio. | JULIO TAVOLO\" class=\"ft-helper-img-rd\" loading=\"lazy\"\/><\/p>\n<p class=\"ft-helper-fontColor-quaternary ft-helper-fontSize-body-S ft-helper-spacer-t-xxs\">Vistas exteriores e interiores del Campus LCI Barcelona en Poblenou de Circular Studio. | JULIO TAVOLO <\/p>\n<p class=\"ft-text\">Detr\u00e1s del proyecto est\u00e1 Circular Studio, fundado en Barcelona en 2006 por el arquitecto Iv\u00e1n Serrano, cuya trayectoria mantiene una vinculaci\u00f3n directa con las Pitiusas. Casado con una formenterense, Serrano colabora con el arquitecto brit\u00e1nico Bill Wright, su suegro, pionero de la arquitectura respetuosa con el entorno afincado en <a class=\"ft-link ft-link--decoration\" href=\"https:\/\/www.diariodeibiza.es\/tags\/formentera\/\" rel=\"nofollow noopener\" target=\"_blank\">Formentera<\/a> desde 1968. Wright lleva m\u00e1s de cincuenta a\u00f1os rehabilitando fincas tradicionales con el mismo principio que define a Circular Studio: respeto por la arquitectura local combinado con t\u00e9cnicas contempor\u00e1neas. Fernando Ansorena se incorpor\u00f3 como socio del estudio en 2014.<\/p>\n<p><img decoding=\"async\" src=\"https:\/\/www.europesays.com\/es\/wp-content\/uploads\/2026\/01\/827b5f28-726f-4759-9d6a-490cac577dc7_alta-libre-aspect-ratio_default_0.jpg\" width=\"1200\" height=\"774\" alt=\"La conexi\u00f3n con Formentera del mejor campus universitario del mundo | PEDRO NOGUERA\" class=\"ft-helper-img-rd\" loading=\"lazy\"\/><\/p>\n<p class=\"ft-helper-fontColor-quaternary ft-helper-fontSize-body-S ft-helper-spacer-t-xxs\">La conexi\u00f3n con Formentera del mejor campus universitario del mundo | PEDRO NOGUERA <\/p>\n<p class=\"ft-text\">En la edici\u00f3n 2025, el campus fue seleccionado frente a proyectos de referencia internacional en Copenhague, Shanghai, Oxford y Leiden. Circular Studio se impuso a esta \u00e9lite internacional con un edificio que es un campus vertical: siete plantas sobre tierra, cerca de 12.000 metros cuadrados con capacidad para aproximadamente 3.000 estudiantes, el triple que en la ubicaci\u00f3n anterior.<\/p>\n<p><img decoding=\"async\" src=\"https:\/\/www.europesays.com\/es\/wp-content\/uploads\/2026\/01\/7d1fb028-63f0-4d3d-a168-157cc429de84_alta-libre-aspect-ratio_default_0.jpg\" width=\"1200\" height=\"773\" alt=\"La conexi\u00f3n con Formentera del mejor campus universitario del mundo | SALVA L\u00d3PEZ\" class=\"ft-helper-img-rd\" loading=\"lazy\"\/><\/p>\n<p class=\"ft-helper-fontColor-quaternary ft-helper-fontSize-body-S ft-helper-spacer-t-xxs\">La conexi\u00f3n con Formentera del mejor campus universitario del mundo | SALVA L\u00d3PEZ <\/p>\n<p class=\"ft-text\">Su concepto innovador se llama Plaza Vertical, un camino diagonal que sustituye la circulaci\u00f3n tradicional y redefine los espacios de tr\u00e1nsito como lugares de encuentro, trabajo y exposici\u00f3n. Como explica Serrano: \u00abPara nosotros fue un reto crear estos caminos que no solo parten del n\u00facleo de circulaci\u00f3n principal, sino que generan un recorrido que crea interacci\u00f3n entre los estudiantes\u00bb. Este espacio obliga a que estudiantes de Moda, Videojuegos, Animaci\u00f3n y Fotograf\u00eda se encuentren no en aulas, sino en el movimiento mismo.<\/p>\n<p><img decoding=\"async\" src=\"https:\/\/www.europesays.com\/es\/wp-content\/uploads\/2026\/01\/4e3adeb1-794e-40a6-ae20-562dedd2ea05_alta-libre-aspect-ratio_default_0.jpg\" width=\"1200\" height=\"722\" alt=\"La conexi\u00f3n con Formentera del mejor campus universitario del mundo | JULIO TAVOLO\" class=\"ft-helper-img-rd\" loading=\"lazy\"\/><\/p>\n<p class=\"ft-helper-fontColor-quaternary ft-helper-fontSize-body-S ft-helper-spacer-t-xxs\">La conexi\u00f3n con Formentera del mejor campus universitario del mundo | JULIO TAVOLO <\/p>\n<p class=\"ft-text\">La arquitectura hace referencia a las columnatas cl\u00e1sicas, interpretadas con medios del siglo XXI: marcos met\u00e1licos, vidrio, aluminio, todo 100% reciclable. La luz cae oblicuamente sobre la fachada modular de aluminio. El recubrimiento transl\u00facido refleja sin deslumbrar, bloquea la radiaci\u00f3n solar directa y maximiza la luz indirecta. Su geometr\u00eda act\u00faa como sistema de control solar, permitiendo regular la iluminaci\u00f3n, reducir la demanda energ\u00e9tica y dotar al conjunto de una imagen cambiante seg\u00fan la luz y la hora del d\u00eda.<\/p>\n<p><img decoding=\"async\" src=\"https:\/\/www.europesays.com\/es\/wp-content\/uploads\/2026\/01\/19994e2b-d2f0-4576-bd31-aeb0b63343df_alta-libre-aspect-ratio_default_0.jpg\" width=\"1200\" height=\"722\" alt=\"La conexi\u00f3n con Formentera del mejor campus universitario del mundo | JULIO TAVOLO\" class=\"ft-helper-img-rd\" loading=\"lazy\"\/><\/p>\n<p class=\"ft-helper-fontColor-quaternary ft-helper-fontSize-body-S ft-helper-spacer-t-xxs\">La conexi\u00f3n con Formentera del mejor campus universitario del mundo | JULIO TAVOLO <\/p>\n<p class=\"ft-text\">La planta baja se plantea como un espacio permeable y transparente, retranqueado para ampliar el \u00e1mbito p\u00fablico. Los accesos atraviesan el edificio y conectan la calle con un espacio interior de uso colectivo que incluye dos grandes salas flexibles bajo tierra inundadas de luz natural, diluyendo los l\u00edmites entre campus y ciudad.<\/p>\n<p class=\"ft-text\">El Campus LCI se inscribe en el contexto hist\u00f3rico de Poblenou, el antiguo Manchester catal\u00e1n reconvertido por el plan 22@. Responde con una plaza p\u00fablica que incorpora el espacio social en lugar de desplazarlo.<\/p>\n<p class=\"ft-text\"><strong>Referencia internacional<\/strong><\/p>\n<p class=\"ft-text\">La sostenibilidad no es aqu\u00ed un eslogan: certificaci\u00f3n energ\u00e9tica A y Breeam Excellent. El edificio incorpora conexi\u00f3n a Districlima, energ\u00eda fotovoltaica, reutilizaci\u00f3n de aguas grises y cubierta vegetal.<\/p>\n<p class=\"ft-text\">LCI Education invierte con este campus en la posici\u00f3n de Barcelona como centro creativo global, esperando generar 41 millones de euros anuales. Con este reconocimiento, el Campus LCI Barcelona se consolida como una referencia internacional en arquitectura educativa contempor\u00e1nea.<\/p>\n<p class=\"ft-text\">El estudio demuestra que la arquitectura contempor\u00e1nea no tiene que elegir entre funcionalismo est\u00e9ril y arquitectura de autor: existe un tercer camino, conceptualmente claro, materialmente honesto, urbanamente integrado.<\/p>\n<p data-close=\"closedContent\" class=\"subscribeHideForDisplay\">Suscr\u00edbete para seguir leyendo<\/p>\n","protected":false},"excerpt":{"rendered":"La Unesco ha decidido: el Campus LCI Barcelona en Poblenou es el edificio educativo m\u00e1s bonito del mundo.&hellip;\n","protected":false},"author":2,"featured_media":320476,"comment_status":"","ping_status":"","sticky":false,"template":"","format":"standard","meta":{"footnotes":""},"categories":[173],"tags":[801,229,233,231,230,210,2741,22181,232,234,146,147,25,10558,24,615,1875,1684,23,6807],"class_list":{"0":"post-320475","1":"post","2":"type-post","3":"status-publish","4":"format-standard","5":"has-post-thumbnail","7":"category-arte-y-diseno","8":"tag-arquitectura","9":"tag-arte","10":"tag-arte-y-diseno","11":"tag-arts","12":"tag-arts-and-design","13":"tag-barcelona","14":"tag-campus","15":"tag-conexion","16":"tag-design","17":"tag-diseno","18":"tag-entertainment","19":"tag-entretenimiento","20":"tag-es","21":"tag-espacio","22":"tag-espana","23":"tag-formentera","24":"tag-luz","25":"tag-mejor","26":"tag-spain","27":"tag-universitario"},"share_on_mastodon":{"url":"https:\/\/pubeurope.com\/@es\/115830081715555835","error":""},"_links":{"self":[{"href":"https:\/\/www.europesays.com\/es\/wp-json\/wp\/v2\/posts\/320475","targetHints":{"allow":["GET"]}}],"collection":[{"href":"https:\/\/www.europesays.com\/es\/wp-json\/wp\/v2\/posts"}],"about":[{"href":"https:\/\/www.europesays.com\/es\/wp-json\/wp\/v2\/types\/post"}],"author":[{"embeddable":true,"href":"https:\/\/www.europesays.com\/es\/wp-json\/wp\/v2\/users\/2"}],"replies":[{"embeddable":true,"href":"https:\/\/www.europesays.com\/es\/wp-json\/wp\/v2\/comments?post=320475"}],"version-history":[{"count":0,"href":"https:\/\/www.europesays.com\/es\/wp-json\/wp\/v2\/posts\/320475\/revisions"}],"wp:featuredmedia":[{"embeddable":true,"href":"https:\/\/www.europesays.com\/es\/wp-json\/wp\/v2\/media\/320476"}],"wp:attachment":[{"href":"https:\/\/www.europesays.com\/es\/wp-json\/wp\/v2\/media?parent=320475"}],"wp:term":[{"taxonomy":"category","embeddable":true,"href":"https:\/\/www.europesays.com\/es\/wp-json\/wp\/v2\/categories?post=320475"},{"taxonomy":"post_tag","embeddable":true,"href":"https:\/\/www.europesays.com\/es\/wp-json\/wp\/v2\/tags?post=320475"}],"curies":[{"name":"wp","href":"https:\/\/api.w.org\/{rel}","templated":true}]}}