{"id":320492,"date":"2026-01-03T08:01:08","date_gmt":"2026-01-03T08:01:08","guid":{"rendered":"https:\/\/www.europesays.com\/es\/320492\/"},"modified":"2026-01-03T08:01:08","modified_gmt":"2026-01-03T08:01:08","slug":"reportan-explosiones-y-sobrevuelo-de-aviones-en-caracas-y-otras-partes-del-pais-y-el-gobierno-de-maduro-denuncia-una-agresion-militar-de-ee-uu","status":"publish","type":"post","link":"https:\/\/www.europesays.com\/es\/320492\/","title":{"rendered":"Reportan explosiones y sobrevuelo de aviones en Caracas y otras partes del pa\u00eds y el gobierno de Maduro denuncia una \u00abagresi\u00f3n militar\u00bb de EE.UU."},"content":{"rendered":"<p><img fetchpriority=\"high\" decoding=\"async\" src=\"https:\/\/www.europesays.com\/es\/wp-content\/uploads\/2026\/01\/6750cdf0-e872-11f0-aee3-97fdc522fc20.png.webp.webp\"   alt=\"\u00daltima hora\" loading=\"eager\" width=\"820\" height=\"460\" style=\"aspect-ratio:820 \/ 460\" class=\"css-1seqhu9\"\/><strong id=\"article-byline\" aria-hidden=\"true\" class=\"css-2ozlq5\">Informaci\u00f3n del art\u00edculo<\/strong><\/p>\n<ul class=\"css-1dlgp3z\">\n<li class=\"css-1s1df59\"\/>\n<li>3 enero 2026, 07:05 GMT\n<p>Actualizado 2 minutos<\/p>\n<\/li>\n<li>\n<p>Tiempo de lectura: 3 min<\/p>\n<\/li>\n<\/ul>\n<p dir=\"ltr\" class=\"css-s4cjt0 e1yuyadm0\">El gobierno de Venezuela denunci\u00f3 este s\u00e1bado una \u00abagresi\u00f3n militar\u00bb de EE.UU. despu\u00e9s de que se reportaran explosiones y el sobrevuelo de aeronaves en Caracas y otras partes del pa\u00eds.<\/p>\n<p dir=\"ltr\" class=\"css-s4cjt0 e1yuyadm0\">Videos grabados por vecinos mostraban columnas de humo y detonaciones e incluso algunas aeronaves que volaban a escasa altura.<\/p>\n<p dir=\"ltr\" class=\"css-s4cjt0 e1yuyadm0\">Varias partes de Caracas se quedaron sin electricidad, seg\u00fan reportaron vecinos y periodistas que colaboran con BBC Mundo.<\/p>\n<p dir=\"ltr\" class=\"css-s4cjt0 e1yuyadm0\">Las explosiones se empezaron a escuchar pasadas las 2:00 horas de este s\u00e1bado en lugares como la base a\u00e9rea de La Carlota, en Caracas, o zonas pr\u00f3ximas.<\/p>\n<p dir=\"ltr\" class=\"css-s4cjt0 e1yuyadm0\">\u00abLa Rep\u00fablica Bolivariana de Venezuela rechaza, repudia y denuncia ante la comunidad internacional la grav\u00edsima agresi\u00f3n militar perpetrada por el Gobierno actual de los Estados Unidosde Am\u00e9rica contra territorio y poblaci\u00f3n venezolanos en las localidades civiles y militares de la ciudad de Caracas, capital de la Rep\u00fablica, y los estados Miranda, Aragua y La Guaira\u00bb. <\/p>\n<p dir=\"ltr\" class=\"css-s4cjt0 e1yuyadm0\">\u00abTal agresi\u00f3n amenaza la paz y estabilidad internacional, concretamente de Am\u00e9rica Latina y el Caribe, y pone en grave riesgo la vida de millones de personas\u00bb, agreg\u00f3 el gobierno en un comunicado.<\/p>\n<p dir=\"ltr\" class=\"css-s4cjt0 e1yuyadm0\">\u00abEl intento de imponer una guerra colonial para destruir la forma republicana de gobierno y forzar un cambio de r\u00e9gimen, en alianza con la oligarqu\u00eda fascista fracasar\u00e1 como todos los intentos anteriores\u00bb.<\/p>\n<p dir=\"ltr\" class=\"css-s4cjt0 e1yuyadm0\">El gobierno llam\u00f3 \u00aba todas las fuerzas sociales y pol\u00edticas del pa\u00eds a activar los planes de movilizaci\u00f3n y repudiar este ataque imperialista\u00bb. <\/p>\n<p dir=\"ltr\" class=\"css-s4cjt0 e1yuyadm0\">El presidente Nicol\u00e1s Maduro, dijo el gobierno, firm\u00f3 y orden\u00f3 el \u00abestado de conmoci\u00f3n exterior en todo el territorio nacional\u00bb.<\/p>\n<p dir=\"ltr\" class=\"css-s4cjt0 e1yuyadm0\">\u00abEn estricto apego al art\u00edculo 51 de la Carta de las Naciones Unidas, Venezuela se reserva el derecho a ejercer la leg\u00edtima defensa para proteger a su pueblo, su territorio y su independencia\u00bb. <\/p>\n<p dir=\"ltr\" class=\"css-s4cjt0 e1yuyadm0\">Seg\u00fan la cadena estadounidense CBS, socia de BBC en Estados Unidos, \u00abel presidente Trump orden\u00f3 los ataques en varias partes de Venezuela, incluyendo instalaciones militares\u00bb.<\/p>\n<p dir=\"ltr\" class=\"css-s4cjt0 e1yuyadm0\">Los ataques llegan en plena tensi\u00f3n entre los dos pa\u00edses. <\/p>\n<p dir=\"ltr\" class=\"css-s4cjt0 e1yuyadm0\">EE.UU. hab\u00eda incrementando la presencia militar en el Caribe en los \u00faltimos meses y hab\u00eda dejado claro que pod\u00eda haber un ataque a Venezuela en contra del gobierno que lidera Nicol\u00e1s Maduro, al que considera un presidente ileg\u00edtimo y al que vincula con el narcotr\u00e1fico.<\/p>\n<p dir=\"ltr\" class=\"css-s4cjt0 e1yuyadm0\">Esta es una noticia en desarrollo. M\u00e1s informaci\u00f3n en breve.<\/p>\n<p><img decoding=\"async\" src=\"https:\/\/www.europesays.com\/es\/wp-content\/uploads\/2026\/01\/818abde0-e870-11f0-a8dc-93c15fe68710.png.webp.webp\"   alt=\"Raya gris\" loading=\"lazy\" width=\"800\" height=\"100\" style=\"aspect-ratio:800 \/ 100\" class=\"css-1seqhu9\"\/><\/p>\n<p dir=\"ltr\" class=\"css-s4cjt0 e1yuyadm0\"><a href=\"https:\/\/www.bbc.com\/mundo\/send\/u184973209\" class=\"focusIndicatorReducedWidth css-n8oauk e1h2ur550\" rel=\"nofollow noopener\" target=\"_blank\">Suscr\u00edbete aqu\u00ed<\/a> a nuestro nuevo newsletter para recibir cada viernes una selecci\u00f3n de nuestro mejor contenido de la semana.<\/p>\n<p dir=\"ltr\" class=\"css-s4cjt0 e1yuyadm0\">Y recuerda que puedes recibir notificaciones en nuestra app. Descarga la \u00faltima versi\u00f3n y act\u00edvalas.<\/p>\n","protected":false},"excerpt":{"rendered":"Informaci\u00f3n del art\u00edculo 3 enero 2026, 07:05 GMT Actualizado 2 minutos Tiempo de lectura: 3 min El gobierno&hellip;\n","protected":false},"author":2,"featured_media":320493,"comment_status":"","ping_status":"","sticky":false,"template":"","format":"standard","meta":{"footnotes":""},"categories":[42],"tags":[17,18,13,14,11,61,62,63,64,19,20,9,10,15,16,12,21,22,65,66,67],"class_list":{"0":"post-320492","1":"post","2":"type-post","3":"status-publish","4":"format-standard","5":"has-post-thumbnail","7":"category-internacional","8":"tag-breaking-news","9":"tag-breakingnews","10":"tag-featured-news","11":"tag-featurednews","12":"tag-headlines","13":"tag-internacional","14":"tag-international","15":"tag-international-news","16":"tag-internationalnews","17":"tag-latest-news","18":"tag-latestnews","19":"tag-news","20":"tag-noticias","21":"tag-noticias-destacadas","22":"tag-noticiasdestacadas","23":"tag-titulares","24":"tag-ultimas-noticias","25":"tag-ultimasnoticias","26":"tag-world","27":"tag-world-news","28":"tag-worldnews"},"share_on_mastodon":{"url":"https:\/\/pubeurope.com\/@es\/115830120968713154","error":""},"_links":{"self":[{"href":"https:\/\/www.europesays.com\/es\/wp-json\/wp\/v2\/posts\/320492","targetHints":{"allow":["GET"]}}],"collection":[{"href":"https:\/\/www.europesays.com\/es\/wp-json\/wp\/v2\/posts"}],"about":[{"href":"https:\/\/www.europesays.com\/es\/wp-json\/wp\/v2\/types\/post"}],"author":[{"embeddable":true,"href":"https:\/\/www.europesays.com\/es\/wp-json\/wp\/v2\/users\/2"}],"replies":[{"embeddable":true,"href":"https:\/\/www.europesays.com\/es\/wp-json\/wp\/v2\/comments?post=320492"}],"version-history":[{"count":0,"href":"https:\/\/www.europesays.com\/es\/wp-json\/wp\/v2\/posts\/320492\/revisions"}],"wp:featuredmedia":[{"embeddable":true,"href":"https:\/\/www.europesays.com\/es\/wp-json\/wp\/v2\/media\/320493"}],"wp:attachment":[{"href":"https:\/\/www.europesays.com\/es\/wp-json\/wp\/v2\/media?parent=320492"}],"wp:term":[{"taxonomy":"category","embeddable":true,"href":"https:\/\/www.europesays.com\/es\/wp-json\/wp\/v2\/categories?post=320492"},{"taxonomy":"post_tag","embeddable":true,"href":"https:\/\/www.europesays.com\/es\/wp-json\/wp\/v2\/tags?post=320492"}],"curies":[{"name":"wp","href":"https:\/\/api.w.org\/{rel}","templated":true}]}}