{"id":320496,"date":"2026-01-03T08:10:07","date_gmt":"2026-01-03T08:10:07","guid":{"rendered":"https:\/\/www.europesays.com\/es\/320496\/"},"modified":"2026-01-03T08:10:07","modified_gmt":"2026-01-03T08:10:07","slug":"velocipedos-velodromos-aviocecleras-y-otros-secretos-de-la-bicicleta-en-zaragoza","status":"publish","type":"post","link":"https:\/\/www.europesays.com\/es\/320496\/","title":{"rendered":"Veloc\u00edpedos, vel\u00f3dromos, aviocecleras y otros secretos de la bicicleta en Zaragoza"},"content":{"rendered":"<p class=\"paragraph\">\u00abPoca gente hubiera apostado por el veloc\u00edpedo, all\u00e1 por el no tan lejano 1867, pero Joaqu\u00edn Costa, visionario de muchos aspectos de la modernidad, s\u00ed lo hizo\u2026 \u00a1Y vaya si acert\u00f3! La historia, mil y una veces repetida, nunca cansa al escucharla. Joaqu\u00edn Costa, paseando por los alrededores de la Exposici\u00f3n Universal de Par\u00eds de 1867, qued\u00f3 prendado de ese artefacto, la micheaulina, la creaci\u00f3n de Ernest Micheaux. <b>Dice la leyenda que hizo un boceto en un papel de fumar y lo mand\u00f3 a Huesca. Recibido \u00e9ste en la tertulia del Casino, se encarg\u00f3 al herrero Mariano Catal\u00e1n la construcci\u00f3n de la primera bicicleta en Espa\u00f1a.<\/b> Arag\u00f3n, tierra que tan poco lustre da a su propia historia, debe enorgullecerse de ser pionera en el velocipedismo en nuestro pa\u00eds\u00bb, dice Horacio Tabernero, profesor e historiador (Zaragoza, 1977, vinculado especialmente con Aguar\u00f3n), autor de un libro muy singular: Los inicios de la bicicleta en Zaragoza (2025).<\/p>\n","protected":false},"excerpt":{"rendered":"\u00abPoca gente hubiera apostado por el veloc\u00edpedo, all\u00e1 por el no tan lejano 1867, pero Joaqu\u00edn Costa, visionario&hellip;\n","protected":false},"author":2,"featured_media":320497,"comment_status":"","ping_status":"","sticky":false,"template":"","format":"standard","meta":{"footnotes":""},"categories":[273],"tags":[74667,7560,313,312,168,25,24,23,167,74668,56669,491],"class_list":{"0":"post-320496","1":"post","2":"type-post","3":"status-publish","4":"format-standard","5":"has-post-thumbnail","7":"category-ciclismo","8":"tag-aviocecleras","9":"tag-bicicleta","10":"tag-ciclismo","11":"tag-cycling","12":"tag-deportes","13":"tag-es","14":"tag-espana","15":"tag-spain","16":"tag-sports","17":"tag-velocipedos","18":"tag-velodromos","19":"tag-zaragoza"},"share_on_mastodon":{"url":"https:\/\/pubeurope.com\/@es\/115830156354265787","error":""},"_links":{"self":[{"href":"https:\/\/www.europesays.com\/es\/wp-json\/wp\/v2\/posts\/320496","targetHints":{"allow":["GET"]}}],"collection":[{"href":"https:\/\/www.europesays.com\/es\/wp-json\/wp\/v2\/posts"}],"about":[{"href":"https:\/\/www.europesays.com\/es\/wp-json\/wp\/v2\/types\/post"}],"author":[{"embeddable":true,"href":"https:\/\/www.europesays.com\/es\/wp-json\/wp\/v2\/users\/2"}],"replies":[{"embeddable":true,"href":"https:\/\/www.europesays.com\/es\/wp-json\/wp\/v2\/comments?post=320496"}],"version-history":[{"count":0,"href":"https:\/\/www.europesays.com\/es\/wp-json\/wp\/v2\/posts\/320496\/revisions"}],"wp:featuredmedia":[{"embeddable":true,"href":"https:\/\/www.europesays.com\/es\/wp-json\/wp\/v2\/media\/320497"}],"wp:attachment":[{"href":"https:\/\/www.europesays.com\/es\/wp-json\/wp\/v2\/media?parent=320496"}],"wp:term":[{"taxonomy":"category","embeddable":true,"href":"https:\/\/www.europesays.com\/es\/wp-json\/wp\/v2\/categories?post=320496"},{"taxonomy":"post_tag","embeddable":true,"href":"https:\/\/www.europesays.com\/es\/wp-json\/wp\/v2\/tags?post=320496"}],"curies":[{"name":"wp","href":"https:\/\/api.w.org\/{rel}","templated":true}]}}