{"id":320594,"date":"2026-01-03T09:28:14","date_gmt":"2026-01-03T09:28:14","guid":{"rendered":"https:\/\/www.europesays.com\/es\/320594\/"},"modified":"2026-01-03T09:28:14","modified_gmt":"2026-01-03T09:28:14","slug":"las-peliculas-invisibles-y-las-listas-de-lo-que-nadie-vio","status":"publish","type":"post","link":"https:\/\/www.europesays.com\/es\/320594\/","title":{"rendered":"Las pel\u00edculas invisibles y las listas de lo que nadie vio"},"content":{"rendered":"<p style=\"\">David Mackenzie es un barbudo brit\u00e1nico cuyo nombre, a usted, con raz\u00f3n, no le dir\u00e1 nada. En el cartel de sus pel\u00edculas, el apellido est\u00e1 siempre eclipsado por el del actor contratado para interpretar el papel que le han escrito. Mackenzie es uno m\u00e1s de  &#8230; la lista de directores que son m\u00e1s obreros que estrellas, cineastas que se dedican a sacar proyectos como sea y a los que las productoras y distribuidoras ocultan bajo el recuerdo de su obra pasada: \u00abDel director de aquella pel\u00edcula que usted vio hace 10 a\u00f1os llega ahora esta nueva pel\u00edcula que protagoniza Tom Cruise\u00bb. Son figuras ocultas que hasta la pandemia se encontraban con el p\u00fablico en los grandes cines. <\/p>\n<p class=\"voc-p\" style=\"\">Tipos como Mackenzie, <strong>Edgar Wright<\/strong>, Lasse Hallstr\u00f6m, Francis Lawrence, Marielle Heller, <strong>Adam McKay,<\/strong> Doug Liman, Scott Cooper y hasta Stephen Frears (que desde la pandemia se ha centrado en miniseries) ten\u00edan su hueco en la pantalla grande y entre cierta cinefilia. Pero su tiempo ya acab\u00f3 tras la distop\u00eda de las mascarillas, la distancia de seguridad y los cines vac\u00edos. Ahora, sus pel\u00edculas se desvanecen en las carteleras saturadas, donde nada que no sea un \u00e9xito instant\u00e1neo dura m\u00e1s de tres semanas y donde el p\u00fablico de este tipo de cineastas, un espectador adulto, que busca pel\u00edculas de g\u00e9nero y entretenidas y que se f\u00eda de la cr\u00edtica tradicional, se ha quedado hu\u00e9rfano.<\/p>\n<p class=\"voc-p\" style=\"\">Todo esto viene porque el barbudo de Mackenzie, que fue el director de &#8216;<strong>Comancher\u00eda<\/strong>&#8216;, la pel\u00edcula independiente m\u00e1s taquillera de 2016 en Espa\u00f1a (un \u00e9xito que resucit\u00f3 el w\u00e9stern sin aditivos de modernidad ni revisionismo que otros impusieron despu\u00e9s), acaba de estrenar en Movistar Plus+ &#8216;<strong>Relay<\/strong>&#8216;, un thriller de esp\u00edas can\u00f3nico e hiperentretenido sin necesidad de artificios. <\/p>\n<p class=\"voc-p\" style=\"\">En realidad, &#8216;Relay&#8217; se estren\u00f3 en Espa\u00f1a el 26 de septiembre, con la prensa de cine en el Festival de San Sebasti\u00e1n y el p\u00fablico a otras cosas. Aquel estreno en salas fue un fracaso: no se enter\u00f3 nadie. Apenas vieron &#8216;Relay&#8217; 4.733 espectadores para una recaudaci\u00f3n de 26.255 euros. Una ruina que no alcanzar\u00eda ni para pagar al estilista de Lily James durante el rodaje. &#8216;Comancher\u00eda&#8217;, que en 2016 estuvo en el top tres de las mejores pel\u00edculas del a\u00f1o para ABC, super\u00f3 de largo el mill\u00f3n de euros. El w\u00e9stern era mejor pel\u00edcula que el thriller de 2025, pero, y perdonen el atrevimiento, si &#8216;Relay&#8217; se hubiera estrenado en 2016 y &#8216;Comancher\u00eda&#8217; este septiembre, las cifras de recaudaci\u00f3n no cambiar\u00edan. Es lo que hay: el fin de una \u00e9poca para este tipo de pel\u00edculas.<\/p>\n<p><img decoding=\"async\" loading=\"lazy\" src=\"https:\/\/www.europesays.com\/es\/wp-content\/uploads\/2026\/01\/Warfare-Charles-Melton-U85670011543NWG-758x470@diario_abc.jpg\" class=\"voc-d-c-combo-3__img\" width=\"758\" height=\"470\" alt=\"Imagen principal - Fotogramas de 'Warfare', 'La larga marcha' y 'Weapons'\"\/><\/p>\n<p><img decoding=\"async\" loading=\"lazy\" src=\"https:\/\/www.europesays.com\/es\/wp-content\/uploads\/2026\/01\/cast-of-the-long-walk-U68086814046Qea-464x329@diario_abc.jpg\" class=\"voc-d-c-combo-3__img\" width=\"464\" height=\"329\" alt=\"Imagen secundaria 1 - Fotogramas de 'Warfare', 'La larga marcha' y 'Weapons'\"\/><\/p>\n<p><img decoding=\"async\" loading=\"lazy\" src=\"https:\/\/www.europesays.com\/es\/wp-content\/uploads\/2026\/01\/fotograma-wepons-U28567257726oCN-278x329@diario_abc.jpg\" class=\"voc-d-c-combo-3__img\" width=\"278\" height=\"329\" alt=\"Imagen secundaria 2 - Fotogramas de 'Warfare', 'La larga marcha' y 'Weapons'\"\/><\/p>\n<p>Fotogramas de &#8216;Warfare&#8217;, &#8216;La larga marcha&#8217; y &#8216;Weapons&#8217;<\/p>\n<p class=\"voc-p\" style=\"\">Como &#8216;Relay&#8217;, ahora entre lo m\u00e1s visto de Movistar Plus+, pel\u00edculas como &#8216;Warfare: tiempo de guerra&#8217; vivieron una explosi\u00f3n similar tras su paso a la plataforma. En el caso de la cinta de Alex Garland, fue Prime Video en la que se situ\u00f3 entre lo m\u00e1s visto, en contraste con los apenas 73.000 espectadores que pasaron por taquilla. Le ha ocurrido lo mismo a otra gran pel\u00edcula, &#8216;La larga marcha&#8217;, que se estren\u00f3 en octubre y apenas ha estado seis semanas en cartel para un total de 48.978 espectadores. Igual que &#8216;The Running Man&#8217;, de <strong>Edgar Wrigh<\/strong>t y con un elenco estelar, que vendi\u00f3 65.000 entradas. Cuando lleguen en unos meses a la plataforma, se convertir\u00e1n en una de las m\u00e1s vistas. Es el sino de estos tiempos donde para que alguien apague la tele y vaya a una sala de cine -m\u00e1s all\u00e1 de los fijos, que cada vez son menos- tiene que estar ante la sensaci\u00f3n de un &#8216;evento&#8217;, de no querer perderse esa pel\u00edcula &#8216;delaquetodoelmundohabla&#8217;. Pas\u00f3, por suerte, con &#8216;Sirat&#8217; o con &#8216;Los domingos&#8217; en el caso de t\u00edtulos espa\u00f1oles, o con &#8216;Weapons&#8217; en el g\u00e9nero de terror. Pero poco m\u00e1s. <\/p>\n<p class=\"voc-p\" style=\"\">Hasta la pandemia, las pel\u00edculas independientes de p\u00fablico adulto se acercaban al mill\u00f3n de euros con relativa facilidad en cuanto tuvieran un nombre potente y la prensa hablara de ellos. Ahora, ese p\u00fablico adulto se guarda la recomendaci\u00f3n para cuando se estrene en &#8216;streaming&#8217;. Porque todav\u00eda, aunque a algunos les pese, la prensa sigue haciendo de prescriptor. M\u00e1s que las redes sociales, menos -quiz\u00e1- que el algoritmo.<\/p>\n<p class=\"voc-p\" style=\"\">As\u00ed llegamos a las listas de lo mejor del a\u00f1o, que no dejan de ser una forma como otra cualquiera de jugar a la prescripci\u00f3n con menos esfuerzo y mejor resultado. Hay una frase que dijo Jorge Carri\u00f3n hace casi una d\u00e9cada que resume todo esto: \u00abLa lista es un formato de falso periodismo cultural\u00bb. Vicente Monroy, en X, expuso hace poco: \u00abMe gustan las listas de mejores pel\u00edculas del a\u00f1o porque dicen muy poco de las pel\u00edculas pero mucho de quien las firma: d\u00f3nde sit\u00faa el centro del cine, de qu\u00e9 mecanismos de legitimaci\u00f3n es esclavo -festivales, premios, autores, narrativas oficiales- y desde d\u00f3nde mira el mundo\u00bb. <\/p>\n<p class=\"voc-p\" style=\"\">Si compar\u00e1semos las listas de lo mejor del a\u00f1o de algunos cr\u00edticos con las pel\u00edculas a las que dieron cuatro estrellas apenas unos meses antes, ver\u00edamos que vivimos en una simulaci\u00f3n donde las modas -y las amistades- vertebran m\u00e1s las rese\u00f1as que el criterio propio.<\/p>\n<p class=\"voc-p\" style=\"\">Pasa lo mismo en la literatura y se multiplica en las series. Todo es el ahora, el ya, el quedar bien recomendando esa pel\u00edcula que yo vi antes que t\u00fa en aquel festival y que, tres meses despu\u00e9s, cuando hasta el frutero dice que es magn\u00edfica, yo ya digo que est\u00e1 sobrevalorada, que la buena es esa que solo tiene una nominaci\u00f3n al Oscar porque los acad\u00e9micos saben menos que yo. <\/p>\n<p class=\"voc-p\" style=\"\">Mientras, los cineastas que hasta hace no mucho llevaban a cientos de miles de personas al cine se conforman con encontrar una segunda vida en las plataformas, lejos ya de cualquier oportunidad de colarse en las listas con lo mejor del a\u00f1o. Pero, en realidad, \u00bfqui\u00e9n querr\u00eda estar ah\u00ed?<\/p>\n","protected":false},"excerpt":{"rendered":"David Mackenzie es un barbudo brit\u00e1nico cuyo nombre, a usted, con raz\u00f3n, no le dir\u00e1 nada. En el&hellip;\n","protected":false},"author":2,"featured_media":320595,"comment_status":"","ping_status":"","sticky":false,"template":"","format":"standard","meta":{"footnotes":""},"categories":[169],"tags":[177,146,147,25,24,176,17362,30679,175,753,23,23337],"class_list":{"0":"post-320594","1":"post","2":"type-post","3":"status-publish","4":"format-standard","5":"has-post-thumbnail","7":"category-cine","8":"tag-cine","9":"tag-entertainment","10":"tag-entretenimiento","11":"tag-es","12":"tag-espana","13":"tag-film","14":"tag-invisibles","15":"tag-listas","16":"tag-movies","17":"tag-peliculas","18":"tag-spain","19":"tag-vio"},"share_on_mastodon":{"url":"https:\/\/pubeurope.com\/@es\/115830463344217811","error":""},"_links":{"self":[{"href":"https:\/\/www.europesays.com\/es\/wp-json\/wp\/v2\/posts\/320594","targetHints":{"allow":["GET"]}}],"collection":[{"href":"https:\/\/www.europesays.com\/es\/wp-json\/wp\/v2\/posts"}],"about":[{"href":"https:\/\/www.europesays.com\/es\/wp-json\/wp\/v2\/types\/post"}],"author":[{"embeddable":true,"href":"https:\/\/www.europesays.com\/es\/wp-json\/wp\/v2\/users\/2"}],"replies":[{"embeddable":true,"href":"https:\/\/www.europesays.com\/es\/wp-json\/wp\/v2\/comments?post=320594"}],"version-history":[{"count":0,"href":"https:\/\/www.europesays.com\/es\/wp-json\/wp\/v2\/posts\/320594\/revisions"}],"wp:featuredmedia":[{"embeddable":true,"href":"https:\/\/www.europesays.com\/es\/wp-json\/wp\/v2\/media\/320595"}],"wp:attachment":[{"href":"https:\/\/www.europesays.com\/es\/wp-json\/wp\/v2\/media?parent=320594"}],"wp:term":[{"taxonomy":"category","embeddable":true,"href":"https:\/\/www.europesays.com\/es\/wp-json\/wp\/v2\/categories?post=320594"},{"taxonomy":"post_tag","embeddable":true,"href":"https:\/\/www.europesays.com\/es\/wp-json\/wp\/v2\/tags?post=320594"}],"curies":[{"name":"wp","href":"https:\/\/api.w.org\/{rel}","templated":true}]}}