{"id":320619,"date":"2026-01-03T09:49:17","date_gmt":"2026-01-03T09:49:17","guid":{"rendered":"https:\/\/www.europesays.com\/es\/320619\/"},"modified":"2026-01-03T09:49:17","modified_gmt":"2026-01-03T09:49:17","slug":"para-reflejar-el-espiritu-del-amor-bondadoso","status":"publish","type":"post","link":"https:\/\/www.europesays.com\/es\/320619\/","title":{"rendered":"\u00bbPara reflejar el esp\u00edritu del amor bondadoso\u00bb"},"content":{"rendered":"<p class=\"paragraph\">First Dates se ha convertido en uno de los programas estrella de Mediaset Espa\u00f1a. El espacio de citas, presentado por <a href=\"https:\/\/www.lavanguardia.com\/topics\/carlos-sobera\" target=\"_blank\" rel=\"nofollow noopener\">Carlos Sobera<\/a>, acoge cada d\u00eda a nuevos solteros dispuestos a abrir su coraz\u00f3n y encontrar pareja. Este es el caso de <b>Bruna<\/b>, una chica brasile\u00f1a que vino a Espa\u00f1a para recibir un tratamiento m\u00e9dico y que aprendi\u00f3 nuestro idioma mientras ve\u00eda el programa de Cuatro.<\/p>\n<p class=\"paragraph\">La joven de 23 a\u00f1os confes\u00f3 ante el presentador que est\u00e1 deseando ilusionarse de nuevo, ya que su \u00faltima relaci\u00f3n termin\u00f3 cuando descubri\u00f3 que su expareja la estaba enga\u00f1ando con otros hombres, con los que quedaba a trav\u00e9s de un perfil secreto que ten\u00eda en aplicaciones de ligoteo.<\/p>\n<p><img decoding=\"async\" class=\"w-full\"   alt=\"Bruna en 'First Dates'\" data-full-src=\"https:\/\/www.lavanguardia.com\/uploads\/2026\/01\/02\/6957df9398d97.png\" src=\"https:\/\/www.europesays.com\/es\/wp-content\/uploads\/2026\/01\/6957df9398d97.png\" width=\"449\" height=\"238\" loading=\"lazy\"\/>Bruna en &#8216;First Dates&#8217;Cuatro<\/p>\n<p class=\"paragraph\">Para cenar con ella, el programa escogi\u00f3 a Jefry, un chico de 21 a\u00f1os sin hijos que confes\u00f3 ante las c\u00e1maras que le gustaba llamar la atenci\u00f3n. Por este motivo, le pareci\u00f3 divertido y original que su acompa\u00f1ante viniera disfrazada de Mam\u00e1 Noel.<\/p>\n<p class=\"paragraph\">La primera impresi\u00f3n fue buena, aunque la soltera afincada en Galicia reconoci\u00f3 que encontraba a su pareja algo pijo. Por su parte, el castellonense se mostr\u00f3 molesto porque la joven hablara de su ex en la primera cita, lo que le aburri\u00f3 un poco.<\/p>\n<p><img decoding=\"async\" class=\"w-full\"   alt=\"Jefry en 'First Dates'\" data-full-src=\"https:\/\/www.lavanguardia.com\/uploads\/2026\/01\/02\/6957eb2deb1e5.png\" src=\"https:\/\/www.europesays.com\/es\/wp-content\/uploads\/2026\/01\/6957eb2deb1e5.png\" width=\"449\" height=\"205\" loading=\"lazy\"\/>Jefry en &#8216;First Dates&#8217;Cuatro<\/p>\n<p class=\"paragraph\">El joven se quej\u00f3 en varias ocasiones de que su acompa\u00f1ante llevaba el ritmo de la conversaci\u00f3n y de que apenas ten\u00eda oportunidad de intervenir, ya que no recib\u00eda preguntas por su parte.<\/p>\n<p class=\"paragraph\">En un momento de la conversaci\u00f3n, Sobera anunci\u00f3 que la brasile\u00f1a iba a realizar una actuaci\u00f3n muy especial para sorprender a su cita. \u00bbSorpresa de Bruna, una actuaci\u00f3n navide\u00f1a para reflejar el esp\u00edritu de amor bondadoso de la Navidad\u00bb, expres\u00f3 el comunicador.<\/p>\n<p><img decoding=\"async\" class=\"w-full\"   alt=\"Una actuaci\u00f3n navide\u00f1a en 'First Dates'\" data-full-src=\"https:\/\/www.lavanguardia.com\/uploads\/2026\/01\/02\/6957f1d6d1190.png\" src=\"https:\/\/www.europesays.com\/es\/wp-content\/uploads\/2026\/01\/6957f1d6d1190.png\" width=\"449\" height=\"303\" loading=\"lazy\"\/>Una actuaci\u00f3n navide\u00f1a en &#8216;First Dates&#8217;Cuatro<\/p>\n<p class=\"paragraph\">Sin saber c\u00f3mo actuar o d\u00f3nde meterse, el soltero reconoci\u00f3 que hubiera preferido otro tipo de sorpresa, ya que la actuaci\u00f3n se le hizo muy larga y le result\u00f3 muy inc\u00f3moda.<\/p>\n<p>La decisi\u00f3n final<\/p>\n<p><img decoding=\"async\" class=\"w-full\"   alt=\"Jefry y Bruna en 'First Dates'\" data-full-src=\"https:\/\/www.lavanguardia.com\/uploads\/2026\/01\/02\/6957ff0912b45.png\" src=\"https:\/\/www.europesays.com\/es\/wp-content\/uploads\/2026\/01\/6957ff0912b45.png\" width=\"449\" height=\"264\" loading=\"lazy\"\/>Jefry y Bruna en &#8216;First Dates&#8217;Cuatro<\/p>\n<p class=\"paragraph\">A la hora de tomar la decisi\u00f3n, Jefry se sincer\u00f3 con su cita y le explic\u00f3 que su baile fue bastante mejorable, lo que la soltera recibi\u00f3 positivamente, d\u00e1ndole la raz\u00f3n. Adem\u00e1s, el chico confes\u00f3 que le cost\u00f3 abrirse durante la cena porque ella adopt\u00f3 un rol egoc\u00e9ntrico en el que solo hablaba de s\u00ed misma. Ante tal acusaci\u00f3n, Bruna le recrimin\u00f3 que \u00e9l le hab\u00eda dicho que le gustaba escuchar.<\/p>\n<p class=\"paragraph\">Finalmente, ambos estuvieron de acuerdo en que no ten\u00edan futuro como pareja. Cuando parec\u00eda que hab\u00edan encontrado un equilibrio, la chica dej\u00f3 entrever que estaba dolida por las declaraciones del joven: \u00bbEs un asqueroso\u00bb.<\/p>\n","protected":false},"excerpt":{"rendered":"First Dates se ha convertido en uno de los programas estrella de Mediaset Espa\u00f1a. El espacio de citas,&hellip;\n","protected":false},"author":2,"featured_media":320620,"comment_status":"","ping_status":"","sticky":false,"template":"","format":"standard","meta":{"footnotes":""},"categories":[171],"tags":[146,147,25,24,23,214],"class_list":{"0":"post-320619","1":"post","2":"type-post","3":"status-publish","4":"format-standard","5":"has-post-thumbnail","7":"category-tv","8":"tag-entertainment","9":"tag-entretenimiento","10":"tag-es","11":"tag-espana","12":"tag-spain","13":"tag-tv"},"share_on_mastodon":{"url":"https:\/\/pubeurope.com\/@es\/115830545739706848","error":""},"_links":{"self":[{"href":"https:\/\/www.europesays.com\/es\/wp-json\/wp\/v2\/posts\/320619","targetHints":{"allow":["GET"]}}],"collection":[{"href":"https:\/\/www.europesays.com\/es\/wp-json\/wp\/v2\/posts"}],"about":[{"href":"https:\/\/www.europesays.com\/es\/wp-json\/wp\/v2\/types\/post"}],"author":[{"embeddable":true,"href":"https:\/\/www.europesays.com\/es\/wp-json\/wp\/v2\/users\/2"}],"replies":[{"embeddable":true,"href":"https:\/\/www.europesays.com\/es\/wp-json\/wp\/v2\/comments?post=320619"}],"version-history":[{"count":0,"href":"https:\/\/www.europesays.com\/es\/wp-json\/wp\/v2\/posts\/320619\/revisions"}],"wp:featuredmedia":[{"embeddable":true,"href":"https:\/\/www.europesays.com\/es\/wp-json\/wp\/v2\/media\/320620"}],"wp:attachment":[{"href":"https:\/\/www.europesays.com\/es\/wp-json\/wp\/v2\/media?parent=320619"}],"wp:term":[{"taxonomy":"category","embeddable":true,"href":"https:\/\/www.europesays.com\/es\/wp-json\/wp\/v2\/categories?post=320619"},{"taxonomy":"post_tag","embeddable":true,"href":"https:\/\/www.europesays.com\/es\/wp-json\/wp\/v2\/tags?post=320619"}],"curies":[{"name":"wp","href":"https:\/\/api.w.org\/{rel}","templated":true}]}}