{"id":320621,"date":"2026-01-03T09:51:14","date_gmt":"2026-01-03T09:51:14","guid":{"rendered":"https:\/\/www.europesays.com\/es\/320621\/"},"modified":"2026-01-03T09:51:14","modified_gmt":"2026-01-03T09:51:14","slug":"movistar-plus-ha-lanzado-hoy-una-de-las-peliculas-espanolas-mas-importantes-y-duras-de-2025","status":"publish","type":"post","link":"https:\/\/www.europesays.com\/es\/320621\/","title":{"rendered":"Movistar Plus+ ha lanzado hoy una de las pel\u00edculas espa\u00f1olas m\u00e1s importantes y duras de 2025"},"content":{"rendered":"<p class=\"c-paragraph\">El cine espa\u00f1ol tuvo grandes estrenos a lo largo de 2025: desde <a href=\"https:\/\/www.hobbyconsolas.com\/hobbycine\/critica-los-domingos-alauda-ruiz-azua-se-corona-con-otro-relato-imprescindible_6883579_0.html\" rel=\"nofollow noopener\" target=\"_blank\">Los domingos<\/a> a <a href=\"https:\/\/www.hobbyconsolas.com\/hobbycine\/hideo-kojima-posa-con-director-sirat-pelicula-que-representara-espana-los-oscar-2026-los-fans-cinta-no-se-creen_6884100_0.html\" title=\"Hideo Kojima posa con el director de Sirat, la pel\u00edcula que representar\u00e1 a Espa\u00f1a en los \u00d3scar 2026, y los fans de la cinta no se lo creen\" rel=\"nofollow noopener\" target=\"_blank\">Sirat: Trance en el desierto<\/a>, la pel\u00edcula que representa a Espa\u00f1a en los \u00d3scar 2026. Tambi\u00e9n tuvimos filmes impactantes como <a href=\"https:\/\/www.hobbyconsolas.com\/noticias\/romeria-nueva-pelicula-carla-simon-presenta-trailer-oficial-1477597\" rel=\"nofollow noopener\" target=\"_blank\">Romer\u00eda<\/a>, de <b>Carla Sim\u00f3n<\/b>, un drama ochentero que se convierte en el primer reci\u00e9n llegado de <a href=\"https:\/\/www.hobbyconsolas.com\/hobbycine\/los-cinco-estrenos-espanoles-mas-esperados-2026-alex-iglesia-rodrigo-sorogoyen_6912763_0.html\" title=\"Los cinco estrenos espa\u00f1oles m\u00e1s esperados de 2026: de \u00c1lex de la Iglesia a Rodrigo Sorogoyen\" rel=\"nofollow noopener\" target=\"_blank\">Movistar Plus+<\/a> en este nuevo a\u00f1o.<\/p>\n<p class=\"c-paragraph\">La directora de\u00a0<a href=\"https:\/\/www.hobbyconsolas.com\/reviews\/critica-alcarras-pelicula-carla-simon-alzo-oso-oro-berlin-1050367\" rel=\"nofollow noopener\" target=\"_blank\">Alcarr\u00e0s <\/a>y\u00a0<a href=\"https:\/\/www.hobbyconsolas.com\/noticias\/verano-1993-seleccionada-representar-espana-oscar-163752\" rel=\"nofollow noopener\" target=\"_blank\">Verano 1993<\/a> regresaba a las salas el pasado mes de septiembre con un drama que nos hace retroceder hasta los fren\u00e9ticos a\u00f1os 80, en plena epidemia de SIDA en Espa\u00f1a y con el auge de las drogas en nuestro pa\u00eds, que tambi\u00e9n contribuy\u00f3 a destruir muchas familias.<\/p>\n<p>Movistar Plus+ por 9,99\u20ac con f\u00fatbol, series y cine<\/p>\n<p><img decoding=\"async\" loading=\"lazy\" alt=\"Movistar Plus+\" width=\"640\" height=\"533\" src=\"https:\/\/www.europesays.com\/es\/wp-content\/uploads\/2025\/11\/690349e592402.jpeg\"\/><\/p>\n<p class=\"c-passport__description\">Seas de la operadora que seas, puedes ver series, pel\u00edculas y f\u00fatbol en Movistar Plus+ por 9,99\u20ac al mes y sin permanencia.<\/p>\n<p class=\"c-paragraph\">Una de esas historias dram\u00e1ticas la viviremos a trav\u00e9s de los ojos de Marina (Ll\u00facia Garcia), quien intentar\u00e1 conocer el pasado de sus padres, ambos muertos a causa del SIDA cuando ella era peque\u00f1a.<\/p>\n<p class=\"c-paragraph\">Adem\u00e1s de Garcia, Romer\u00eda est\u00e1 protagonizada por <b>Mitch, Trist\u00e1n Ulloa, Celine Tyll, Miryam Gallego, Janet Nov\u00e1s, Jos\u00e9 \u00c1ngel Egido, Sara Casasnovas y Alberto Gracia<\/b>, entre otros.<\/p>\n<p>Movistar Plus+ arranca 2026 con una firme candidata a los Goya<\/p>\n<p class=\"c-paragraph\">Desde hoy mismo podr\u00e1s disfrutar en Movistar Plus+ de Romer\u00eda, que aterriza en la plataforma de Telef\u00f3nica de Espa\u00f1a como parte de su compromiso con el cine nacional. La pel\u00edcula es una firma candidata a competir en las categor\u00edas de los Goya m\u00e1s codiciadas, aunque perdi\u00f3 frente a <b>Sirat: Trance en el desierto<\/b> la ocasi\u00f3n de representar a Espa\u00f1a en los \u00d3scar.<\/p>\n<p class=\"c-paragraph\">Sabremos a cu\u00e1ntos Goya opta Romer\u00eda dentro de unos d\u00edas, cuando la Academia anuncie las nominaciones para la ceremonia de este a\u00f1o, que tendr\u00e1 lugar en Barcelona el 28 de febrero. Esta es la sinopsis:<\/p>\n<p class=\"c-paragraph\">\u00abMarina (18), adoptada desde muy peque\u00f1a, viaja a Vigo para encontrarse por primera vez con la familia de su padre biol\u00f3gico. Su llegada trae de vuelta un pasado ya enterrado.<\/p>\n<p class=\"c-paragraph\">Guiada por el diario de su madre y a trav\u00e9s de una conexi\u00f3n especial con su nuevo primo, Marina descubrir\u00e1 las heridas familiares y podr\u00e1 por fin revivir la memoria fragmentada de unos padres de los que apenas tiene recuerdos\u00bb.<\/p>\n<p class=\"c-paragraph\">Si no pudiste ver <b>Romer\u00eda <\/b>durante su paso por la cartelera, <b>Movistar Plus+<\/b> te da la oportunidad desde hoy mismo de quitarte la espinita.<\/p>\n","protected":false},"excerpt":{"rendered":"El cine espa\u00f1ol tuvo grandes estrenos a lo largo de 2025: desde Los domingos a Sirat: Trance en&hellip;\n","protected":false},"author":2,"featured_media":320622,"comment_status":"","ping_status":"","sticky":false,"template":"","format":"standard","meta":{"footnotes":""},"categories":[169],"tags":[177,146,147,25,24,176,1080,315,21532,175,303,7741,23],"class_list":{"0":"post-320621","1":"post","2":"type-post","3":"status-publish","4":"format-standard","5":"has-post-thumbnail","7":"category-cine","8":"tag-cine","9":"tag-entertainment","10":"tag-entretenimiento","11":"tag-es","12":"tag-espana","13":"tag-film","14":"tag-ha","15":"tag-hoy","16":"tag-lanzado","17":"tag-movies","18":"tag-movistar","19":"tag-plus","20":"tag-spain"},"share_on_mastodon":{"url":"https:\/\/pubeurope.com\/@es\/115830554085616172","error":""},"_links":{"self":[{"href":"https:\/\/www.europesays.com\/es\/wp-json\/wp\/v2\/posts\/320621","targetHints":{"allow":["GET"]}}],"collection":[{"href":"https:\/\/www.europesays.com\/es\/wp-json\/wp\/v2\/posts"}],"about":[{"href":"https:\/\/www.europesays.com\/es\/wp-json\/wp\/v2\/types\/post"}],"author":[{"embeddable":true,"href":"https:\/\/www.europesays.com\/es\/wp-json\/wp\/v2\/users\/2"}],"replies":[{"embeddable":true,"href":"https:\/\/www.europesays.com\/es\/wp-json\/wp\/v2\/comments?post=320621"}],"version-history":[{"count":0,"href":"https:\/\/www.europesays.com\/es\/wp-json\/wp\/v2\/posts\/320621\/revisions"}],"wp:featuredmedia":[{"embeddable":true,"href":"https:\/\/www.europesays.com\/es\/wp-json\/wp\/v2\/media\/320622"}],"wp:attachment":[{"href":"https:\/\/www.europesays.com\/es\/wp-json\/wp\/v2\/media?parent=320621"}],"wp:term":[{"taxonomy":"category","embeddable":true,"href":"https:\/\/www.europesays.com\/es\/wp-json\/wp\/v2\/categories?post=320621"},{"taxonomy":"post_tag","embeddable":true,"href":"https:\/\/www.europesays.com\/es\/wp-json\/wp\/v2\/tags?post=320621"}],"curies":[{"name":"wp","href":"https:\/\/api.w.org\/{rel}","templated":true}]}}