{"id":320632,"date":"2026-01-03T09:57:11","date_gmt":"2026-01-03T09:57:11","guid":{"rendered":"https:\/\/www.europesays.com\/es\/320632\/"},"modified":"2026-01-03T09:57:11","modified_gmt":"2026-01-03T09:57:11","slug":"la-neutralidad-promueve-la-paz-suiza-y-sus-buenos-oficios","status":"publish","type":"post","link":"https:\/\/www.europesays.com\/es\/320632\/","title":{"rendered":"\u00bfLa neutralidad promueve la paz? Suiza y sus buenos oficios"},"content":{"rendered":"<p>    <img src=\"https:\/\/www.europesays.com\/es\/wp-content\/uploads\/2026\/01\/upload-temp-file-02b21137-d7ca-4d7f-8d36-7d9526251231-89612525.png\" width=\"480\" height=\"480\" alt=\"Liliane Stadler\" loading=\"eager\" decoding=\"auto\" fetchpriority=\"auto\"\/><\/p>\n<p>            Escuchar el art\u00edculo        <\/p>\n<p>            Escuchando el art\u00edculo        <\/p>\n<p>                Toggle language selector            <\/p>\n<ul class=\"read-aloud\/track-selector__options\">\n<li>\n<p>                            Espa\u00f1ol (europeo)                        <\/p>\n<\/li>\n<li>\n<p>                            Espa\u00f1ol (mexicano)                        <\/p>\n<\/li>\n<\/ul>\n<p>            Generado con inteligencia artificial.        <\/p>\n<p>        La neutralidad no promueve la paz por s\u00ed sola. Hist\u00f3ricamente, no ha sido ni necesaria ni suficiente para el \u00e9xito de los buenos oficios en los conflictos armados, tal y como indica la historiadora Liliane Stadler.\n<\/p>\n<p>        Este contenido fue publicado en    <\/p>\n<p>        03 enero 2026 &#8211; 09:00\n<\/p>\n<p>A menudo, en Suiza se da por sentado que la capacidad de un pa\u00eds para ejercer los denominados buenos oficios est\u00e1 directamente relacionada con su neutralidad permanente. Una opini\u00f3n que desempe\u00f1a un papel clave en el debate actual sobre la iniciativa de neutralidad que se votar\u00e1 en 2026.<\/p>\n<p>La invasi\u00f3n rusa de Ucrania en 2022 reaviv\u00f3 en el mundo los debates sobre la neutralidad. Y esto llev\u00f3 a naciones tradicionalmente neutrales a cambiar de rumbo. Finlandia y Suecia, por ejemplo, se han unido a la alianza defensiva de la OTAN. Suiza, sin embargo, sigue siendo percibida como la naci\u00f3n con la tradici\u00f3n de neutralidad m\u00e1s larga y firme.<\/p>\n<p>\n    Mostrar m\u00e1s<\/p>\n<p>\n            Opini\u00f3n        <\/p>\n<p>    <img src=\"https:\/\/www.europesays.com\/es\/wp-content\/uploads\/2026\/01\/upload-temp-file-1d3366f5-6f2c-4196-8ecd-16edc63ec7ec-90318538.png\" width=\"480\" height=\"480\" alt=\"\" loading=\"lazy\" decoding=\"async\" fetchpriority=\"auto\"\/><\/p>\n<p>        Mostrar m\u00e1s    <\/p>\n<p>        Neutralidad\n        <\/p>\n<p>        El significado de la neutralidad en un mundo multipolar\u00a0    <\/p>\n<p class=\"teaser-wide-card__excerpt\">\n<p>                        Este contenido fue publicado en                    <\/p>\n<p>                        03 ene. 2026                    <\/p>\n<p>                Paul Widmer aboga por la aceptaci\u00f3n de la \u2018Iniciativa de neutralidad\u2019, ya que la neutralidad suiza depende del reconocimiento internacional.            <\/p>\n<p>    <a class=\"teaser-wide-card__link\" href=\"https:\/\/www.swissinfo.ch\/spa\/neutralidad\/el-significado-de-la-neutralidad-en-un-mundo-multipolar\/90638800\" target=\"_self\" rel=\"nofollow noopener\"><\/p>\n<p>            leer m\u00e1s El significado de la neutralidad en un mundo multipolar\u00a0<br \/>\n    <\/a><\/p>\n<p>Aunque la guerra en Ucrania tambi\u00e9n ha desencadenado un intenso debate sobre la neutralidad en Suiza. Despu\u00e9s de que el Gobierno helv\u00e9tico se sumara a las sanciones de la UE contra Rusia, en noviembre de 2022, un comit\u00e9 que representa al grupo de presi\u00f3n Pro Schweiz [Pro-Suiza] present\u00f3 la iniciativa denominada de neutralidad. Esta iniciativa pide que la Constituci\u00f3n recoja la neutralidad perpetua y armada y proh\u00edba que Suiza se adhiera a cualquier alianza militar o de defensa que limite su capacidad de participar en sanciones multilaterales. Seg\u00fan la iniciativa, Suiza tambi\u00e9n debe seguir haciendo hincapi\u00e9 en su papel de mediador neutral en los conflictos armados.<\/p>\n<p>    <img src=\"https:\/\/www.europesays.com\/es\/wp-content\/uploads\/2026\/01\/Neutality_Focus_RZwo.jpg\" width=\"1800\" height=\"600\" alt=\"Ilustraci\u00f3n de Helvetia\" loading=\"lazy\" decoding=\"async\" fetchpriority=\"auto\"\/><\/p>\n<p>        Mostrar m\u00e1s    <\/p>\n<p>        Pol\u00edtica exterior\n        <\/p>\n<p>        Neutralidad suiza: \u00bfqu\u00e9 camino tomar?    <\/p>\n<p class=\"teaser-wide-card__excerpt\">\n<p>                La neutralidad suiza siempre se ve sometida a presi\u00f3n en tiempos de crisis. Suiza se enfrenta actualmente a una cuesti\u00f3n clave: \u00bfapertura o aislacionismo?            <\/p>\n<p>    <a class=\"teaser-wide-card__link\" href=\"https:\/\/www.swissinfo.ch\/spa\/politica-exterior\/neutralidad-suiza-qu%c3%a9-camino-tomar\/45810440\" target=\"_self\" rel=\"nofollow noopener\"><\/p>\n<p>            leer m\u00e1s Neutralidad suiza: \u00bfqu\u00e9 camino tomar?<br \/>\n    <\/a><\/p>\n<p>El t\u00e9rmino \u00abbuenos oficios\u00bb abarca todas las acciones que un pa\u00eds, una organizaci\u00f3n internacional o un actor no estatal pueden ofrecer como tercera parte neutral para ayudar a alcanzar una soluci\u00f3n pac\u00edfica a los conflictos armados. Las acciones pueden ir desde celebrar conversaciones de paz hasta actuar como potencia protectora o prestar servicios de mediaci\u00f3n. La resoluci\u00f3n de disputas y el arbitraje, hist\u00f3ricamente, tambi\u00e9n formaban parte de los buenos oficios.<\/p>\n<p>La reputaci\u00f3n de Suiza como proveedor de confianza de buenos oficios no se forj\u00f3 a trav\u00e9s de la mediaci\u00f3n, sino actuando repetidamente como potencia protectora en los siglos XIX y XX. En esta funci\u00f3n, Suiza gestion\u00f3 los canales de comunicaci\u00f3n diplom\u00e1tica \u2014a veces durante a\u00f1os\u2014 entre Estados hostiles que hab\u00edan roto sus relaciones diplom\u00e1ticas. Durante la Primera Guerra Mundial, Suiza ostent\u00f3 36 mandatos de potencia protectora, y m\u00e1s todav\u00eda durante la Segunda Guerra Mundial.<\/p>\n<p>Tras la Guerra de Corea, entre 1950 y 1953, junto con Suecia, Checoslovaquia y Polonia, Suiza asumi\u00f3 un <a href=\"https:\/\/www.vtg.admin.ch\/en\/nnsc-2\" target=\"_blank\" rel=\"nofollow noopener\">mandatoEnlace externo<\/a> de potencia protectora en la frontera interna de Corea; funci\u00f3n que en la actualidad sigue desempe\u00f1ando. Incluso durante la Guerra Fr\u00eda, Suiza se centr\u00f3 principalmente en los mandatos de potencia protectora y la ayuda humanitaria.<\/p>\n<p>\n    Mostrar m\u00e1s<\/p>\n<p>    <img src=\"https:\/\/www.europesays.com\/es\/wp-content\/uploads\/2026\/01\/e47ca1fa7673cf42a465065f37ead697-microsoftteams-image-data.png\" width=\"283\" height=\"283\" alt=\"logo paz\" loading=\"lazy\" decoding=\"async\" fetchpriority=\"auto\"\/><\/p>\n<p>    <img src=\"https:\/\/www.europesays.com\/es\/wp-content\/uploads\/2026\/01\/225d4f855fc59670c5eda0f28e3cc5c9-koreamission-1983-data.jpg\" width=\"1300\" height=\"826\" alt=\"dos hombres posando con el cartel que pone comisi\u00f3n neutral (en Corea supuestamente)\" loading=\"lazy\" decoding=\"async\" fetchpriority=\"auto\"\/><\/p>\n<p>        Mostrar m\u00e1s    <\/p>\n<p>        Historia\n        <\/p>\n<p>        Suiza como mediadora en conflictos internacionales: an\u00e1lisis    <\/p>\n<p class=\"teaser-wide-card__excerpt\">\n<p>                        Este contenido fue publicado en                    <\/p>\n<p>                        21 nov. 2022                    <\/p>\n<p>                \u00bfCu\u00e1l es la historia de Suiza como pa\u00eds mediador? Repasamos los \u00e9xitos y fracasos de la pol\u00edtica de paz del p\u00e1is helv\u00e9tico.            <\/p>\n<p>    <a class=\"teaser-wide-card__link\" href=\"https:\/\/www.swissinfo.ch\/spa\/economia\/suiza-como-mediadora-en-conflictos-internacionales-an%c3%a1lisis\/48065564\" target=\"_self\" rel=\"nofollow noopener\"><\/p>\n<p>            leer m\u00e1s Suiza como mediadora en conflictos internacionales: an\u00e1lisis<br \/>\n    <\/a><\/p>\n<p>Historial mixto<\/p>\n<p>Como mediadora entre partes beligerantes, Suiza tiene un historial mixto. La mediaci\u00f3n a nivel mundial solo comenz\u00f3 a ganar terreno como fen\u00f3meno de posguerra despu\u00e9s de 1945.<\/p>\n<p>Suiza hizo su primer intento durante la crisis de Suez de 1956, cuando se ofreci\u00f3 a acoger las conversaciones para evitar que Francia y Gran Breta\u00f1a invadieran Egipto. Todas las partes en conflicto rechazaron la propuesta. Tambi\u00e9n, las Naciones Unidas, de las que en ese momento Suiza no formaba parte.<\/p>\n<p>En 1961, Suiza logr\u00f3 un \u00e9xito diplom\u00e1tico al apoyar activamente las conversaciones de paz entre Argelia y Francia en la ciudad francesa de \u00c9vian, que finalmente, condujeron a la independencia de Argelia en 1962. Las partes implicadas rechazaron otros intentos de mediaci\u00f3n durante la crisis de los rehenes iran\u00edes de 1979 y el conflicto de las Malvinas entre Gran Breta\u00f1a y Argentina en 1982. En 1991, despu\u00e9s de que la Uni\u00f3n Sovi\u00e9tica se retirase, Suiza medi\u00f3 entre el r\u00e9gimen afgano y el movimiento de resistencia muyahid\u00edn. El r\u00e9gimen, no obstante, se derrumb\u00f3 en 1992 cuando el presidente afgano Mohammed Najibullah dimiti\u00f3.<\/p>\n<p>Los buenos oficios de Suiza como mediadora, seg\u00fan los historiadores, despegaron en la d\u00e9cada de 1990. En 1991, en el punto \u00e1lgido de la Guerra del Golfo, Suiza acogi\u00f3 una conferencia cumbre entre el secretario de Estado estadounidense James Baker y su hom\u00f3logo iraqu\u00ed Tariq Aziz. El entonces diplom\u00e1tico suizo Edouard Brunner fue nombrado enviado especial de la ONU para Oriente Medio, mientras que su sucesor, Klaus Jacobi, desempe\u00f1\u00f3 un papel clave en las conversaciones de paz sobre los Balcanes entre el presidente serbio Slobodan Milosevic y su hom\u00f3logo croata Franjo Tudjman.<\/p>\n<p>Entre 2000 y 2018, oficialmente Suiza particip\u00f3 en iniciativas de mediaci\u00f3n en una veintena de conflictos, entre ellos los de Sud\u00e1n, Nepal, Siria y Colombia. Entre 2008 y 2015 tambi\u00e9n acogi\u00f3 en Lausana negociaciones de alto nivel sobre el programa nuclear de Ir\u00e1n. En 2014, Suiza \u2014como presidenta de la Organizaci\u00f3n para la Seguridad y la Cooperaci\u00f3n en Europa (OSCE)\u2014 dirigi\u00f3 el Grupo de Contacto Trilateral sobre Ucrania y desde entonces ha desempe\u00f1ado un papel clave para promocionar soluciones pac\u00edficas a los conflictos en T\u00fanez, Myanmar, Zimbabue y Mozambique. El \u00edndice de \u00e9xito de estos buenos oficios, sin embargo, ha sido desigual.<\/p>\n<p>        Mostrar m\u00e1s    <\/p>\n<p>            \u00bfCu\u00e1l es el futuro del modelo suizo de neutralidad?        <\/p>\n<p class=\"teaser-wide-debate-card__text\">\n<p>                \u00bfPuede existir siquiera una v\u00eda neutral en tiempos de confrontaci\u00f3n de bloques y antagonismo geopol\u00edtico?\n        <\/p>\n<p>    <a class=\"teaser-wide-debate-card__link\" href=\"https:\/\/www.swissinfo.ch\/spa\/diplomacia-suiza\/cu%c3%a1l-es-el-futuro-del-modelo-suizo-de-neutralidad\/87535699\" rel=\"nofollow noopener\" target=\"_blank\"><\/p>\n<p>             Ver la discusi\u00f3n<br \/>\n    <\/a><\/p>\n<p>Otros actores implicados<\/p>\n<p>Este historial no es necesariamente un reflejo de los esfuerzos diplom\u00e1ticos de Suiza, sino que muchos de los conflictos son muy complejos. A esto hay que a\u00f1adir que Suiza ya no es el \u00fanico proveedor de buenos oficios. En los esfuerzos de mediaci\u00f3n en todo el mundo participan activamente organizaciones internacionales, otros pa\u00edses neutrales y un n\u00famero cada vez mayor de actores no neutrales.<\/p>\n<p>En 2021, Suiza acogi\u00f3 una cumbre entre el entonces presidente estadounidense Joe Biden y el presidente ruso Vladimir Putin, pero las conversaciones sobre la retirada estadounidense de Afganist\u00e1n tuvieron lugar ese mismo a\u00f1o en Catar. En 2022 y 2024, Suiza organiz\u00f3 dos conferencias sobre la guerra de Rusia en Ucrania, aunque \u2014hasta ahora\u2014 las negociaciones reales entre Rusia y Ucrania se han celebrado en Turqu\u00eda y Arabia Saud\u00ed. Bajo la presidencia de Donald Trump, Estados Unidos impuls\u00f3 brevemente una soluci\u00f3n pac\u00edfica, mientras que, en 2023, China medi\u00f3 para que Ir\u00e1n y Arabia Saud\u00ed restablecieran sus relaciones diplom\u00e1ticas.<\/p>\n<p>En definitiva, resulta dif\u00edcil establecer un patr\u00f3n claro o una relaci\u00f3n causal entre la neutralidad de Suiza y sus buenos oficios, bas\u00e1ndose \u00fanicamente en la historia.<\/p>\n<p>A la hora de otorgar mandatos de mediaci\u00f3n o garantizar el \u00e9xito de las conversaciones de paz, hist\u00f3ricamente, la neutralidad rara vez ha sido un factor decisivo. Los buenos oficios de Suiza se valoran a nivel internacional y la experiencia que en este \u00e1mbito ha adquirido el Ministerio de Asuntos Exteriores suizo es considerable. Lo cual aboga por el compromiso continuo de Suiza con la mediaci\u00f3n. Aunque si el pueblo vota a favor de la iniciativa de neutralidad, es probable que lo haga m\u00e1s por tradici\u00f3n e identidad nacional que porque haya una creencia generalizada de que la neutralidad, por s\u00ed sola, promueve la paz.<\/p>\n<p>                Iniciativa sobre neutralidad            <\/p>\n<p>La iniciativa sobre neutralidad presentada por la asociaci\u00f3n Pro Schweiz pide que la Constituci\u00f3n federal incorpore una interpretaci\u00f3n rigurosa de la neutralidad suiza. En la actualidad, el Gobierno y el Parlamento son los responsables de la pol\u00edtica de neutralidad, y pueden adaptarla en funci\u00f3n de las circunstancias geopol\u00edticas del momento. Si en 2026 se aprueba la iniciativa popular, el Gobierno y el Parlamento perder\u00edan esta flexibilidad.<\/p>\n<p>Editado por Benjamin von Wyl. Adaptado al espa\u00f1ol por Lupe Calvo y revisado por Patricia Islas.<\/p>\n<p><strong>Las opiniones expresadas por la autora no necesariamente reflejan las de Swissinfo.<\/strong><\/p>\n<p>\n    Mostrar m\u00e1s<\/p>\n<p>    <img src=\"https:\/\/www.europesays.com\/es\/wp-content\/uploads\/2025\/12\/newsletter_teaser_foreign_affairs.jpg\" width=\"880\" height=\"587\" alt=\"Nuestro bolet\u00edn sobre pol\u00edtica exterior\" loading=\"lazy\" decoding=\"async\" fetchpriority=\"auto\"\/><\/p>\n<p>        Mostrar m\u00e1s    <\/p>\n<p>        Pol\u00edtica exterior\n        <\/p>\n<p>        Nuestro bolet\u00edn sobre pol\u00edtica exterior    <\/p>\n<p class=\"teaser-wide-card__excerpt\">\n<p>                Suscr\u00edbase a nuestro bolet\u00edn si desea recibir informaci\u00f3n y art\u00edculos de a fondo sobre la pol\u00edtica exterior suiza.            <\/p>\n<p>    <a class=\"teaser-wide-card__link\" href=\"https:\/\/www.swissinfo.ch\/spa\/politica-exterior\/nuestro-bolet%c3%adn-sobre-pol%c3%adtica-exterior\/79028285\" target=\"_self\" rel=\"nofollow noopener\"><\/p>\n<p>            leer m\u00e1s Nuestro bolet\u00edn sobre pol\u00edtica exterior<br \/>\n    <\/a><\/p>\n<p>        Art\u00edculos citados    <\/p>\n","protected":false},"excerpt":{"rendered":"Escuchar el art\u00edculo Escuchando el art\u00edculo Toggle language selector Espa\u00f1ol (europeo) Espa\u00f1ol (mexicano) Generado con inteligencia artificial. La&hellip;\n","protected":false},"author":2,"featured_media":320633,"comment_status":"","ping_status":"","sticky":false,"template":"","format":"standard","meta":{"footnotes":""},"categories":[42],"tags":[63958,63959,70947,17,18,636,83,13,14,48364,74685,11,61,62,63,14688,64,19,20,9,10,15,16,1925,88,63957,12,21,22,65,66,67],"class_list":{"0":"post-320632","1":"post","2":"type-post","3":"status-publish","4":"format-standard","5":"has-post-thumbnail","7":"category-internacional","8":"tag-beat-foreign-affairs","9":"tag-beat-neutrality","10":"tag-beat-swiss-diplomacy","11":"tag-breaking-news","12":"tag-breakingnews","13":"tag-conflict","14":"tag-diplomacy","15":"tag-featured-news","16":"tag-featurednews","17":"tag-foreign-affairs","18":"tag-give-me-perspective","19":"tag-headlines","20":"tag-internacional","21":"tag-international","22":"tag-international-news","23":"tag-international-organisation","24":"tag-internationalnews","25":"tag-latest-news","26":"tag-latestnews","27":"tag-news","28":"tag-noticias","29":"tag-noticias-destacadas","30":"tag-noticiasdestacadas","31":"tag-opinion","32":"tag-politics","33":"tag-production-type-adaptation","34":"tag-titulares","35":"tag-ultimas-noticias","36":"tag-ultimasnoticias","37":"tag-world","38":"tag-world-news","39":"tag-worldnews"},"share_on_mastodon":{"url":"","error":"Validation failed: Text character limit of 500 exceeded"},"_links":{"self":[{"href":"https:\/\/www.europesays.com\/es\/wp-json\/wp\/v2\/posts\/320632","targetHints":{"allow":["GET"]}}],"collection":[{"href":"https:\/\/www.europesays.com\/es\/wp-json\/wp\/v2\/posts"}],"about":[{"href":"https:\/\/www.europesays.com\/es\/wp-json\/wp\/v2\/types\/post"}],"author":[{"embeddable":true,"href":"https:\/\/www.europesays.com\/es\/wp-json\/wp\/v2\/users\/2"}],"replies":[{"embeddable":true,"href":"https:\/\/www.europesays.com\/es\/wp-json\/wp\/v2\/comments?post=320632"}],"version-history":[{"count":0,"href":"https:\/\/www.europesays.com\/es\/wp-json\/wp\/v2\/posts\/320632\/revisions"}],"wp:featuredmedia":[{"embeddable":true,"href":"https:\/\/www.europesays.com\/es\/wp-json\/wp\/v2\/media\/320633"}],"wp:attachment":[{"href":"https:\/\/www.europesays.com\/es\/wp-json\/wp\/v2\/media?parent=320632"}],"wp:term":[{"taxonomy":"category","embeddable":true,"href":"https:\/\/www.europesays.com\/es\/wp-json\/wp\/v2\/categories?post=320632"},{"taxonomy":"post_tag","embeddable":true,"href":"https:\/\/www.europesays.com\/es\/wp-json\/wp\/v2\/tags?post=320632"}],"curies":[{"name":"wp","href":"https:\/\/api.w.org\/{rel}","templated":true}]}}