{"id":320675,"date":"2026-01-03T10:32:11","date_gmt":"2026-01-03T10:32:11","guid":{"rendered":"https:\/\/www.europesays.com\/es\/320675\/"},"modified":"2026-01-03T10:32:11","modified_gmt":"2026-01-03T10:32:11","slug":"asi-es-su-estrecha-relacion-familiar","status":"publish","type":"post","link":"https:\/\/www.europesays.com\/es\/320675\/","title":{"rendered":"as\u00ed es su estrecha relaci\u00f3n familiar"},"content":{"rendered":"<p id=\"eAg-VgrfDe\" data-wc=\"74\">Dicen que <strong>los primos son los primeros grandes amigos de tu vida,<\/strong> sobre todo cuando tienen edades parecidas, y en el caso de las <strong>tres hijas de Sara Verdasco y Juan Carmona<\/strong> y los <strong>tres hijos de Fernando Verdasco y Ana Boyer\u00a0<\/strong>esto se cumple a la perfecci\u00f3n. A<a class=\"hm-link ho-link\" href=\"https:\/\/www.hola.com\/actualidad\/20251116867758\/asi-ha-celebrado-fernando-verdasco-su-cumpleanos\/\" data-mrf-recirculation=\"article-body-link\" rel=\"nofollow noopener\" target=\"_blank\">unque viven en continentes distintos, son una pi\u00f1a<\/a> y les encanta exprimir al m\u00e1ximo el tiempo que pasan juntos, entre juegos y alguna que otra trastada.<\/p>\n<p> <img src=\"https:\/\/www.europesays.com\/es\/wp-content\/uploads\/2026\/01\/986c5e6fd1d2-sara-verdasco-familia1517.jpg\"   width=\"1080\" height=\"1800\" loading=\"lazy\" decoding=\"async\" alt=\"Sara Verdasco y Juan Carmona con sus hijas: las mellizas Carmen y Valentina, de cinco a\u00f1os, y Sara, de cinco meses\" fetchpriority=\"auto\" class=\"image ho-image\"\/>\u00a9 Jes\u00fas Cordero<\/p>\n<p id=\"exZaTHq0fas\" data-wc=\"77\">As\u00ed nos lo ha contado <a class=\"hm-link ho-link\" href=\"https:\/\/www.hola.com\/actualidad\/20251128869365\/sara-verdasco-juan-carmona-presentan-mellizas-pequena-sara-cuadrar-horarios-tiempo-encantada\/\" data-mrf-recirculation=\"article-body-link\" rel=\"nofollow noopener\" target=\"_blank\">Sara, quien posaba por primera vez junto a sus mellizas, Carmen y Valentina, de cinco a\u00f1os, y su peque\u00f1a Sara de cinco meses<\/a>, en las p\u00e1ginas de nuestra revista. Ella, al igual que su marido -que forma parte de la saga de artistas de los Carmona- <strong>viene de una familia muy unida y ha querido trasmitirle eso a sus hijos,<\/strong> al igual que su hermano Fernando y la hija de Isabel Preysler.\u00a0<\/p>\n<p> <img src=\"https:\/\/www.europesays.com\/es\/wp-content\/uploads\/2026\/01\/8997155b0350-sara-verdasco-familia1407.jpg\"   width=\"1080\" height=\"1080\" loading=\"lazy\" decoding=\"async\" alt=\"Las tres hijas de Juan Carmona y Sara Verdasco: las mellizas Carmen y Valentina, de cinco a\u00f1os, y Sara, de cinco meses\" fetchpriority=\"auto\" class=\"image ho-image\"\/>\u00a9 Jes\u00fas Cordero<\/p>\n<p id=\"eGzt5AghyC0\" data-wc=\"63\">\u201cEs verdad que <strong>ellos no pasan mucho tiempo en Espa\u00f1a, pero siempre que vienen, los primos est\u00e1n juntos.<\/strong> Adem\u00e1s, las mellizas siempre me dicen: \u201cMam\u00e1, me quiero ir con los primos\u201d. Y ellos: \u201cMe quiero ir con las primas\u201d. As\u00ed que <strong>cuando se puede, vamos a verlos a Doha\u201d<\/strong>, nos explica la empresaria, que trabaja al frente del restaurante La Rayuela, en Madrid.<\/p>\n<p> <img src=\"https:\/\/www.europesays.com\/es\/wp-content\/uploads\/2026\/01\/be22b26520e4-sara-verdasco-familia1691.jpg\"   width=\"682\" height=\"1024\" loading=\"lazy\" decoding=\"async\" alt=\"Sara Verdasco con sus hijas: las mellizas Carmen y Valentina, de cinco a\u00f1os, y Sara, de cinco meses\" fetchpriority=\"auto\" class=\"image ho-image\"\/>\u00a9 Jes\u00fas CorderoSara Verdasco con sus hijas: las mellizas Carmen y Valentina, de cinco a\u00f1os, y Sara, de cinco meses<\/p>\n<p id=\"eGqvz4UeIsC\" data-wc=\"68\">El extenista vive en Doha con <a class=\"hm-link ho-link\" href=\"https:\/\/www.hola.com\/us\/\" data-mrf-recirculation=\"article-body-link\" rel=\"nofollow noopener\" target=\"_blank\">Ana Boyer y sus tres hijos, Miguel, de seis a\u00f1os; Mateo, que est\u00e1 a punto de cumplir cinco; y Mart\u00edn, de un a\u00f1o y medio<\/a>; pero, aunque est\u00e9n lejos <strong>est\u00e1n siempre en contacto con la familia de Espa\u00f1a y procuran que sus hijos hagan los mismo.<\/strong> \u201cDesde que eran chiquititos siempre hemos hecho muchas videollamadas para que est\u00e9n en contacto\u201d, dice Sara.<\/p>\n<p> <img src=\"https:\/\/www.europesays.com\/es\/wp-content\/uploads\/2026\/01\/ddd4efa8a0d3-sara-verdasco-familia1553.jpg\"   width=\"1080\" height=\"1800\" loading=\"lazy\" decoding=\"async\" alt=\"Sara Verdasco y Juan Carmona con sus hijas: las mellizas Carmen y Valentina, de cinco a\u00f1os, y Sara, de cinco meses\" fetchpriority=\"auto\" class=\"image ho-image\"\/>\u00a9 Jes\u00fas CorderoSara y Juan con sus peque\u00f1as<\/p>\n<p id=\"eOWgs-p-COg\" data-wc=\"99\">En cuanto a lo que les gusta hacer cuando est\u00e1n juntos, la hermana del tenista nos lo cuenta con humor: \u201c<strong>Mientras que tengan espacio donde puedan jugar, son muy buenos.<\/strong> Ahora, como los tengas en alg\u00fan lado que no sea grande\u2026<strong>\u00a0\u00a1Te puedes volver loca!<\/strong>\u201d. Y si tiene que se\u00f1alar qui\u00e9nes son los m\u00e1s inquietos, lo tiene claro: \u201c<strong>Las m\u00edas son s\u00faper movidas y los de mi hermano son tranquilos<\/strong>, pero tambi\u00e9n algo moviditos. Aunque las ni\u00f1as se entretienen con juegos m\u00e1s tranquilos y ellos, como la mayor\u00eda de los ni\u00f1os, son m\u00e1s brutos. Pero<strong>\u00a0se compaginan muy bien<\/strong>\u201d.<\/p>\n<p> <img src=\"https:\/\/www.europesays.com\/es\/wp-content\/uploads\/2026\/01\/b9d3cf32f9c9-sara-verdasco-familia1761.jpg\"   width=\"1080\" height=\"1080\" loading=\"lazy\" decoding=\"async\" alt=\"Las hijas mellizas de Sara Verdasco y Juan Carmona: Carmen y Valentina, de cinco a\u00f1os\" fetchpriority=\"auto\" class=\"image ho-image\"\/>\u00a9 Jes\u00fas Cordero<\/p>\n<p id=\"ecCr4O5OBbA\" data-wc=\"119\">Tambi\u00e9n nos ha hablado durante esta sesi\u00f3n de fotos en familia,<a class=\"hm-link ho-link\" href=\"https:\/\/www.hola.com\/actualidad\/20250226816722\/ana-verdasco-emociona-fernando-verdasco-carta-retirada-tenis\/\" data-mrf-recirculation=\"article-body-link\" rel=\"nofollow noopener\" target=\"_blank\">\u00a0de la buena relaci\u00f3n que tiene con su cu\u00f1ada Ana y del consejo que le dio antes de quedarse embarazada de su tercera hija<\/a>, sobre la experiencia de pasar a ser familia numerosa. \u201cUn d\u00eda puntualmente hablando, <strong>antes de quedarme embarazada de Sara, me dijo que de dos a tres hijos se notaba mucho, que la cosa se complicaba m\u00e1s.\u00a0<\/strong> O sea, que me lo advirti\u00f3, entre comillas, y yo la ten\u00eda que haber hecho caso -dice riendo-. Pero bueno, ahora lo estoy comprobando, y s\u00ed, ten\u00eda raz\u00f3n. Y<strong>o pensaba que ya con las mellizas teniendo cinco a\u00f1os ser\u00eda m\u00e1s f\u00e1cil, pero todav\u00eda dependen mucho de m\u00ed<\/strong>\u201d, explica.\u00a0<\/p>\n","protected":false},"excerpt":{"rendered":"Dicen que los primos son los primeros grandes amigos de tu vida, sobre todo cuando tienen edades parecidas,&hellip;\n","protected":false},"author":2,"featured_media":320676,"comment_status":"","ping_status":"","sticky":false,"template":"","format":"standard","meta":{"footnotes":""},"categories":[174],"tags":[517,12465,255,146,147,25,24,256,65021,23],"class_list":{"0":"post-320675","1":"post","2":"type-post","3":"status-publish","4":"format-standard","5":"has-post-thumbnail","7":"category-famosos","8":"tag-actualidad","9":"tag-ana-boyer","10":"tag-celebrities","11":"tag-entertainment","12":"tag-entretenimiento","13":"tag-es","14":"tag-espana","15":"tag-famosos","16":"tag-sara-verdasco","17":"tag-spain"},"share_on_mastodon":{"url":"https:\/\/pubeurope.com\/@es\/115830714930996003","error":""},"_links":{"self":[{"href":"https:\/\/www.europesays.com\/es\/wp-json\/wp\/v2\/posts\/320675","targetHints":{"allow":["GET"]}}],"collection":[{"href":"https:\/\/www.europesays.com\/es\/wp-json\/wp\/v2\/posts"}],"about":[{"href":"https:\/\/www.europesays.com\/es\/wp-json\/wp\/v2\/types\/post"}],"author":[{"embeddable":true,"href":"https:\/\/www.europesays.com\/es\/wp-json\/wp\/v2\/users\/2"}],"replies":[{"embeddable":true,"href":"https:\/\/www.europesays.com\/es\/wp-json\/wp\/v2\/comments?post=320675"}],"version-history":[{"count":0,"href":"https:\/\/www.europesays.com\/es\/wp-json\/wp\/v2\/posts\/320675\/revisions"}],"wp:featuredmedia":[{"embeddable":true,"href":"https:\/\/www.europesays.com\/es\/wp-json\/wp\/v2\/media\/320676"}],"wp:attachment":[{"href":"https:\/\/www.europesays.com\/es\/wp-json\/wp\/v2\/media?parent=320675"}],"wp:term":[{"taxonomy":"category","embeddable":true,"href":"https:\/\/www.europesays.com\/es\/wp-json\/wp\/v2\/categories?post=320675"},{"taxonomy":"post_tag","embeddable":true,"href":"https:\/\/www.europesays.com\/es\/wp-json\/wp\/v2\/tags?post=320675"}],"curies":[{"name":"wp","href":"https:\/\/api.w.org\/{rel}","templated":true}]}}