{"id":320872,"date":"2026-01-03T13:08:07","date_gmt":"2026-01-03T13:08:07","guid":{"rendered":"https:\/\/www.europesays.com\/es\/320872\/"},"modified":"2026-01-03T13:08:07","modified_gmt":"2026-01-03T13:08:07","slug":"paula-badosa-debutara-en-brisbane-contra-bouzkova-o-cristian","status":"publish","type":"post","link":"https:\/\/www.europesays.com\/es\/320872\/","title":{"rendered":"Paula Badosa debutar\u00e1 en Brisbane contra Bouzkova o Cristian"},"content":{"rendered":"<p data-mrf-recirculation=\"Links P\u00e1rrafos\" class=\"ue-c-article__paragraph paragraph ue-c-article--first-letter-highlighted\"><strong>Paula Badosa<\/strong> ya se encuentra en Brisbane donde regresar\u00e1 a la competici\u00f3n oficial tres meses despu\u00e9s de su \u00faltimo partido y que acab\u00f3 en abandono en el WTA de Pek\u00edn. La catalana, decimoquinta cabeza de serie y exenta de la ronda inicial, <strong>debutar\u00e1 en el cuadro individual contra la ganadora del partido entre Marie Bouzkova (entrenada por Marc L\u00f3pez) y Jaqueline Cristian<\/strong>.\u00a0<\/p>\n<p data-mrf-recirculation=\"Links P\u00e1rrafos\" class=\"ue-c-article__paragraph paragraph\">Cabe recordar que Badosa aparece apuntada <strong><a href=\"https:\/\/www.marca.com\/tenis\/2026\/01\/02\/badosa-sabalenka-juntan-jugar-dobles-brisbane.html\" target=\"_blank\" rel=\"nofollow noopener\">tambi\u00e9n en la competici\u00f3n de dobles al lado de Aryna Sabalenka<\/a><\/strong>. La pupila de Pol Toledo, la n\u00famero 25 del ranking a sus 28 a\u00f1os, <strong><a href=\"https:\/\/www.marca.com\/tenis\/2024\/12\/31\/badosa-cae-primera-ronda-brisbane-armenia-avanesyan.html\" target=\"_blank\" rel=\"nofollow noopener\">cedi\u00f3 el a\u00f1o pasado en la segunda ronda con Elina Avanesyan<\/a><\/strong>.\u00a0<\/p>\n<p data-mrf-recirculation=\"Links P\u00e1rrafos\" class=\"ue-c-article__paragraph paragraph\">En la gira por las Ant\u00edpodas <strong>defiende un total de 840 puntos, entre los octavos del 500 de Adelaida y las semifinales del Open de Australia<\/strong>. Hasta siete &#8216;top10&#8217; y cuatro campeonas de un grande est\u00e1n inscritas en Brisbane. Otra de las atracciones es el regreso de Karolina Pliskova.\u200b<\/p>\n<p><img decoding=\"async\" width=\"1161\" height=\"1502\" class=\"ue-c-article__image lazyload\" alt=\"El cuadro individual de Brisbane.\" loading=\"lazy\" src=\"https:\/\/www.europesays.com\/es\/wp-content\/uploads\/2026\/01\/6958d7f8207bb.jpeg\"\/><\/p>\n<p>El cuadro individual de Brisbane.<\/p>\n<p>Bucsa, en el camino de Sabalenka<br \/>\u200b<\/p>\n<p data-mrf-recirculation=\"Links P\u00e1rrafos\" class=\"ue-c-article__paragraph paragraph\"><strong>Cristina Bucsa<\/strong>, la otra espa\u00f1ola en liza, podr\u00eda enfrentarse a Sabalenka en segunda ronda. Antes deber\u00e1 acabar con la resistencia de la h\u00fangara Anna Bondar.\u00a0<\/p>\n<p>Un duelo de primera ronda con morbo es el que cruzar\u00e1 a dos tenistas fugadas de Rusia: <strong>la &#8216;australiana&#8217; Daria Kasatina contra la &#8216;austriaca&#8217; Anastasia Potapova<\/strong>.\u00a0\u00a0<\/p>\n","protected":false},"excerpt":{"rendered":"Paula Badosa ya se encuentra en Brisbane donde regresar\u00e1 a la competici\u00f3n oficial tres meses despu\u00e9s de su&hellip;\n","protected":false},"author":2,"featured_media":320873,"comment_status":"","ping_status":"","sticky":false,"template":"","format":"standard","meta":{"footnotes":""},"categories":[274],"tags":[168,25,24,23,167,327,326],"class_list":{"0":"post-320872","1":"post","2":"type-post","3":"status-publish","4":"format-standard","5":"has-post-thumbnail","7":"category-tenis","8":"tag-deportes","9":"tag-es","10":"tag-espana","11":"tag-spain","12":"tag-sports","13":"tag-tenis","14":"tag-tennis"},"share_on_mastodon":{"url":"https:\/\/pubeurope.com\/@es\/115831328512086344","error":""},"_links":{"self":[{"href":"https:\/\/www.europesays.com\/es\/wp-json\/wp\/v2\/posts\/320872","targetHints":{"allow":["GET"]}}],"collection":[{"href":"https:\/\/www.europesays.com\/es\/wp-json\/wp\/v2\/posts"}],"about":[{"href":"https:\/\/www.europesays.com\/es\/wp-json\/wp\/v2\/types\/post"}],"author":[{"embeddable":true,"href":"https:\/\/www.europesays.com\/es\/wp-json\/wp\/v2\/users\/2"}],"replies":[{"embeddable":true,"href":"https:\/\/www.europesays.com\/es\/wp-json\/wp\/v2\/comments?post=320872"}],"version-history":[{"count":0,"href":"https:\/\/www.europesays.com\/es\/wp-json\/wp\/v2\/posts\/320872\/revisions"}],"wp:featuredmedia":[{"embeddable":true,"href":"https:\/\/www.europesays.com\/es\/wp-json\/wp\/v2\/media\/320873"}],"wp:attachment":[{"href":"https:\/\/www.europesays.com\/es\/wp-json\/wp\/v2\/media?parent=320872"}],"wp:term":[{"taxonomy":"category","embeddable":true,"href":"https:\/\/www.europesays.com\/es\/wp-json\/wp\/v2\/categories?post=320872"},{"taxonomy":"post_tag","embeddable":true,"href":"https:\/\/www.europesays.com\/es\/wp-json\/wp\/v2\/tags?post=320872"}],"curies":[{"name":"wp","href":"https:\/\/api.w.org\/{rel}","templated":true}]}}