{"id":320909,"date":"2026-01-03T13:36:07","date_gmt":"2026-01-03T13:36:07","guid":{"rendered":"https:\/\/www.europesays.com\/es\/320909\/"},"modified":"2026-01-03T13:36:07","modified_gmt":"2026-01-03T13:36:07","slug":"marta-sanchez-se-viste-de-mariah-carey-en-ano-nuevo-y-comienza-el-2026-cantando-desde-mexico","status":"publish","type":"post","link":"https:\/\/www.europesays.com\/es\/320909\/","title":{"rendered":"Marta S\u00e1nchez \u00abse viste\u00bb de Mariah Carey en A\u00f1o Nuevo y comienza el 2026 cantando desde M\u00e9xico"},"content":{"rendered":"<p class=\"c-paragraph\">Amaia o Lola \u00cdndigo, desde Granada, eran algunas de las artistas encargadas de amenizar la noche de fin de a\u00f1o en RTVE. Sin embargo, al otro lado del mundo, <b>Marta S\u00e1nchez<\/b> trasnochaba para comenzar<b> la gala de A\u00f1o Nuevo en M\u00e9xico<\/b>, con una actuaci\u00f3n que no dej\u00f3 indiferentes a sus fans al otro lado del oc\u00e9ano. La artista, que acaba de lanzar su \u00faltimo \u00e1lbum, viaj\u00f3 hasta el continente americano para darlo todo en la gala \u00abBienvenido 2026\u00bb, de &#8216;<b>Telemundo<\/b>&#8216;.<\/p>\n<p class=\"c-paragraph\">Una ocasi\u00f3n para la que no quiso pasar desapercibida y, convirtiendo al brillo en el protagonista de su estilismo, se enfund\u00f3 en un vestido rojo de lentejuelas que nos recuerda a los ic\u00f3nicos &#8216;looks&#8217; con los que <b>Mariah Carey<\/b> inaugura cada Navidad, al ritmo de su m\u00edtico &#8216;All I Want For Christmas&#8217;. Te contamos todos los detalles de su &#8216;outfit&#8217; m\u00e1s m\u00e1gico.<\/p>\n<p>El &#8216;look&#8217; de A\u00f1o Nuevo m\u00e1s especial de Marta S\u00e1nchez<\/p>\n<p class=\"c-paragraph\">El 2026 ya ha comenzado y, estos d\u00edas, no dejamos de ver<b> los estilismos m\u00e1s especiales<\/b> por los que han optado las celebrities para dar la bienvenida al a\u00f1o. Marta S\u00e1nchez era una de las \u00faltimas en ense\u00f1arnos su &#8216;look&#8217;. Lo hac\u00eda con &#8216;jet lag&#8217; y con mucha ilusi\u00f3n, anunciando que fue una de las encargadas en actuar en la gala de A\u00f1o Nuevo de &#8216;Telemundo&#8217;. Una ocasi\u00f3n muy especial, para la que no quiso pasar desapercibida.<\/p>\n<p class=\"c-paragraph\">Record\u00e1ndonos a todos que no hay ninguna diva que le pise los talones, la artista se enfundaba en <b>un vestido de lentejuelas rojo<\/b> para conquistar el escenario. Un modelo muy especial, con escote palabra de honor, que estilizaba sus hombros, largo midi y silueta ajustada, que potenciba su figura. Sobre el escenario, lo combin\u00f3 con <b>una blazer negra de lentejuelas<\/b>, para estructurar su imagen y darle un extra de brillo al estilismo.<\/p>\n<p class=\"c-paragraph\">En cuanto al &#8216;beauty look&#8217;, Marta S\u00e1nchez apost\u00f3 por lleva<b> su melena suelta<\/b>, peinada con las ondas naturales que tanto la representan, y que daban un toque de frescura al conjunto. Un peinado que dejaba ver los <b>maxi pendientes dorados<\/b> con los que remat\u00f3 el estilismo. En cuanto al maquillaje, por \u00faltimo, la artista se decant\u00f3 po<b>r un ahumado en tonos rosas<\/b> en sus p\u00e1rpados, que contrastaba con el negro que sombreaba el ojo. Eligi\u00f3 un labial a tono, que daba un aire rom\u00e1ntico a su rostro.<\/p>\n","protected":false},"excerpt":{"rendered":"Amaia o Lola \u00cdndigo, desde Granada, eran algunas de las artistas encargadas de amenizar la noche de fin&hellip;\n","protected":false},"author":2,"featured_media":320910,"comment_status":"","ping_status":"","sticky":false,"template":"","format":"standard","meta":{"footnotes":""},"categories":[174],"tags":[255,146,147,25,24,256,18005,14494,199,7745,23,15818],"class_list":{"0":"post-320909","1":"post","2":"type-post","3":"status-publish","4":"format-standard","5":"has-post-thumbnail","7":"category-famosos","8":"tag-celebrities","9":"tag-entertainment","10":"tag-entretenimiento","11":"tag-es","12":"tag-espana","13":"tag-famosos","14":"tag-mariah","15":"tag-marta","16":"tag-sanchez","17":"tag-se","18":"tag-spain","19":"tag-viste"},"share_on_mastodon":{"url":"https:\/\/pubeurope.com\/@es\/115831438314186917","error":""},"_links":{"self":[{"href":"https:\/\/www.europesays.com\/es\/wp-json\/wp\/v2\/posts\/320909","targetHints":{"allow":["GET"]}}],"collection":[{"href":"https:\/\/www.europesays.com\/es\/wp-json\/wp\/v2\/posts"}],"about":[{"href":"https:\/\/www.europesays.com\/es\/wp-json\/wp\/v2\/types\/post"}],"author":[{"embeddable":true,"href":"https:\/\/www.europesays.com\/es\/wp-json\/wp\/v2\/users\/2"}],"replies":[{"embeddable":true,"href":"https:\/\/www.europesays.com\/es\/wp-json\/wp\/v2\/comments?post=320909"}],"version-history":[{"count":0,"href":"https:\/\/www.europesays.com\/es\/wp-json\/wp\/v2\/posts\/320909\/revisions"}],"wp:featuredmedia":[{"embeddable":true,"href":"https:\/\/www.europesays.com\/es\/wp-json\/wp\/v2\/media\/320910"}],"wp:attachment":[{"href":"https:\/\/www.europesays.com\/es\/wp-json\/wp\/v2\/media?parent=320909"}],"wp:term":[{"taxonomy":"category","embeddable":true,"href":"https:\/\/www.europesays.com\/es\/wp-json\/wp\/v2\/categories?post=320909"},{"taxonomy":"post_tag","embeddable":true,"href":"https:\/\/www.europesays.com\/es\/wp-json\/wp\/v2\/tags?post=320909"}],"curies":[{"name":"wp","href":"https:\/\/api.w.org\/{rel}","templated":true}]}}