{"id":320958,"date":"2026-01-03T14:10:07","date_gmt":"2026-01-03T14:10:07","guid":{"rendered":"https:\/\/www.europesays.com\/es\/320958\/"},"modified":"2026-01-03T14:10:07","modified_gmt":"2026-01-03T14:10:07","slug":"venezuela-vive-con-miedo-e-incertidumbre-el-ataque-de-trump","status":"publish","type":"post","link":"https:\/\/www.europesays.com\/es\/320958\/","title":{"rendered":"Venezuela vive con miedo e incertidumbre el ataque de Trump"},"content":{"rendered":"<p>Cuando las primeras explosiones se registraron en Caracas hacia las 2:00 horas de la madrugada de este s\u00e1bado, algunos pensaban que se trataba de <strong>pirotecnia por las celebraciones de A\u00f1o Nuevo<\/strong>. Venezuela, explican varios testimonios desde dentro y fuera del pa\u00eds, no esperaba, y menos en estas fechas, un <a href=\"https:\/\/www.rtve.es\/noticias\/20260103\/varias-detonaciones-caracas-tensiones-con-eeuu\/16881311.shtml\" rel=\"nofollow noopener\" target=\"_blank\">ataque como el que Estados Unidos ha lanzado sobre el pa\u00eds para capturar a Nicol\u00e1s Maduro<\/a>, a pesar de que la tensi\u00f3n hab\u00eda ido en aumento en los \u00faltimos meses.<\/p>\n<p><strong>\u00abIncertidumbre\u00bb, \u00abcautela\u00bb y \u00abcalma tensa\u00bb<\/strong> son algunos de los t\u00e9rminos que m\u00e1s se repiten por parte de los venezolanos entrevistados para este reportaje. Todos, tanto partidarios del oficialismo como de la oposici\u00f3n, miran con preocupaci\u00f3n lo que va a ocurrir en las pr\u00f3ximas horas y los pr\u00f3ximos d\u00edas. <\/p>\n<p>\u00abMi mam\u00e1 fue la primera que escuch\u00f3 los estruendos, <strong>dos impactos que hicieron temblar los vidrios de casa\u00bb<\/strong>, cuenta a RTVE Noticias Juan Carlos Rozo, periodista venezolano que vive en pleno centro de Caracas, a pocos metros del Palacio de Miraflores -residencia del presidente- y del Palacio Legislativo. <\/p>\n<p>\u00abLas explosiones fueron de consideraci\u00f3n y se han escuchado a los helic\u00f3pteros sobrevolando\u00bb, ha apuntado por su parte Isnardo Bravo, tambi\u00e9n reportero.<strong> \u00abEl pa\u00eds fue madrugado<\/strong>, literalmente\u00bb, y aunque el procedimiento militar era largamente esperado, \u00abtermin\u00f3 concret\u00e1ndose en un periodo vacacional\u00bb, se\u00f1ala Alonso Moleiro, periodista venezolano en la capital del pa\u00eds caribe\u00f1o.<\/p>\n<p>En el este de la ciudad, basti\u00f3n de la oposici\u00f3n, se han ido escuchando<strong> \u00abgritos de alegr\u00eda y algarab\u00edas\u00bb,<\/strong> seg\u00fan Rozo, a medida que la ciudad ha ido despertando y ha conocido la detenci\u00f3n de Maduro y su mujer por parte del Ej\u00e9rcito estadounidense, seg\u00fan la versi\u00f3n de Trump.<\/p>\n<p>\u00abLas calles amanecieron vac\u00edas\u00bb<\/p>\n<p>Tras los bombardeos de la Fuerza A\u00e9rea estadounidense, que se han centrado en objetivos militares como el Fuerte Tiuna -sede del Ministerio de Defensa- o la base a\u00e9rea de La Carlota, Venezuela ha declarado el estado de conmoci\u00f3n exterior, el equivalente al estado de emergencia, por el que<strong>\u00a0se limita la libre reuni\u00f3n y se restringen los movimientos.<\/strong> <\/p>\n<p>\u00abLas calles amanecieron vac\u00edas. La poblaci\u00f3n venezolana, que ha protestado mucho en este tiempo, <strong>tiene muy viva la memoria de la represi\u00f3n pol\u00edtica\u00bb<\/strong>, ha explicado Moleiro.  \u00abLa gente no est\u00e1 saliendo a las calles, est\u00e1n muy tensos\u00bb, coincide Jessica Herrera, periodista peruano-venezolana que sigue la situaci\u00f3n desde Lima en permanente contacto con familiares y amigos. Desde su casa en Caracas, Rozo escucha menos ruido de lo habitual en el centro de la ciudad. <\/p>\n<p>S\u00ed que hay personas que han salido<strong> \u00abpara surtirse de combustible\u00bb<\/strong> o que han acudido \u00aba supermercados o farmacias\u00bb, muchos de los cuales siguen cerrados, seg\u00fan la periodista venezolana Carolina Alcalde, presente en Caracas. Otros ya hab\u00edan hecho acopio y tienen v\u00edveres para meses, mientras que gran parte de la poblaci\u00f3n viv\u00eda \u00abal d\u00eda\u00bb, seg\u00fan distintos testimonios consultados por este medio.<\/p>\n<p>Celebraci\u00f3n contenida de la oposici\u00f3n <\/p>\n<p>Actualmente est\u00e1 restringida la libre reuni\u00f3n y hay numerosos controles militares en las calles para vigilar los movimientos de la poblaci\u00f3n, seg\u00fan Rozo. Esto y la incertidumbre ante lo que pueda venir<strong> impide que se produzcan, por el momento, grandes manifestaciones <\/strong>de celebraci\u00f3n o protesta en el pa\u00eds caribe\u00f1o, donde hay mucha \u00abpolarizaci\u00f3n\u00bb, se\u00f1ala.<\/p>\n<p>\u00abEl pa\u00eds est\u00e1 en su casa. En las calles de Caracas<strong> solo se han visto algunos motorizados que pertenecen a los colectivos<\/strong>, fuerzas de choque que siempre ha usado el Gobierno para momentos particulares como este\u00bb, se\u00f1ala Bravo. El resto \u00abest\u00e1 en una tensa expectativa\u00bb.<\/p>\n<p>Reina la confusi\u00f3n y la incredulidad, y \u00abaunque el r\u00e9gimen chavista es bastante impopular en este momento\u00bb, la\u00a0<strong>militancia oficialista \u00abmantiene niveles de compromiso y lealtad con el r\u00e9gimen\u00bb<\/strong>\u00a0y hay algunas muestras de apoyo al Gobierno, si bien peque\u00f1as, en distintos estados del pa\u00eds, explica Moleiro citando la informaci\u00f3n que proporcionan los medios oficiales.<\/p>\n<p>Por su parte, los opositores al r\u00e9gimen s\u00ed que est\u00e1n celebrando, aunque de manera contenida, la noticia de la salida de Maduro. <strong>\u00abLa gente tiene esperanzas y \u00e1nimo, est\u00e1n dispuestos a aguantar lo que venga con tal de salir del r\u00e9gimen\u00bb<\/strong>, afirma Manuel Rodr\u00edguez, venezolano afincado en Madrid y l\u00edder de la Plataforma de Ayuda a Venezuela. <\/p>\n<p>Sin embargo, se muestra \u00abmuy cauto\u00bb, ya que puede haber <strong>\u00abrepresalias contra la gente de la oposici\u00f3n\u00bb<\/strong>, algo que ya ha ocurrido en el pasado, recalca. Adem\u00e1s, las fuerzas opositoras, divididas, todav\u00eda no se han pronunciado. Tampoco Mar\u00eda Corina Machado, uno de los rostros m\u00e1s conocidos de los contrarios al chavismo, y <a href=\"https:\/\/www.rtve.es\/noticias\/20251210\/ceremonia-entrega-premio-nobel-paz-2025-maria-corina-machado\/16852355.shtml\" rel=\"nofollow noopener\" target=\"_blank\">recientemente galardonada con el Premio Nobel de la Paz<\/a>. \u00abEstamos en manos de Trump\u00bb, reconoce Rodr\u00edguez.<\/p>\n<p>Primer ataque a Venezuela en la era republicana<\/p>\n<p>Aunque el Gobierno de Maduro hab\u00eda pedido a la poblaci\u00f3n que se preparase, el ataque ha pillado por sorpresa a muchos.<strong> \u00abHonestamente, nadie est\u00e1 preparado para un ataque armado<\/strong>, Venezuela en su historia republicana no ha preparado a la poblaci\u00f3n para ninguna agresi\u00f3n militar porque no ha sido necesario\u00bb, asevera. Es el primer ataque exterior desde tiempos de la colonia.<\/p>\n<p>Los bombardeos, adem\u00e1s,<strong> han sorprendido a buena parte de la poblaci\u00f3n en la playa o de viaje<\/strong>, al darse en plenas fiestas navide\u00f1as. Muchos no podr\u00e1n volver de momento a sus hogares porque con el estado de conmoci\u00f3n se restringen tanto los vuelos como el transporte por tierra.<\/p>\n<p>\u00abVer para creer y luego manifestarse\u00bb<\/p>\n<p>El pa\u00eds vive \u00abun vaiv\u00e9n de emociones\u00bb, seg\u00fan Herrera. La incertidumbre se basa esencialmente en una <strong>falta de \u00abinformaci\u00f3n clara\u00bb,<\/strong> seg\u00fan Alcalde. Por un lado, las televisiones y radios controladas por el Gobierno \u00abno est\u00e1n informando de todo lo que est\u00e1 ocurriendo\u00bb y por otro, tampoco hay noticias desde la oposici\u00f3n, por lo que \u00abla gente se est\u00e1 informando a trav\u00e9s de las redes\u00bb, seg\u00fan Isnardo Bravo.<\/p>\n<p>Y en las redes se est\u00e1 colando \u00abmuch\u00edsima desinformaci\u00f3n\u00bb, apunta Rozo, con \u00abmuchos v\u00eddeos creados con inteligencia artificial\u00bb. Es por ello que muchos prefieren esperar a saber qu\u00e9 ocurre con Maduro o qui\u00e9n le sucede en el poder tras su arresto.<\/p>\n<p>La incredulidad sigue muy presente en estas primeras horas. \u00abYo dec\u00eda &#8216;no lo creo hasta que vea a Maduro con el mono naranja'\u00bb de preso, apunta Herrera. \u00abLa gente est\u00e1 esperando como Santo Tom\u00e1s. <strong>Ver para creer y luego manifestarse a favor o en contra de la situaci\u00f3n\u00bb<\/strong>, afirma Bravo.<\/p>\n","protected":false},"excerpt":{"rendered":"Cuando las primeras explosiones se registraron en Caracas hacia las 2:00 horas de la madrugada de este s\u00e1bado,&hellip;\n","protected":false},"author":2,"featured_media":320959,"comment_status":"","ping_status":"","sticky":false,"template":"","format":"standard","meta":{"footnotes":""},"categories":[42],"tags":[17,18,13,14,11,61,62,63,64,19,20,9,10,15,16,12,21,22,65,66,67],"class_list":{"0":"post-320958","1":"post","2":"type-post","3":"status-publish","4":"format-standard","5":"has-post-thumbnail","7":"category-internacional","8":"tag-breaking-news","9":"tag-breakingnews","10":"tag-featured-news","11":"tag-featurednews","12":"tag-headlines","13":"tag-internacional","14":"tag-international","15":"tag-international-news","16":"tag-internationalnews","17":"tag-latest-news","18":"tag-latestnews","19":"tag-news","20":"tag-noticias","21":"tag-noticias-destacadas","22":"tag-noticiasdestacadas","23":"tag-titulares","24":"tag-ultimas-noticias","25":"tag-ultimasnoticias","26":"tag-world","27":"tag-world-news","28":"tag-worldnews"},"share_on_mastodon":{"url":"https:\/\/pubeurope.com\/@es\/115831572056203901","error":""},"_links":{"self":[{"href":"https:\/\/www.europesays.com\/es\/wp-json\/wp\/v2\/posts\/320958","targetHints":{"allow":["GET"]}}],"collection":[{"href":"https:\/\/www.europesays.com\/es\/wp-json\/wp\/v2\/posts"}],"about":[{"href":"https:\/\/www.europesays.com\/es\/wp-json\/wp\/v2\/types\/post"}],"author":[{"embeddable":true,"href":"https:\/\/www.europesays.com\/es\/wp-json\/wp\/v2\/users\/2"}],"replies":[{"embeddable":true,"href":"https:\/\/www.europesays.com\/es\/wp-json\/wp\/v2\/comments?post=320958"}],"version-history":[{"count":0,"href":"https:\/\/www.europesays.com\/es\/wp-json\/wp\/v2\/posts\/320958\/revisions"}],"wp:featuredmedia":[{"embeddable":true,"href":"https:\/\/www.europesays.com\/es\/wp-json\/wp\/v2\/media\/320959"}],"wp:attachment":[{"href":"https:\/\/www.europesays.com\/es\/wp-json\/wp\/v2\/media?parent=320958"}],"wp:term":[{"taxonomy":"category","embeddable":true,"href":"https:\/\/www.europesays.com\/es\/wp-json\/wp\/v2\/categories?post=320958"},{"taxonomy":"post_tag","embeddable":true,"href":"https:\/\/www.europesays.com\/es\/wp-json\/wp\/v2\/tags?post=320958"}],"curies":[{"name":"wp","href":"https:\/\/api.w.org\/{rel}","templated":true}]}}