{"id":320966,"date":"2026-01-03T14:20:07","date_gmt":"2026-01-03T14:20:07","guid":{"rendered":"https:\/\/www.europesays.com\/es\/320966\/"},"modified":"2026-01-03T14:20:07","modified_gmt":"2026-01-03T14:20:07","slug":"un-discreto-aday-mara-contribuye-a-una-nueva-victoria-de-michigan","status":"publish","type":"post","link":"https:\/\/www.europesays.com\/es\/320966\/","title":{"rendered":"Un discreto Aday Mara contribuye a una nueva victoria de Michigan"},"content":{"rendered":"<p class=\"paragraph\">Michigan es una apisonadora y no para de ganar. De hecho, sus \u00faltimos partidos se cuentan por palizas: los tres m\u00e1s recientes los ha ganado por 30 o m\u00e1s puntos. En la pasada madrugada el equipo de <a href=\"https:\/\/www.heraldo.es\/tags\/personas\/aday-mara.html\" title=\"Aday Mara\" rel=\"nofollow noopener\" target=\"_blank\">Aday Mara<\/a> se impuso a la Universidad de\u00a0Southern California por un contundente 66-96. En el duelo el p\u00edvot zaragozano aport\u00f3<b> 5 puntos y 6 rebotes en los 17 minutos que estuvo en pista. <\/b>Destaca en su estad\u00edstica personal, eso s\u00ed, que tambi\u00e9n <b>rob\u00f3 tres balones y dio dos asistencias<\/b> para que sus compa\u00f1eros pudieran culminar las jugadas en canastas: una de ellas fue tras arrebatar un bal\u00f3n a media cancha y un contraataque que acab\u00f3 en mate.\u00a0<\/p>\n<p class=\"paragraph\">El h\u00e1ndicap de Mara siguen siendo los tiros libres y en el partido de anoche acert\u00f3 s\u00f3lo uno de sus cuatro intentos. El mejor de Michigan contra California fue\u00a0<b>Morez Johnson Jr., que anot\u00f3 29 puntos<\/b>, con un excelente 10 de 12 en tiros de campo. El choque no tuvo mucha historia dado que en el descanso los Wolverines ya ganaban por 48-31, por lo que el entrenador Dusty May se dedic\u00f3 a repartir minutos entre los menos habituales.\u00a0<\/p>\n<p class=\"paragraph\">A pesar de que no fue el partido m\u00e1s brillante de Aday Mara, el joven excanterano del Casademont sigue sumando m\u00e9ritos para estar lo m\u00e1s alto posible en el draft de la NBA del pr\u00f3ximo curso.<b> Todas las predicciones se\u00f1alan que ser\u00e1 elegido en primera ronda<\/b>, pero no se atreven a afinar en exceso el puesto. Desde que abandon\u00f3 la Universidad de UCLA, tras dos a\u00f1os que resultaron algo frustrantes, Mara ha dado un salto en sus prestaciones en la NCAA y muchos ojeadores lo siguen de cerca. Habr\u00e1 que ver si sucede parecido con el otro hijo pr\u00f3digo del Casademont, <a href=\"https:\/\/www.heraldo.es\/noticias\/deportes\/2025\/12\/26\/lucas-langarita-tambien-cruza-el-charco-la-huella-que-deja-un-nuevo-hijo-prodigo-1881323.html\" title=\"Lucas Langarita tambi\u00e9n cruza el charco: la huella que deja el nuevo hijo pr\u00f3digo del Casademont\" rel=\"nofollow noopener\" target=\"_blank\">Lucas Langarita, que acaba de aterrizar en los Utah Utes y podr\u00eda debutar esta misma madrugada en el partido que jugar\u00e1 su equipo contra Arizona.\u00a0<\/a><\/p>\n","protected":false},"excerpt":{"rendered":"Michigan es una apisonadora y no para de ganar. De hecho, sus \u00faltimos partidos se cuentan por palizas:&hellip;\n","protected":false},"author":2,"featured_media":320967,"comment_status":"","ping_status":"","sticky":false,"template":"","format":"standard","meta":{"footnotes":""},"categories":[269],"tags":[299,298,24908,168,6830,25,24,5225,795,23,167,1261],"class_list":{"0":"post-320966","1":"post","2":"type-post","3":"status-publish","4":"format-standard","5":"has-post-thumbnail","7":"category-baloncesto","8":"tag-baloncesto","9":"tag-basketball","10":"tag-contribuye","11":"tag-deportes","12":"tag-discreto","13":"tag-es","14":"tag-espana","15":"tag-michigan","16":"tag-nueva","17":"tag-spain","18":"tag-sports","19":"tag-victoria"},"share_on_mastodon":{"url":"https:\/\/pubeurope.com\/@es\/115831611533395383","error":""},"_links":{"self":[{"href":"https:\/\/www.europesays.com\/es\/wp-json\/wp\/v2\/posts\/320966","targetHints":{"allow":["GET"]}}],"collection":[{"href":"https:\/\/www.europesays.com\/es\/wp-json\/wp\/v2\/posts"}],"about":[{"href":"https:\/\/www.europesays.com\/es\/wp-json\/wp\/v2\/types\/post"}],"author":[{"embeddable":true,"href":"https:\/\/www.europesays.com\/es\/wp-json\/wp\/v2\/users\/2"}],"replies":[{"embeddable":true,"href":"https:\/\/www.europesays.com\/es\/wp-json\/wp\/v2\/comments?post=320966"}],"version-history":[{"count":0,"href":"https:\/\/www.europesays.com\/es\/wp-json\/wp\/v2\/posts\/320966\/revisions"}],"wp:featuredmedia":[{"embeddable":true,"href":"https:\/\/www.europesays.com\/es\/wp-json\/wp\/v2\/media\/320967"}],"wp:attachment":[{"href":"https:\/\/www.europesays.com\/es\/wp-json\/wp\/v2\/media?parent=320966"}],"wp:term":[{"taxonomy":"category","embeddable":true,"href":"https:\/\/www.europesays.com\/es\/wp-json\/wp\/v2\/categories?post=320966"},{"taxonomy":"post_tag","embeddable":true,"href":"https:\/\/www.europesays.com\/es\/wp-json\/wp\/v2\/tags?post=320966"}],"curies":[{"name":"wp","href":"https:\/\/api.w.org\/{rel}","templated":true}]}}