{"id":321057,"date":"2026-01-03T15:34:20","date_gmt":"2026-01-03T15:34:20","guid":{"rendered":"https:\/\/www.europesays.com\/es\/321057\/"},"modified":"2026-01-03T15:34:20","modified_gmt":"2026-01-03T15:34:20","slug":"ciclocross-de-nivel-entre-del-grosso-y-nys-en-diegem","status":"publish","type":"post","link":"https:\/\/www.europesays.com\/es\/321057\/","title":{"rendered":"Ciclocross de nivel entre Del Grosso y Nys en Diegem"},"content":{"rendered":"<p><img fetchpriority=\"high\" decoding=\"async\" class=\"aligncenter size-full wp-image-67398\" src=\"data:image\/svg+xml,%3Csvg%20xmlns=\" http:=\"\" alt=\"\" width=\"1025\" height=\"400\" data-lazy- data-lazy- data-lazy-src=\"https:\/\/www.europesays.com\/es\/wp-content\/uploads\/2025\/11\/anunci-generic-bla-1-1024x120-px-v3-02.jpg\"\/><\/p>\n<p>Mano a mano de Del Grosso y Nys en Diegem con significado especial<\/p>\n<p>Diegem siempre ha tenido ese aura especial, el ciclocross que se vive entre el vaho de la respiraci\u00f3n y el olor a aceite de freidora.<\/p>\n<p>Es la v\u00edspera de Nochevieja, <strong>una noche memorable donde el invierno belga se siente en los huesos<\/strong>, pero el calor del p\u00fablico \u2014ese llenazo absoluto que solo se ve en las grandes citas\u2014 caldea el ambiente en una de las carreras m\u00e1s singulares del calendario. Sin embargo, este a\u00f1o el guion cambi\u00f3 de protagonistas.<\/p>\n<p><a class=\"wppaslink\" href=\"https:\/\/joanseguidor.com\/pas\/ccmm-valenciana\/44016\/0\" target=\"_blank\" rel=\"nofollow noopener\"><img decoding=\"async\" src=\"data:image\/svg+xml,%3Csvg%20xmlns=\" http:=\"\" alt=\"CCMM Valenciana\" border=\"0\" data-lazy-src=\"https:\/\/www.europesays.com\/es\/wp-content\/uploads\/2026\/01\/1767454460_295_aralleida-hivern-970x250-crea2-es.jpg\"\/><\/a><\/p>\n<p>Ya no se trata de los nombres que han tiranizado la disciplina; ahora el duelo de banderas, <strong>ese cl\u00e1sico enfrentamiento entre los campeones de B\u00e9lgica y Pa\u00edses Bajos, lo encarnan Thibau Nys y Tibor del Grosso<\/strong>.<\/p>\n<p>En Diegem, bajo los focos y sobre un terreno donde la humedad se mastica, cada detalle cuenta m\u00e1s que en cualquier otro lugar.<\/p>\n<p><strong><a href=\"https:\/\/joanseguidor.com\/tibor-del-grosso-ciclocross\/\" target=\"_blank\" rel=\"noopener nofollow\">Del Grosso<\/a> entendi\u00f3 la m\u00edstica del momento desde el primer momento<\/strong>, firmando una salida fulgurante que oblig\u00f3 a Nys a un ejercicio de persecuci\u00f3n constante, un \u201cquiero y no puedo\u201d bajo la presi\u00f3n del crono y el barro.<\/p>\n<p><strong> Fue un duelo de nervios donde la t\u00e9cnica se puso a prueba<\/strong> en cada \u00e1ngulo ciego del circuito. Nys, con el peso del maillot y la expectativa del p\u00fablico local, apret\u00f3 los dientes para dar caza al neerland\u00e9s, pero la noche ten\u00eda reservada una trampa en el lugar m\u00e1s ic\u00f3nico: los bancos de arena.<\/p>\n<p>La carrera fue un funambulismo constante.<\/p>\n<p>Del Grosso, que parec\u00eda tenerlo todo bajo control, flaque\u00f3 en una subida, un mal paso que pudo haber sido el principio del fin.<\/p>\n<p>Pero en Diegem la fortuna es caprichosa.<\/p>\n<p>En el mismo banco de arena que deb\u00eda ser el trampol\u00edn para Nys, el belga arruin\u00f3 sus opciones.<\/p>\n<p>Un error, un mal apoyo en la arena h\u00fameda, y la victoria se esfum\u00f3 para el \u00eddolo local en favor de un Del Grosso que supo leer los tiempos de una noche g\u00e9lida.<\/p>\n<p>Mientras los aficionados apuraban sus cartuchos de patatas fritas y se resguardaban del fr\u00edo, el ciclocross demostraba que, incluso sin los \u201cgrandes\u201d nombres habituales, <strong>la esencia de este deporte sigue intacta en las noches de Navidad<\/strong>.<\/p>\n<p>Es el relevo natural, la misma intensidad de siempre, pero con caras nuevas escribiendo la historia sobre el mismo barro de siempre.<\/p>\n","protected":false},"excerpt":{"rendered":"Mano a mano de Del Grosso y Nys en Diegem con significado especial Diegem siempre ha tenido ese&hellip;\n","protected":false},"author":2,"featured_media":321058,"comment_status":"","ping_status":"","sticky":false,"template":"","format":"standard","meta":{"footnotes":""},"categories":[273],"tags":[313,44324,312,168,25,24,2548,23,167,58353,68278],"class_list":{"0":"post-321057","1":"post","2":"type-post","3":"status-publish","4":"format-standard","5":"has-post-thumbnail","7":"category-ciclismo","8":"tag-ciclismo","9":"tag-ciclocross","10":"tag-cycling","11":"tag-deportes","12":"tag-es","13":"tag-espana","14":"tag-featured","15":"tag-spain","16":"tag-sports","17":"tag-thibaut-nys","18":"tag-tibor-del-grosso"},"share_on_mastodon":{"url":"https:\/\/pubeurope.com\/@es\/115831902248931100","error":""},"_links":{"self":[{"href":"https:\/\/www.europesays.com\/es\/wp-json\/wp\/v2\/posts\/321057","targetHints":{"allow":["GET"]}}],"collection":[{"href":"https:\/\/www.europesays.com\/es\/wp-json\/wp\/v2\/posts"}],"about":[{"href":"https:\/\/www.europesays.com\/es\/wp-json\/wp\/v2\/types\/post"}],"author":[{"embeddable":true,"href":"https:\/\/www.europesays.com\/es\/wp-json\/wp\/v2\/users\/2"}],"replies":[{"embeddable":true,"href":"https:\/\/www.europesays.com\/es\/wp-json\/wp\/v2\/comments?post=321057"}],"version-history":[{"count":0,"href":"https:\/\/www.europesays.com\/es\/wp-json\/wp\/v2\/posts\/321057\/revisions"}],"wp:featuredmedia":[{"embeddable":true,"href":"https:\/\/www.europesays.com\/es\/wp-json\/wp\/v2\/media\/321058"}],"wp:attachment":[{"href":"https:\/\/www.europesays.com\/es\/wp-json\/wp\/v2\/media?parent=321057"}],"wp:term":[{"taxonomy":"category","embeddable":true,"href":"https:\/\/www.europesays.com\/es\/wp-json\/wp\/v2\/categories?post=321057"},{"taxonomy":"post_tag","embeddable":true,"href":"https:\/\/www.europesays.com\/es\/wp-json\/wp\/v2\/tags?post=321057"}],"curies":[{"name":"wp","href":"https:\/\/api.w.org\/{rel}","templated":true}]}}