{"id":321116,"date":"2026-01-03T16:21:15","date_gmt":"2026-01-03T16:21:15","guid":{"rendered":"https:\/\/www.europesays.com\/es\/321116\/"},"modified":"2026-01-03T16:21:15","modified_gmt":"2026-01-03T16:21:15","slug":"la-valenciana-se-consolida-en-la-cima-del-tenis","status":"publish","type":"post","link":"https:\/\/www.europesays.com\/es\/321116\/","title":{"rendered":"la valenciana se consolida en la cima del tenis"},"content":{"rendered":"<p class=\"ft-text ft-helper-align-justify\">La valenciana<strong> Edurne Tortajada Ros<\/strong> ha cerrado 2025 con una escalada impresionante entre las mejores junior de Europa. Tras proclamarse Campeona Infantil de Catalu\u00f1a a principio de a\u00f1o y quedar cuartofinalista en el Campeonato de Espa\u00f1a de <a class=\"ft-link ft-link--decoration\" href=\"https:\/\/www.superdeporte.es\/tenis\/\" target=\"_blank\" rel=\"nofollow noopener\">tenis<\/a> SUB14 en Matar\u00f3, comenz\u00f3 su escalada en los torneos internacionales de Tennis Europe consiguiendo la plata en los torneos Guillermo Vilas Trophy SUB14 y SUB16 en Mallorca y el Catalonia Open SUB16 en Lleida. Su <a class=\"ft-link ft-link--decoration\" href=\"https:\/\/www.superdeporte.es\/tenis\/2024\/07\/09\/valenciana-edurne-tortajada-ros-campeona-105404554.html\" target=\"_blank\" rel=\"nofollow noopener\">campeonato de Espa\u00f1a Alev\u00edn de 2024<\/a> ya queda lejos.<\/p>\n<p class=\"ft-text ft-helper-align-justify\">Con los buenos resultados de este \u00faltimo trimestre, <strong>Edurne reafirma su condici\u00f3n de n\u00ba1 en su categor\u00eda dentro del ranking nacional <\/strong><a class=\"ft-link ft-link--decoration\" href=\"https:\/\/www.rfet.es\/\" target=\"_blank\" rel=\"nofollow noopener\"><strong>RFET<\/strong><\/a>. Asimismo, los puntos obtenidos internacionalmente le otorgan una plaza en el Main Draw del prestigioso torneo \u201cLe Mondial Les Petit AS\u201d by Wilson, que tendr\u00e1 lugar a finales de enero en Tarbes (Francia). La proyecci\u00f3n de Edurne es evidente ya que <strong>con tan solo 13 a\u00f1os est\u00e1 entre las mejores junior de Europa<\/strong>. El plan de competici\u00f3n para 2026 est\u00e1 enfocado en los torneos Super Category de Tennis Europe, dando ya el salto a los ITF Junior SUB18.<\/p>\n<p><img decoding=\"async\" src=\"https:\/\/www.europesays.com\/es\/wp-content\/uploads\/2026\/01\/bcaa8220-a7df-492b-9b59-9b4e9e8dc729_alta-libre-aspect-ratio_default_0.jpg\" width=\"1200\" height=\"675\" alt=\"La valenciana Edurne Tortajada se consolida como N\u00ba1 Sub14 de Espa\u00f1a y sorprende en Europa\" class=\"ft-helper-img-rd\" loading=\"lazy\"\/><\/p>\n<p class=\"ft-helper-fontColor-quaternary ft-helper-fontSize-body-S ft-helper-spacer-t-xxs\">La valenciana Edurne Tortajada se consolida como N\u00ba1 Sub14 de Espa\u00f1a y sorprende en Europa  \/ SD<\/p>\n<p>Caminando entre gigantes<\/p>\n<p class=\"ft-text\">\u00abNo puedo sentirme mejor despu\u00e9s de estas dos semanas de duro trabajo que me ha llevado a la <strong>segunda posici\u00f3n en SUB14 y SUB16 Tennis Europe Vilas Trophy<\/strong>. Con un contundente 4-1 arriba en el primer set, he comenzado a sentir que las piernas me dec\u00edan: &#8216;Date un respiro Edurne. Has hecho un buen trabajo y es momento de descansar y recuperarte. El camino es largo y no tenemos que demostrar nada a nadie&#8217;. He tenido que retirarme, pues m\u00e1s vale prevenir que curar y para m\u00ed el objetivo no es ganar un torneo, ni dos\u2026 mi objetivo es ser la mejor versi\u00f3n de m\u00ed misma y lo estoy consiguiendo. <strong>Mi tenis y mi cabeza mejoran por d\u00edas<\/strong>\u00ab.<\/p>\n<p><img decoding=\"async\" src=\"https:\/\/www.europesays.com\/es\/wp-content\/uploads\/2026\/01\/a9aafb13-bc4e-4250-999b-12e5fc0b28f0_alta-libre-aspect-ratio_default_0.jpg\" width=\"1200\" height=\"675\" alt=\"La valenciana Edurne Tortajada, en Matar\u00f3\" class=\"ft-helper-img-rd\" loading=\"lazy\"\/><\/p>\n<p class=\"ft-helper-fontColor-quaternary ft-helper-fontSize-body-S ft-helper-spacer-t-xxs\">La valenciana Edurne Tortajada, en Matar\u00f3  \/ SD<\/p>\n<p class=\"ft-text\">Edurne es el futuro del tenis femenino espa\u00f1ol.<\/p>\n","protected":false},"excerpt":{"rendered":"La valenciana Edurne Tortajada Ros ha cerrado 2025 con una escalada impresionante entre las mejores junior de Europa.&hellip;\n","protected":false},"author":2,"featured_media":321117,"comment_status":"","ping_status":"","sticky":false,"template":"","format":"standard","meta":{"footnotes":""},"categories":[274],"tags":[8111,168,16836,25,19525,24,700,66263,23,167,327,326,74758,11004],"class_list":{"0":"post-321116","1":"post","2":"type-post","3":"status-publish","4":"format-standard","5":"has-post-thumbnail","7":"category-tenis","8":"tag-consolida","9":"tag-deportes","10":"tag-edurne","11":"tag-es","12":"tag-escalada","13":"tag-espana","14":"tag-europa","15":"tag-no1","16":"tag-spain","17":"tag-sports","18":"tag-tenis","19":"tag-tennis","20":"tag-tortajada","21":"tag-valenciana"},"share_on_mastodon":{"url":"https:\/\/pubeurope.com\/@es\/115832087056246984","error":""},"_links":{"self":[{"href":"https:\/\/www.europesays.com\/es\/wp-json\/wp\/v2\/posts\/321116","targetHints":{"allow":["GET"]}}],"collection":[{"href":"https:\/\/www.europesays.com\/es\/wp-json\/wp\/v2\/posts"}],"about":[{"href":"https:\/\/www.europesays.com\/es\/wp-json\/wp\/v2\/types\/post"}],"author":[{"embeddable":true,"href":"https:\/\/www.europesays.com\/es\/wp-json\/wp\/v2\/users\/2"}],"replies":[{"embeddable":true,"href":"https:\/\/www.europesays.com\/es\/wp-json\/wp\/v2\/comments?post=321116"}],"version-history":[{"count":0,"href":"https:\/\/www.europesays.com\/es\/wp-json\/wp\/v2\/posts\/321116\/revisions"}],"wp:featuredmedia":[{"embeddable":true,"href":"https:\/\/www.europesays.com\/es\/wp-json\/wp\/v2\/media\/321117"}],"wp:attachment":[{"href":"https:\/\/www.europesays.com\/es\/wp-json\/wp\/v2\/media?parent=321116"}],"wp:term":[{"taxonomy":"category","embeddable":true,"href":"https:\/\/www.europesays.com\/es\/wp-json\/wp\/v2\/categories?post=321116"},{"taxonomy":"post_tag","embeddable":true,"href":"https:\/\/www.europesays.com\/es\/wp-json\/wp\/v2\/tags?post=321116"}],"curies":[{"name":"wp","href":"https:\/\/api.w.org\/{rel}","templated":true}]}}