{"id":321118,"date":"2026-01-03T16:24:12","date_gmt":"2026-01-03T16:24:12","guid":{"rendered":"https:\/\/www.europesays.com\/es\/321118\/"},"modified":"2026-01-03T16:24:12","modified_gmt":"2026-01-03T16:24:12","slug":"doblete-en-barcelona-y-valiente-debut-con-el-casademont-de-la-liga-endesa","status":"publish","type":"post","link":"https:\/\/www.europesays.com\/es\/321118\/","title":{"rendered":"doblete en Barcelona y valiente debut con el Casademont de la Liga Endesa"},"content":{"rendered":"<p>            Matija Lukic: doblete en Barcelona y valiente debut con el Casademont de la Liga Endesa                <\/p>\n<p>Matija Lukic: doblete en Barcelona y valiente debut con el Casademont de la Liga Endesa<\/p>\n<p class=\"epigraph\">La joven perla del U-22, de apenas 16 a\u00f1os, fue el mejor de su equipo contra el Atl\u00e9tic Bar\u00e7a y, despu\u00e9s, meti\u00f3 tres puntos contra el Barcelona &#8216;de mayores&#8217;.\u00a0<\/p>\n<p class=\"paragraph\">El <a href=\"https:\/\/www.heraldo.es\/tags\/instituciones_empresas\/basket-zaragoza.html\" title=\"Casademont Zaragoza\" rel=\"nofollow noopener\" target=\"_blank\">Casademont <\/a>sorprende el pasado verano con su fichaje y parece que no se ha equivocado. El joven\u00a0escolta neerland\u00e9s<b> Matija Lukic<\/b>, de apenas 16 a\u00f1os, era una de las<b> \u00abapuestas de futuro\u00bb<\/b> del club y \u00e9ste parece estar adelant\u00e1ndose. El viernes Lukic no solo fue el mejor de su equipo en el partido de la Liga U-22, sino que -adem\u00e1s- aprovechando que los mayores jugaban tambi\u00e9n en Barcelona complet\u00f3 la convocatoria del Casademont de Jes\u00fas Ram\u00edrez.\u00a0<\/p>\n<p>            Conforme a los criterios de<br \/>\n            <a class=\"trustproject_img\" id=\"trustproject_img\" href=\"https:\/\/thetrustproject.org\/\" target=\"_blank\" rel=\"nofollow noopener\" aria-label=\"Trust Project\"><img decoding=\"async\" loading=\"lazy\" src=\"https:\/\/www.heraldo.es\/images\/Trust-Logo-Horizontal.svg\" alt=\"Logo Trust Project\" width=\"200\" height=\"34\"\/><\/a><\/p>\n<p>        <a href=\"https:\/\/www.henneo.com\/\" title=\"Grupo Henneo\" class=\"logo\" rel=\"nofollow noopener\" target=\"_blank\"><br \/>\n            <img decoding=\"async\" src=\"https:\/\/www.heraldo.es\/images\/logo_henneo_gris.svg\" alt=\"Logo Henneo\" width=\"559\" height=\"389\" loading=\"lazy\"\/><br \/>\n        <\/a><\/p>\n<p>\u00a9 HERALDO DE ARAGON EDITORA, S.L.U.<br \/>Tel\u00e9fono 976 765 000 \/ &#8211; P\u00ba. Independencia, 29, 50001 Zaragoza &#8211; CIF: B99288763 &#8211; Inscrita en el Registro Mercantil de Zaragoza al Tomo 3796, Libro 0, Folio 177, Secci\u00f3n 8, Hoja Z-50564<br \/>Queda prohibida toda reproducci\u00f3n sin permiso escrito de la empresa a los efectos del art\u00edculo 32.1, p\u00e1rrafo segundo, de la Ley de Propiedad Intelectual<\/p>\n<p>\n                P\u00ba Independencia, 29, 50001 Zaragoza<br \/> Tel\u00e9fono 976 765 000\n            <\/p>\n<p>                    Actualmente tu navegador no permite ejecutar JavaScript. Para poder disfrutar de nuestro contenido es necesario que lo permita.<br \/>\n                                        <img decoding=\"async\" loading=\"lazy\" alt=\"Heraldo logo\" src=\"https:\/\/dkumiip2e9ary.cloudfront.net\/xalok\/heraldo\/especiales\/hola-de-nuevo\/logo-heraldo.svg\" width=\"215\" height=\"43\"\/><\/p>\n","protected":false},"excerpt":{"rendered":"Matija Lukic: doblete en Barcelona y valiente debut con el Casademont de la Liga Endesa Matija Lukic: doblete&hellip;\n","protected":false},"author":2,"featured_media":321119,"comment_status":"","ping_status":"","sticky":false,"template":"","format":"standard","meta":{"footnotes":""},"categories":[269],"tags":[299,210,298,2511,168,1354,2917,25,24,23,167,36404],"class_list":{"0":"post-321118","1":"post","2":"type-post","3":"status-publish","4":"format-standard","5":"has-post-thumbnail","7":"category-baloncesto","8":"tag-baloncesto","9":"tag-barcelona","10":"tag-basketball","11":"tag-casademont","12":"tag-deportes","13":"tag-doblete","14":"tag-endesa","15":"tag-es","16":"tag-espana","17":"tag-spain","18":"tag-sports","19":"tag-valiente"},"share_on_mastodon":{"url":"https:\/\/pubeurope.com\/@es\/115832099126360591","error":""},"_links":{"self":[{"href":"https:\/\/www.europesays.com\/es\/wp-json\/wp\/v2\/posts\/321118","targetHints":{"allow":["GET"]}}],"collection":[{"href":"https:\/\/www.europesays.com\/es\/wp-json\/wp\/v2\/posts"}],"about":[{"href":"https:\/\/www.europesays.com\/es\/wp-json\/wp\/v2\/types\/post"}],"author":[{"embeddable":true,"href":"https:\/\/www.europesays.com\/es\/wp-json\/wp\/v2\/users\/2"}],"replies":[{"embeddable":true,"href":"https:\/\/www.europesays.com\/es\/wp-json\/wp\/v2\/comments?post=321118"}],"version-history":[{"count":0,"href":"https:\/\/www.europesays.com\/es\/wp-json\/wp\/v2\/posts\/321118\/revisions"}],"wp:featuredmedia":[{"embeddable":true,"href":"https:\/\/www.europesays.com\/es\/wp-json\/wp\/v2\/media\/321119"}],"wp:attachment":[{"href":"https:\/\/www.europesays.com\/es\/wp-json\/wp\/v2\/media?parent=321118"}],"wp:term":[{"taxonomy":"category","embeddable":true,"href":"https:\/\/www.europesays.com\/es\/wp-json\/wp\/v2\/categories?post=321118"},{"taxonomy":"post_tag","embeddable":true,"href":"https:\/\/www.europesays.com\/es\/wp-json\/wp\/v2\/tags?post=321118"}],"curies":[{"name":"wp","href":"https:\/\/api.w.org\/{rel}","templated":true}]}}