{"id":321169,"date":"2026-01-03T17:01:24","date_gmt":"2026-01-03T17:01:24","guid":{"rendered":"https:\/\/www.europesays.com\/es\/321169\/"},"modified":"2026-01-03T17:01:24","modified_gmt":"2026-01-03T17:01:24","slug":"espana-llama-a-la-desescalada-en-venezuela-tras-el-ataque-de-ee-uu-y-se-ofrece-a-mediar-espana","status":"publish","type":"post","link":"https:\/\/www.europesays.com\/es\/321169\/","title":{"rendered":"Espa\u00f1a llama a la \u201cdesescalada\u201d en Venezuela tras el ataque de EE UU y se ofrece a mediar | Espa\u00f1a"},"content":{"rendered":"<p class=\"\">Las reacciones al <a href=\"https:\/\/elpais.com\/america\/2026-01-03\/se-reportan-explosiones-en-distintos-puntos-de-caracas-en-medio-de-las-tensiones-con-estados-unidos.html\" target=\"_self\" rel=\"nofollow noopener\" title=\"https:\/\/elpais.com\/america\/2026-01-03\/se-reportan-explosiones-en-distintos-puntos-de-caracas-en-medio-de-las-tensiones-con-estados-unidos.html\">ataque militar de Estados Unidos a Venezuela<\/a>, ejecutado en la madrugada de este 3 de enero, no se han hecho esperar en Espa\u00f1a. El Ministerio de Asuntos Exteriores, encabezado por Jos\u00e9 Manuel Albares, ha emitido un comunicado este s\u00e1bado donde \u201chace un llamamiento a la desescalada y a la moderaci\u00f3n\u201d, adem\u00e1s de instar \u201ca actuar siempre con respeto al derecho internacional y a los principios de la Carta de Naciones Unidas\u201d. El Gobierno de Pedro S\u00e1nchez tambi\u00e9n destaca que \u201cEspa\u00f1a est\u00e1\u200b dispuesta a prestar sus buenos oficios para lograr una soluci\u00f3n pac\u00edfica y negociada <a href=\"https:\/\/elpais.com\/internacional\/2026-01-03\/ultima-hora-de-las-explosiones-en-venezuela-en-directo.html\" target=\"_self\" rel=\"nofollow noopener\" title=\"https:\/\/elpais.com\/internacional\/2026-01-03\/ultima-hora-de-las-explosiones-en-venezuela-en-directo.html\">a la actual crisis<\/a>\u201d. El presidente ha respaldado despu\u00e9s esa posici\u00f3n a trav\u00e9s de un tuit.<\/p>\n<p>Captura de video en la que se observa humo elev\u00e1ndose tras explosiones en Caracas, Venezuela, este 3 de enero de 2026. En otra imagen, una columna de humo se aprecia tras una explosi\u00f3n en el puerto de La Guaira, seg\u00fan videos difundidos en redes sociales y obtenidos por Reuters.Foto: Reuters | V\u00eddeo: EPV<\/p>\n<p class=\"\">La nota de Exteriores insiste en que el Ejecutivo espa\u00f1ol est\u00e1 en \u201cpermanente contacto\u201d con su personal diplom\u00e1tico en Venezuela, y \u201cpendiente de la situaci\u00f3n de la colonia espa\u00f1ola en el pa\u00eds\u201d. El texto a\u00f1ade: \u201cEspa\u00f1a recuerda que no ha reconocido los resultados de las elecciones del 28 de julio de 2024 y siempre ha apoyado las iniciativas para alcanzar una soluci\u00f3n democr\u00e1tica para Venezuela. Tambi\u00e9n recuerda que ha acogido, y seguir\u00e1 haci\u00e9ndolo, a decenas de miles de venezolanos que han tenido que abandonar su pa\u00eds por motivos pol\u00edticos y que \u200best\u00e1 dispuesta a ayudar en la b\u00fasqueda de una soluci\u00f3n democr\u00e1tica, negociada y pac\u00edfica para el pa\u00eds\u201d\u200b.<\/p>\n<p>M\u00e1s informaci\u00f3n<\/p>\n<p class=\"\">El presidente Pedro S\u00e1nchez (PSOE) ha hecho hincapi\u00e9 en la misma idea: \u201cEl Gobierno de Espa\u00f1a est\u00e1 haciendo un seguimiento exhaustivo de los acontecimientos en Venezuela. Nuestra embajada y consulados est\u00e1n operativos. Hacemos un llamamiento a la desescalada y a la responsabilidad. Hay que respetar el derecho internacional y los principios de la Carta de Naciones Unidas\u201d, ha expuesto en un mensaje en la plataforma X (antes llamada Twitter).<\/p>\n<blockquote class=\"twitter-tweet\">\n<p lang=\"es\" dir=\"ltr\">El Gobierno de Espa\u00f1a est\u00e1 haciendo un seguimiento exhaustivo de los acontecimientos en Venezuela. Nuestra embajada y consulados est\u00e1n operativos.<\/p>\n<p>Hacemos un llamamiento a la desescalada y a la responsabilidad. Hay que respetar el Derecho Internacional y los principios de la\u2026<\/p>\n<p>\u2014 Pedro S\u00e1nchez (@sanchezcastejon) <a href=\"https:\/\/twitter.com\/sanchezcastejon\/status\/2007410879793435112?ref_src=twsrc%5Etfw\" rel=\"nofollow noopener\" target=\"_blank\">January 3, 2026<\/a><\/p><\/blockquote>\n<p class=\"\">Otras voces se han escuchado desde el ala m\u00e1s izquierdista del Gobierno. La vicepresidenta Yolanda D\u00edaz, de Sumar, se ha manifestado en las redes sociales: \u201cEEUU vulnera la carta de Naciones Unidas y la legalidad internacional. Nuestra firme condena a esta agresi\u00f3n imperialista a Venezuela. El mundo es menos seguro y menos libre desde que Trump y la internacional del odio act\u00faan impunemente. Siempre estaremos con el derecho internacional y la paz\u201d.<\/p>\n<p class=\"\">En la misma l\u00ednea, Sira Rego, actual ministra de Juventud e Infancia y perteneciente a Izquierda Unida (IU), ha \u201ccondenado\u201d el ataque militar contra Venezuela. \u201cEs una violaci\u00f3n del derecho internacional. Mostramos nuestra solidaridad con el pueblo venezolano y llamamos a la comunidad internacional para detener este ataque y exigir respeto a los derechos humanos y a la soberan\u00eda de los Estados\u201d, ha aseverado.<\/p>\n<p class=\"\">Los representantes de varios partidos pol\u00edticos tambi\u00e9n se han pronunciado. El ultra Santiago Abascal, presidente de Vox, ha sido uno de los primeros: \u201cEl r\u00e9gimen narcoterrorista de Maduro debe rendirse inmediatamente y evitar sufrimiento al pueblo venezolano, al que ha torturado sin descanso y con brutalidad\u201d, ha tuiteado. Adem\u00e1s, la formaci\u00f3n de extrema derecha ha aprovechado para cargar contra el Gobierno espa\u00f1ol y los partidos de izquierdas: \u201cAhora veremos a la mafia sanchista y a la izquierda corrupta hablar mucho de los derechos humanos\u2026\u201d, reza un mensaje que ha colgado el partido en su cuenta.<\/p>\n<p class=\"\">El l\u00edder del PP, Alberto N\u00fa\u00f1ez Feij\u00f3o, ha tardado m\u00e1s tiempo en ofrecer una valoraci\u00f3n. Ha sido ya a las 12.00 de este s\u00e1bado cuando, a trav\u00e9s de X, ha evitado referirse directamente a las acciones ordenadas por el presidente estadounidense, Donald Trump, y en su lugar ha puesto el foco en la \u201cf\u00e9rrea dictadura\u201d de Venezuela. Una posici\u00f3n que los populares mantienen desde hace a\u00f1os y que defienden en actos y m\u00edtines. \u201cNuestra principal preocupaci\u00f3n son los espa\u00f1oles residentes en el pa\u00eds y el conjunto de los venezolanos, la m\u00e1xima prioridad en todo momento. Venezuela ha sufrido una f\u00e9rrea dictadura y reclama un futuro sin represi\u00f3n y con una transici\u00f3n democr\u00e1tica bajo el liderazgo del presidente electo Edmundo Gonz\u00e1lez y Mar\u00eda Corina Machado\u201d, arranca su texto. <\/p>\n<p class=\"\">Feij\u00f3o, dejando de lado a Trump, ha utilizado igualmente la coyuntura para cargar contra el Gobierno de S\u00e1nchez. \u201cLlevamos muchos a\u00f1os denunciando el r\u00e9gimen de Maduro y a sus aliados, tambi\u00e9n desde la \u00f3rbita del Gobierno de Espa\u00f1a. Hoy es un mal d\u00eda para todos ellos\u201d, se\u00f1ala el jefe de la oposici\u00f3n. \u201cEl actual Ejecutivo socialista sac\u00f3 de Venezuela al ganador de las elecciones\u201d, a\u00f1ade Feij\u00f3o. El l\u00edder opositor Edmundo Gonz\u00e1lez lleg\u00f3 a Espa\u00f1a en verano de 2024 para recibir asilo pol\u00edtico tras cursar por s\u00ed mismo una petici\u00f3n y gracias a unas conversaciones en las que tuvo un papel clave el expresidente Jos\u00e9 Luis Rodr\u00edguez Zapatero. <\/p>\n<blockquote class=\"twitter-tweet\">\n<p lang=\"es\" dir=\"ltr\">Seguimos con atenci\u00f3n la situaci\u00f3n en Venezuela. <\/p>\n<p>Nuestra principal preocupaci\u00f3n son los espa\u00f1oles residentes en el pa\u00eds y el conjunto de los venezolanos, la m\u00e1xima prioridad en todo momento. Venezuela ha sufrido una f\u00e9rrea dictadura y reclama un futuro sin represi\u00f3n y con una\u2026<\/p>\n<p>\u2014 Alberto N\u00fa\u00f1ez Feij\u00f3o (@NunezFeijoo) <a href=\"https:\/\/twitter.com\/NunezFeijoo\/status\/2007411292722581607?ref_src=twsrc%5Etfw\" rel=\"nofollow noopener\" target=\"_blank\">January 3, 2026<\/a><\/p><\/blockquote>\n<p class=\"\">\u201cLa prudencia es compatible con la esperanza de que Venezuela recupere el futuro que Maduro le arrebat\u00f3 con el silencio c\u00f3mplice de demasiados dirigentes de mi pa\u00eds. Solo la libertad y la democracia traer\u00e1n el futuro en paz que Venezuela merece\u201d, concluye el presidente del PP.<\/p>\n<p class=\"\">Como acostumbra, la presidenta de la Comunidad de Madrid, Isabel D\u00edaz Ayuso, ha ido un paso m\u00e1s all\u00e1 de Feij\u00f3o y ha calificado los ataques de Trump sobre Venezuela como una de las \u201cnoticias m\u00e1s importantes de los \u00faltimos tiempos\u201d. \u201cMaduro es un dictador que secuestr\u00f3 las urnas y a su pueblo: asesinatos, torturas, hambruna y \u00e9xodo de millones de venezolanos\u201d, ha aseverado la dirigente popular en X. \u201cLa ca\u00edda del r\u00e9gimen y la vuelta de la democracia a Venezuela con la Nobel de la Paz Mar\u00eda Corina Machado, es una de las noticias m\u00e1s importantes de los \u00faltimos tiempos\u201d, ha dicho Ayuso.<\/p>\n<p class=\"\">Igual de expl\u00edcitos y beligerantes, respaldando sin ambages las acciones de Trump, han sido dos dirigentes del PP. El l\u00edder del Partido Popular en Catalu\u00f1a, Alejandro Fern\u00e1ndez, ha sostenido en X que \u201ca los dictadores que ama\u00f1an elecciones y torturan a sus opositores no se les saca presentando mociones y cantando el Imagine&#8230;\u201d. Tambi\u00e9n a trav\u00e9s de la red social se ha pronunciado el diputado popular Rafael Hernando, que ha seguido la misma l\u00ednea. \u201cNo hacen falta mediadores de ning\u00fan tipo, sino que el triunfador de las elecciones democr\u00e1ticas vuelva a su pa\u00eds y se reinstaure la democracia y la libertad\u201d, ha se\u00f1alado en referencia al opositor venezolano Edmundo Gonz\u00e1lez. <\/p>\n<p>\u201cPirater\u00eda imperialista\u201d<\/p>\n<p class=\"\">Por su parte, la respuesta de las fuerzas de izquierdas al ataque militar de EE UU ha sido diametralmente opuesta a la ofrecida por la ultraderecha. Lara Hern\u00e1ndez, coordinadora de Sumar, ha afirmado: \u201cCondenamos con firmeza los bombardeos de Estados Unidos a Venezuela\u201d. \u201cLos ataques constituyen una grav\u00edsima violaci\u00f3n de la Carta de Naciones Unidas, una agresi\u00f3n unilateral, un acto de pirater\u00eda imperialista contra un Estado miembro de Naciones Unidas\u201d, remacha un comunicado difundido por Sumar, que sigue as\u00ed: \u201cEstos ataques han venido precedidos de graves violaciones del derecho humanitario <a href=\"https:\/\/elpais.com\/internacional\/2025-12-16\/estados-unidos-ataca-otras-tres-supuestas-narcolanchas-y-mata-a-ocho-personas.html\" target=\"_self\" rel=\"nofollow noopener\" title=\"https:\/\/elpais.com\/internacional\/2025-12-16\/estados-unidos-ataca-otras-tres-supuestas-narcolanchas-y-mata-a-ocho-personas.html\">con asesinatos de supuestos traficantes de drogas en lanchas<\/a>\u201d.<\/p>\n<p class=\"\">Enrique Santiago, diputado de IU y secretario general del Partido Comunista de Espa\u00f1a (PCE), ha incidido en la misma idea: \u201cTrump ataca a un pa\u00eds hermano, ignorando la ley internacional. Toda nuestra solidaridad con la Rep\u00fablica Bolivariana de Venezuela. La comunidad internacional debe exigir de inmediato el fin de la agresi\u00f3n\u201d. Y Gabriel Rufi\u00e1n, portavoz de ERC en el Congreso, ha dicho: \u201cBombardear otro pa\u00eds no es una guerra, es una agresi\u00f3n. Y detener al presidente de ese pa\u00eds no es un arresto, es un secuestro\u201d. <\/p>\n<blockquote class=\"twitter-tweet\">\n<p lang=\"es\" dir=\"ltr\">Y una cosa. <\/p>\n<p>Bombardear otro pa\u00eds no es una guerra, es una agresi\u00f3n. <\/p>\n<p>Y detener al Presidente de ese pa\u00eds no es un arresto, es un secuestro. <\/p>\n<p>Lo digo porque la pel\u00edcula ser\u00e1 esta y es mentira.<\/p>\n<p>\u2014 Gabriel Rufi\u00e1n (@gabrielrufian) <a href=\"https:\/\/twitter.com\/gabrielrufian\/status\/2007387002061439165?ref_src=twsrc%5Etfw\" rel=\"nofollow noopener\" target=\"_blank\">January 3, 2026<\/a><\/p><\/blockquote>\n<p class=\"\">Podemos ha elevado a\u00fan m\u00e1s el tono. \u201cTrump bombardea Venezuela. EE UU es un peligro. O les paramos o arrasar\u00e1n con todo. Espa\u00f1a es un pa\u00eds de paz y el Gobierno debe romper toda alianza con EE UU, empezando por la OTAN\u201d, ha apuntado su eurodiputada Irene Montero. Ione Belarra, secretaria general de la formaci\u00f3n, ha cargado igualmente contra la nota de Exteriores: \u201cEste comunicado es una absoluta verg\u00fcenza para cualquier pa\u00eds que se considere una democracia y respete la soberan\u00eda y los derechos humanos. Espa\u00f1a debe romper relaciones con EE UU porque es un peligro para el mundo; y esta agresi\u00f3n imperialista y terrorista, inaceptable\u201d.<\/p>\n<p class=\"\">EH Bildu \u201cdenuncia\u201d y \u201crechaza\u201d la \u201cagresi\u00f3n imperialista de Estados Unidos contra el pueblo soberano de Venezuela y el secuestro del presidente Nicol\u00e1s Maduro, as\u00ed como toda forma de injerencia e intervenci\u00f3n externa\u201d: \u201cLa izquierda independentista vasca defiende y defender\u00e1 siempre el principio de soberan\u00eda, la autodeterminaci\u00f3n y la paz de todos los pueblos y naciones del mundo como principios irrenunciables\u201d.<\/p>\n<p class=\"\">Junts, principal fuerza de la derecha independentista catalana, ha arremetido contra la \u201cintervenci\u00f3n armada unilateral\u201d de EE UU, as\u00ed como contra el \u201cr\u00e9gimen autoritario y corrupto de Nicol\u00e1s Maduro\u201d. \u201c[Este] gobierna sin tener la legitimidad de las urnas pero el ataque estadounidense no tiene amparo jur\u00eddico y deja en entredicho el papel de Naciones Unidas como autoridad para resolver conflictos internacionales\u201d, expresa el partido en un comunicado.<\/p>\n<blockquote class=\"twitter-tweet\">\n<p lang=\"ca\" dir=\"ltr\">El r\u00e8gim autoritari i corrupte de Nicol\u00e1s Maduro governa sense tenir la legitimitat de les urnes, per\u00f2 l\u2019atac dels Estats Units no t\u00e9 empara jur\u00eddica i deixa en entredit el paper de Nacions Unides com a autoritat per resoldre conflictes internacionals. <a href=\"https:\/\/t.co\/pSNf5NalrI\" rel=\"nofollow\">pic.twitter.com\/pSNf5NalrI<\/a><\/p>\n<p>\u2014 Junts per Catalunya\ud83c\udf97 (@JuntsXCat) <a href=\"https:\/\/twitter.com\/JuntsXCat\/status\/2007427875255820666?ref_src=twsrc%5Etfw\" rel=\"nofollow noopener\" target=\"_blank\">January 3, 2026<\/a><\/p><\/blockquote>\n<p class=\"\">La postura del PNV ha resultado parecida. La c\u00fapula de la formaci\u00f3n soberanista vasca ha querido \u201cmanifestar, en primer lugar, su preocupaci\u00f3n por la ruptura unilateral de la normativa internacional por parte de los Estados Unidos\u201d; y ha \u201cexigido transparencia y respeto al derecho internacional\u201d. El partido ha subrayado igualmente que los resultados de las \u00faltimas elecciones presidenciales en Venezuela fueron \u201cfalseados\u201d: \u201cEAJ-PNV conf\u00eda en que Venezuela pueda iniciar una transici\u00f3n pol\u00edtica para acceder a un r\u00e9gimen democr\u00e1tico que respete las libertades p\u00fablicas y los derechos humanos, y d\u00e9 respuesta a las necesidades de paz y reconciliaci\u00f3n de la poblaci\u00f3n\u201d, ha recalcado en un comunicado.<\/p>\n<p><script async src=\"https:\/\/platform.twitter.com\/widgets.js\" charset=\"utf-8\"><\/script><\/p>\n","protected":false},"excerpt":{"rendered":"Las reacciones al ataque militar de Estados Unidos a Venezuela, ejecutado en la madrugada de este 3 de&hellip;\n","protected":false},"author":2,"featured_media":321170,"comment_status":"","ping_status":"","sticky":false,"template":"","format":"standard","meta":{"footnotes":""},"categories":[8],"tags":[74750,8738,17,18,352,25,24,629,13,14,582,11,19,20,9,1194,10,15,16,952,1670,1699,23,4453,12,21,22,1192],"class_list":{"0":"post-321169","1":"post","2":"type-post","3":"status-publish","4":"format-standard","5":"has-post-thumbnail","7":"category-espana","8":"tag-ataque-estados-unidos-a-venezuela","9":"tag-ataques-militares","10":"tag-breaking-news","11":"tag-breakingnews","12":"tag-donald-trump","13":"tag-es","14":"tag-espana","15":"tag-estados-unidos","16":"tag-featured-news","17":"tag-featurednews","18":"tag-gobierno","19":"tag-headlines","20":"tag-latest-news","21":"tag-latestnews","22":"tag-news","23":"tag-nicolas-maduro","24":"tag-noticias","25":"tag-noticias-destacadas","26":"tag-noticiasdestacadas","27":"tag-politica","28":"tag-politicos","29":"tag-psoe","30":"tag-spain","31":"tag-sumar","32":"tag-titulares","33":"tag-ultimas-noticias","34":"tag-ultimasnoticias","35":"tag-venezuela"},"share_on_mastodon":{"url":"https:\/\/pubeurope.com\/@es\/115832244337604799","error":""},"_links":{"self":[{"href":"https:\/\/www.europesays.com\/es\/wp-json\/wp\/v2\/posts\/321169","targetHints":{"allow":["GET"]}}],"collection":[{"href":"https:\/\/www.europesays.com\/es\/wp-json\/wp\/v2\/posts"}],"about":[{"href":"https:\/\/www.europesays.com\/es\/wp-json\/wp\/v2\/types\/post"}],"author":[{"embeddable":true,"href":"https:\/\/www.europesays.com\/es\/wp-json\/wp\/v2\/users\/2"}],"replies":[{"embeddable":true,"href":"https:\/\/www.europesays.com\/es\/wp-json\/wp\/v2\/comments?post=321169"}],"version-history":[{"count":0,"href":"https:\/\/www.europesays.com\/es\/wp-json\/wp\/v2\/posts\/321169\/revisions"}],"wp:featuredmedia":[{"embeddable":true,"href":"https:\/\/www.europesays.com\/es\/wp-json\/wp\/v2\/media\/321170"}],"wp:attachment":[{"href":"https:\/\/www.europesays.com\/es\/wp-json\/wp\/v2\/media?parent=321169"}],"wp:term":[{"taxonomy":"category","embeddable":true,"href":"https:\/\/www.europesays.com\/es\/wp-json\/wp\/v2\/categories?post=321169"},{"taxonomy":"post_tag","embeddable":true,"href":"https:\/\/www.europesays.com\/es\/wp-json\/wp\/v2\/tags?post=321169"}],"curies":[{"name":"wp","href":"https:\/\/api.w.org\/{rel}","templated":true}]}}