{"id":321201,"date":"2026-01-03T17:35:10","date_gmt":"2026-01-03T17:35:10","guid":{"rendered":"https:\/\/www.europesays.com\/es\/321201\/"},"modified":"2026-01-03T17:35:10","modified_gmt":"2026-01-03T17:35:10","slug":"el-actor-daniel-guzman-va-un-poco-mas-alla-y-habla-clarisimo-sobre-eeuu-tras-lo-ocurrido-con-venezuela-escocera-a-muchos","status":"publish","type":"post","link":"https:\/\/www.europesays.com\/es\/321201\/","title":{"rendered":"El actor Daniel Guzm\u00e1n va un poco m\u00e1s all\u00e1 y habla clar\u00edsimo sobre EEUU tras lo ocurrido con Venezuela: escocer\u00e1 a muchos"},"content":{"rendered":"<p>El actor y director de cine Daniel Guzm\u00e1n, conocido por su exitoso papel de Roberto en Aqu\u00ed no hay quien viva, la tambi\u00e9n famosa serie que emiti\u00f3 Antena 3 entre el 2003 y el 2006, <b>se ha expresado con toda claridad sobre Estados Unidos <\/b>tras <a href=\"https:\/\/www.huffingtonpost.es\/virales\/rufian-define-palabra-esta-ocurriendo-venezuela-mas-difundido-dia-f202601.html\" rel=\"nofollow noopener\" target=\"_blank\">su ataque a Venezuela, <\/a>que ha acabado con la captura del presidente Nicol\u00e1s Maduro.<\/p>\n<p>Guzm\u00e1n, ganador de dos Premios Goya, los galardones m\u00e1s importantes del cine espa\u00f1ol,<a href=\"https:\/\/www.huffingtonpost.es\/virales\/sarah-santaolalla-da-opinion-sobre-ataque-eeuu-venezuela-hay-miles-respuestas-jose-manuel-soto-f202601.html\" rel=\"nofollow noopener\" target=\"_blank\"> ha subrayado que \u00abTrump no es un loco solo\u00bb,<\/a> sino que <b>\u00abhay millones de locos que han votado a Trump<\/b> y que apoyan las masacres, las intervenciones militares contra pueblos soberanos y que siguen creyendo que viven en el salvaje oeste\u00bb.\u00a0<\/p>\n<p><b>\u00abLa vena imperialista, conquistadora y de abuso sobre el mundo est\u00e1 en su ADN\u00bb,<\/b> se ha lamentado el actor, que hace unos meses estren\u00f3 La deuda, su tercera pel\u00edcula.<\/p>\n<p>Guzm\u00e1n no ha sido la \u00fanica cara conocida que se ha posicionado sobre el ataque de Estados Unidos a Venezuela. <a href=\"https:\/\/www.huffingtonpost.es\/virales\/jordi-evole-resume-dos-frases-opinion-sobre-ataque-estados-unidos-venezuela-f202601.html\" rel=\"nofollow noopener\" target=\"_blank\">El periodista Jordi \u00c9vole ha resumido lo ocurrido en una frase:<\/a> <b>\u00abUn ataque ilegal del que van a sacar petr\u00f3leo<\/b>. En todos los sentidos\u00bb.<\/p>\n<p>Mientras, el ministro del Interior de Venezuela, Diosdado Cabello, ha comparecido esta madrugada ante la poblaci\u00f3n del pa\u00eds para llamar a la calma a los ciudadanos y denunciar una \u00abmasacre\u00bb provocada por los ataques de EEUU <b>que sirvieron de cobertura a la captura del presidente de Venezuela,<\/b> Nicol\u00e1s Maduro, y de su mujer, la primera dama Cilia Flores.<\/p>\n<p>\u00abUn pueblo organizado que sabe qu\u00e9 hacer\u00bb<\/p>\n<p><b>\u00abAqu\u00ed hay un pueblo organizado que sabe qu\u00e9 hacer\u00bb,<\/b> ha declarado Cabello en su comparecencia en la calle, rodeado de fuerzas de seguridad, y ataviado con casco y chaleco antibalas.<\/p>\n<p>\u00abLlamo a la calma de nuestro pueblo<b>. Conf\u00eden en el liderazgo<\/b>, en la dirigencia del alto mando pol\u00edtico y militar para la situaci\u00f3n que estamos atravesando. Mucha calma, que nadie caiga en el desespero para facilitarle las cosas al enemigo invasor, terrorista, que nos atac\u00f3 cobardemente\u00bb, ha aseverado Cabello.<\/p>\n","protected":false},"excerpt":{"rendered":"El actor y director de cine Daniel Guzm\u00e1n, conocido por su exitoso papel de Roberto en Aqu\u00ed no&hellip;\n","protected":false},"author":2,"featured_media":178510,"comment_status":"","ping_status":"","sticky":false,"template":"","format":"standard","meta":{"footnotes":""},"categories":[174],"tags":[255,13245,352,115,146,147,25,24,256,1194,23,1192],"class_list":{"0":"post-321201","1":"post","2":"type-post","3":"status-publish","4":"format-standard","5":"has-post-thumbnail","7":"category-famosos","8":"tag-celebrities","9":"tag-daniel-guzman","10":"tag-donald-trump","11":"tag-eeuu","12":"tag-entertainment","13":"tag-entretenimiento","14":"tag-es","15":"tag-espana","16":"tag-famosos","17":"tag-nicolas-maduro","18":"tag-spain","19":"tag-venezuela"},"share_on_mastodon":{"url":"https:\/\/pubeurope.com\/@es\/115832377996286141","error":""},"_links":{"self":[{"href":"https:\/\/www.europesays.com\/es\/wp-json\/wp\/v2\/posts\/321201","targetHints":{"allow":["GET"]}}],"collection":[{"href":"https:\/\/www.europesays.com\/es\/wp-json\/wp\/v2\/posts"}],"about":[{"href":"https:\/\/www.europesays.com\/es\/wp-json\/wp\/v2\/types\/post"}],"author":[{"embeddable":true,"href":"https:\/\/www.europesays.com\/es\/wp-json\/wp\/v2\/users\/2"}],"replies":[{"embeddable":true,"href":"https:\/\/www.europesays.com\/es\/wp-json\/wp\/v2\/comments?post=321201"}],"version-history":[{"count":0,"href":"https:\/\/www.europesays.com\/es\/wp-json\/wp\/v2\/posts\/321201\/revisions"}],"wp:featuredmedia":[{"embeddable":true,"href":"https:\/\/www.europesays.com\/es\/wp-json\/wp\/v2\/media\/178510"}],"wp:attachment":[{"href":"https:\/\/www.europesays.com\/es\/wp-json\/wp\/v2\/media?parent=321201"}],"wp:term":[{"taxonomy":"category","embeddable":true,"href":"https:\/\/www.europesays.com\/es\/wp-json\/wp\/v2\/categories?post=321201"},{"taxonomy":"post_tag","embeddable":true,"href":"https:\/\/www.europesays.com\/es\/wp-json\/wp\/v2\/tags?post=321201"}],"curies":[{"name":"wp","href":"https:\/\/api.w.org\/{rel}","templated":true}]}}