{"id":321220,"date":"2026-01-03T17:56:11","date_gmt":"2026-01-03T17:56:11","guid":{"rendered":"https:\/\/www.europesays.com\/es\/321220\/"},"modified":"2026-01-03T17:56:11","modified_gmt":"2026-01-03T17:56:11","slug":"el-kosner-baskonia-lamenta-los-problemas-de-trafico-ante-el-fenerbahce","status":"publish","type":"post","link":"https:\/\/www.europesays.com\/es\/321220\/","title":{"rendered":"El Kosner Baskonia lamenta los problemas de tr\u00e1fico ante el Fenerbahce"},"content":{"rendered":"<p>\n        La <strong>mejor entrada de la temporada en el Fernando Buesa Arena, con 14.114 asistentes<\/strong> llenando las gradas del pabell\u00f3n el viernes contra el Fenerbahce, trajo consigo <strong>problemas de tr\u00e1fico<\/strong> en las inmediaciones del estadio que han provocado malestar entre los aficionados del <a href=\"https:\/\/www.noticiasdealava.eus\/baskonia\/\" title=\"Kosner Baskonia\" class=\"link copy\" rel=\"nofollow noopener\" target=\"_blank\">Kosner Baskonia<\/a>.\n<\/p>\n<p class=\"article-body__text \">\n        El club, consciente de ello, <strong>ha publicado esta tarde un comunicado oficial <\/strong>lamentando lo ocurrido.\n<\/p>\n<p>            <a href=\"https:\/\/www.noticiasdealava.eus\/baskonia\/2026\/01\/03\/kosner-baskonia-cierra-peor-primera-10535375.html\" title=\"El Kosner Baskonia cierra su peor primera vuelta en la Euroliga\" class=\"new__media\" rel=\"nofollow noopener\" target=\"_blank\"><\/p>\n<p>                <img alt=\"El Kosner Baskonia cierra su peor primera vuelta en la Euroliga\" data-src=\"https:\/\/www.europesays.com\/es\/wp-content\/uploads\/2026\/01\/2b3701c6-9f0b-49db-8eae-b5314c21ed8f_16-9-aspect-ratio_default_0_x1069y395.jpg\" class=\"lozad\"\/><\/p>\n<p>        <\/a><\/p>\n<p>        <a href=\"https:\/\/www.noticiasdealava.eus\/baskonia\/2026\/01\/03\/kosner-baskonia-cierra-peor-primera-10535375.html\" title=\"El Kosner Baskonia cierra su peor primera vuelta en la Euroliga\" class=\"new__headline\" rel=\"nofollow noopener\" target=\"_blank\"><br \/>\n            El Kosner Baskonia cierra su peor primera vuelta en la Euroliga<br \/>\n        <\/a><\/p>\n<p class=\"article-body__text \">\n        \u00abBaskonia <strong>no tiene capacidad de actuaci\u00f3n ni responsabilidad directa sobre la regulaci\u00f3n de la circulaci\u00f3n, cortes puntuales o retenciones<\/strong> que puedan producirse en esas franjas horarias.\n<\/p>\n<p class=\"article-body__text \">\n        Desde el club<strong> trasladaremos a las autoridades correspondientes nuestro malestar y preocupaci\u00f3n <\/strong>para evitar que estas situaciones se den en un futuro.\n<\/p>\n<blockquote class=\"twitter-tweet\" data-lang=\"es\" wp_automatic_readability=\"6.0925266903915\">\n<p lang=\"es\" dir=\"ltr\">Comunicado oficial<\/p>\n<p>Baskonia lamenta enormemente las molestias ocasionadas debidas a la gesti\u00f3n del tr\u00e1fico durante el partido de EuroLeague de ayer disputado en el Buesa Arena.<\/p>\n<p>\ud83d\udcf0<a href=\"https:\/\/t.co\/UvdIvd2bxJ\" rel=\"nofollow\">https:\/\/t.co\/UvdIvd2bxJ<\/a> <a href=\"https:\/\/t.co\/ow0KG08JIa\" rel=\"nofollow\">pic.twitter.com\/ow0KG08JIa<\/a><\/p>\n<p>\u2014 Kosner Baskonia (@Baskonia) <a href=\"https:\/\/twitter.com\/Baskonia\/status\/2007471381538107895?ref_src=twsrc%5Etfw\" rel=\"nofollow noopener\" target=\"_blank\">3 de enero de 2026<\/a><\/p><\/blockquote>\n<p class=\"article-body__text \">\n        <strong>Lamentamos las molestias que estas situaciones hayan podido ocasionar a nuestros aficionados<\/strong> y agradecemos enormemente su apoyo en el primer partido del a\u00f1o con un Buesa Arena pr\u00e1cticamente lleno\u00bb, concluye la nota de prensa.\n<\/p>\n<p>            <script async src=\"https:\/\/platform.twitter.com\/widgets.js\" charset=\"utf-8\"><\/script><\/p>\n","protected":false},"excerpt":{"rendered":"La mejor entrada de la temporada en el Fernando Buesa Arena, con 14.114 asistentes llenando las gradas del&hellip;\n","protected":false},"author":2,"featured_media":321221,"comment_status":"","ping_status":"","sticky":false,"template":"","format":"standard","meta":{"footnotes":""},"categories":[269],"tags":[299,298,4714,168,25,24,62853,11174,11781,23,167,589],"class_list":{"0":"post-321220","1":"post","2":"type-post","3":"status-publish","4":"format-standard","5":"has-post-thumbnail","7":"category-baloncesto","8":"tag-baloncesto","9":"tag-basketball","10":"tag-baskonia","11":"tag-deportes","12":"tag-es","13":"tag-espana","14":"tag-kosner","15":"tag-lamenta","16":"tag-problemas","17":"tag-spain","18":"tag-sports","19":"tag-trafico"},"share_on_mastodon":{"url":"https:\/\/pubeurope.com\/@es\/115832460664187402","error":""},"_links":{"self":[{"href":"https:\/\/www.europesays.com\/es\/wp-json\/wp\/v2\/posts\/321220","targetHints":{"allow":["GET"]}}],"collection":[{"href":"https:\/\/www.europesays.com\/es\/wp-json\/wp\/v2\/posts"}],"about":[{"href":"https:\/\/www.europesays.com\/es\/wp-json\/wp\/v2\/types\/post"}],"author":[{"embeddable":true,"href":"https:\/\/www.europesays.com\/es\/wp-json\/wp\/v2\/users\/2"}],"replies":[{"embeddable":true,"href":"https:\/\/www.europesays.com\/es\/wp-json\/wp\/v2\/comments?post=321220"}],"version-history":[{"count":0,"href":"https:\/\/www.europesays.com\/es\/wp-json\/wp\/v2\/posts\/321220\/revisions"}],"wp:featuredmedia":[{"embeddable":true,"href":"https:\/\/www.europesays.com\/es\/wp-json\/wp\/v2\/media\/321221"}],"wp:attachment":[{"href":"https:\/\/www.europesays.com\/es\/wp-json\/wp\/v2\/media?parent=321220"}],"wp:term":[{"taxonomy":"category","embeddable":true,"href":"https:\/\/www.europesays.com\/es\/wp-json\/wp\/v2\/categories?post=321220"},{"taxonomy":"post_tag","embeddable":true,"href":"https:\/\/www.europesays.com\/es\/wp-json\/wp\/v2\/tags?post=321220"}],"curies":[{"name":"wp","href":"https:\/\/api.w.org\/{rel}","templated":true}]}}