{"id":321222,"date":"2026-01-03T17:57:19","date_gmt":"2026-01-03T17:57:19","guid":{"rendered":"https:\/\/www.europesays.com\/es\/321222\/"},"modified":"2026-01-03T17:57:19","modified_gmt":"2026-01-03T17:57:19","slug":"la-primera-convocatoria-de-matarazzo-en-la-real-trae-novedades","status":"publish","type":"post","link":"https:\/\/www.europesays.com\/es\/321222\/","title":{"rendered":"La primera convocatoria de Matarazzo en la Real trae novedades"},"content":{"rendered":"<p>                        Deja fuera a Karrikaburu y Goti para dar entrada a los potrillos del Sanse Kita y Aguirre, adem\u00e1s de confirmar los regresos de \u00d3skarsson y Barrenetxea\n<\/p>\n<p><img src=\"https:\/\/www.mundodeportivo.com\/files\/image_449_220\/files\/fp\/uploads\/2025\/11\/30\/692c62b81d4f7.r_d.1058-731-2388.jpeg\" data-full-src=\"https:\/\/www.europesays.com\/es\/wp-content\/uploads\/2026\/01\/692c62b81d4f7.jpeg\" alt=\"Vertical\" width=\"449\" height=\"220\" class=\"nolazy\" decoding=\"async\" fetchpriority=\"high\"\/><\/p>\n<p class=\"caption-title \">Barrenetxea of Real Sociedad celebrates scoring his team&#8217;s second goal during the LaLiga EA Sports match between Real Sociedad and Villarreal CF\u00a0<\/p>\n<p>Juan Manuel Serrano Arce \/ Getty<\/p>\n<p>                <img loading=\"lazy\" decoding=\"async\" width=\"60\" height=\"60\" alt=\"La primera convocatoria de Matarazzo en la Real trae novedades\" title=\"\" src=\"\/files\/image_60_60\/uploads\/2022\/06\/07\/629f958897fec.png\" class=\"lazy\"\/><\/p>\n<p>\n                        Actualizado a  03\/01\/2026 13:49 CET\n                    <\/p>\n<p data-gtm-element-container=\"modulo-texto-link\" class=\"paragraph\">La primera convocatoria de <strong>Pellegrino Matarazzo <\/strong>como entrenador de la Real Sociedad trae novedades importantes. Algunas m\u00e1s esperadas que otras. El t\u00e9cnico estadounidense cita a 24 futbolistas para el primer envite liguero del a\u00f1o ante el Atl\u00e9tico. La principal noticia es la confirmaci\u00f3n del regreso de dos atacantes importantes como <strong>Barrenetxea <\/strong>y <strong>\u00d3skarsson<\/strong>, que vuelven a una convocatoria. El island\u00e9s no estaba en una desde el 30 de agosto en Oviedo y el extremo, desde el partido ante el Girona que acab\u00f3 con <strong>Sergio Francisco<\/strong>.<\/p>\n<blockquote class=\"twitter-tweet\" data-lang=\"es\"><p>\n<a href=\"https:\/\/twitter.com\/RealSociedad\/status\/2007431901263380752?s=20\" rel=\"nofollow noopener\" target=\"_blank\">\n<\/p><\/blockquote>\n<p>    Lee tambi\u00e9n<\/p>\n<p data-gtm-element-container=\"modulo-texto-link\" class=\"paragraph\">Las otras dos altas novedosas son las de los potrillos del Sanse <strong>Kazunari Kita <\/strong>e <strong>Ibai Aguirre<\/strong>, que han convencido al t\u00e9cnico estadounidense para ser los sustitutos de <strong>Zubeldia <\/strong>y <strong>Gorrotxategi<\/strong> y estrenarse en una lista del primer equipo. Esas cuatro presencias provocaban un &#8216;overbooking&#8217; que <strong>Matarazzo <\/strong>ha solucionado con dos descartes. <strong>Mikel Goti <\/strong>y <strong>Jon Karrikaburu <\/strong>se quedan fuera de la primera lista del nuevo entrenador. El t\u00e9cnico explic\u00f3 que el delantero ten\u00eda problemas musculares leves, pero que lo del mediapunta s\u00ed era decisi\u00f3n t\u00e9cnica. <strong>Karrikaburu <\/strong>ya fue desconvocado por <strong>Ansotegi <\/strong>para el duelo ante el Levante y el mediapunta fue el descartado de \u00faltima hora en el choque copero ante el Eldense, ya all\u00ed. Ser\u00e1n las ausencias junto a los sancionados <strong>Gorrotxategi <\/strong>y <strong>Zubeldia<\/strong>, y los lesionados <strong>Yangel Herrera <\/strong>y <strong>Rup\u00e9rez<\/strong>. S\u00ed est\u00e1n citados <strong>Sucic, Sadiq <\/strong>y <strong>Odriozola<\/strong>, que parece que ya no son tan descartes, y el tercer portero <strong>Fraga<\/strong>, que juega con el Sanse en Le\u00f3n este s\u00e1bado.<\/p>\n<p>\n        Mostrar comentarios\n    <\/p>\n<p>{\u00aballowComment\u00bb:\u00bballowed\u00bb,\u00bbarticleId\u00bb:\u00bbarticle-1002595243&#8243;,\u00bburl\u00bb:\u00bbhttps:\\\/\\\/www.mundodeportivo.com\\\/futbol\\\/real-sociedad\\\/20260103\\\/1002595243\\\/primera-convocatoria-matarazzo-real-trae-novedades.html\u00bb,\u00bblivefyre-url\u00bb:\u00bbarticle-1002595243&#8243;}<\/p>\n<p>Cargando siguiente contenido&#8230;\n                <\/p>\n<p>    <script async src=\"https:\/\/platform.twitter.com\/widgets.js\" charset=\"utf-8\"><\/script><\/p>\n","protected":false},"excerpt":{"rendered":"Deja fuera a Karrikaburu y Goti para dar entrada a los potrillos del Sanse Kita y Aguirre, adem\u00e1s&hellip;\n","protected":false},"author":2,"featured_media":321223,"comment_status":"","ping_status":"","sticky":false,"template":"","format":"standard","meta":{"footnotes":""},"categories":[268],"tags":[168,25,24,280,282,281,23,167],"class_list":{"0":"post-321222","1":"post","2":"type-post","3":"status-publish","4":"format-standard","5":"has-post-thumbnail","7":"category-futbol","8":"tag-deportes","9":"tag-es","10":"tag-espana","11":"tag-football","12":"tag-futbol","13":"tag-soccer","14":"tag-spain","15":"tag-sports"},"share_on_mastodon":{"url":"https:\/\/pubeurope.com\/@es\/115832464748364036","error":""},"_links":{"self":[{"href":"https:\/\/www.europesays.com\/es\/wp-json\/wp\/v2\/posts\/321222","targetHints":{"allow":["GET"]}}],"collection":[{"href":"https:\/\/www.europesays.com\/es\/wp-json\/wp\/v2\/posts"}],"about":[{"href":"https:\/\/www.europesays.com\/es\/wp-json\/wp\/v2\/types\/post"}],"author":[{"embeddable":true,"href":"https:\/\/www.europesays.com\/es\/wp-json\/wp\/v2\/users\/2"}],"replies":[{"embeddable":true,"href":"https:\/\/www.europesays.com\/es\/wp-json\/wp\/v2\/comments?post=321222"}],"version-history":[{"count":0,"href":"https:\/\/www.europesays.com\/es\/wp-json\/wp\/v2\/posts\/321222\/revisions"}],"wp:featuredmedia":[{"embeddable":true,"href":"https:\/\/www.europesays.com\/es\/wp-json\/wp\/v2\/media\/321223"}],"wp:attachment":[{"href":"https:\/\/www.europesays.com\/es\/wp-json\/wp\/v2\/media?parent=321222"}],"wp:term":[{"taxonomy":"category","embeddable":true,"href":"https:\/\/www.europesays.com\/es\/wp-json\/wp\/v2\/categories?post=321222"},{"taxonomy":"post_tag","embeddable":true,"href":"https:\/\/www.europesays.com\/es\/wp-json\/wp\/v2\/tags?post=321222"}],"curies":[{"name":"wp","href":"https:\/\/api.w.org\/{rel}","templated":true}]}}