{"id":321226,"date":"2026-01-03T17:59:21","date_gmt":"2026-01-03T17:59:21","guid":{"rendered":"https:\/\/www.europesays.com\/es\/321226\/"},"modified":"2026-01-03T17:59:21","modified_gmt":"2026-01-03T17:59:21","slug":"gaudi-sera-gran-protagonista-del-nuevo-ano-con-leon-como-referencia","status":"publish","type":"post","link":"https:\/\/www.europesays.com\/es\/321226\/","title":{"rendered":"Gaud\u00ed ser\u00e1 gran protagonista del nuevo a\u00f1o con Le\u00f3n como referencia"},"content":{"rendered":"<p>            Publicado por<\/p>\n<p>Almudena Gonz\u00e1lez<\/p>\n<p>        Barcelona<\/p>\n<p class=\"c-detail__info__more\">\n            Creado:<br \/>\n            <a class=\"c-detail__info__more__date\" href=\"https:\/\/www.diariodeleon.es\/hemeroteca\/260102\/\" rel=\"nofollow noopener\" target=\"_blank\"><br \/>\n                02.01.2026 | 06:00<br \/>\n            <\/a>\n        <\/p>\n<p class=\"c-detail__info__more\">\n            Actualizado:<br \/>\n            02.01.2026 | 06:00\n        <\/p>\n<p class=\"paragraph\">Le\u00f3n, Barcelona y Comillas celebran en 2026 el A\u00f1o Gaud\u00ed para conmemorar el centenario de la muerte del arquitecto de Reus, una importante efem\u00e9ride que coincide con la capitalidad mundial de la arquitectura en la capital catalana y con otros aniversarios, como los 30 a\u00f1os de nuestro primer Premio Pritzker a Rafael Moneo y los ocho siglos de la catedral de Burgos.<\/p>\n<p class=\"paragraph\">El a\u00f1o Gaud\u00ed quiere ser un homenaje coral al legado de uno de los nombres m\u00e1s reconocidos y disruptivos de la arquitectura del siglo XX, por su manera profundamente innovadora de entender la relaci\u00f3n entre ciencia, cultura y espiritualidad.<\/p>\n<p class=\"paragraph\">Este legado est\u00e1 representado en sus edificios, 14 de ellos ubicados en Catalu\u00f1a: la Cripta de la Colonia G\u00fcell, la Casa Batll\u00f3, la Casa Vicens, el Palau G\u00fcell, el Park G\u00fcell, la Casa Calvet, el Colegio Teresiano, los Pabellones de la Finca G\u00fcell, la Torre Bellesguard, el Portal de la Finca Miralles, la Nau Gaud\u00ed, la Casa Mil\u00e0, el templo de la Sagrada Familia y el Primer Misterio de Gloria del Rosario Monumental de Montserrat.<\/p>\n<p class=\"paragraph\">Y otros cuatro situados en otras ubicaciones: el Capricho de Comillas (Cantabria), el Palacio Episcopal de Astorga y la Casa Botines y su intervenci\u00f3n en la Seu de Palma.<\/p>\n<p class=\"paragraph\">El programa de esta efem\u00e9ride se estructurar\u00e1 alrededor de una exposici\u00f3n en el Museu d\u2019Hist\u00f2ria de Catalunya y del Gaud\u00ed International Congress 2026. La primera consistir\u00e1 en un recorrido por su obra y el congreso recoger\u00e1 novedosos trabajos de investigaci\u00f3n.<\/p>\n<p class=\"paragraph\">Adem\u00e1s, de febrero a diciembre, Barcelona ser\u00e1 la capital mundial de la arquitectura, y adem\u00e1s acoger\u00e1 el congreso de la Uni\u00f3n Internacional de Arquitectos del 28 de junio al 2 de julio, con asistencia prevista de 10.000 profesionales.<br \/>\nLas actividades de la capital mundial de la arquitectura se desarrollar\u00e1n en m\u00e1s de 75 espacios, como museos, mercados, bibliotecas, plazas y calles, con el objetivo de reflexionar sobre la urbe del futuro. Dejar\u00e1 como legado una maqueta de la Barcelona de 2035 a gran escala que se instalar\u00e1 en la antigua sede de la editorial Gustavo Gili.<\/p>\n<p class=\"paragraph\">A tener en cuenta<\/p>\n<p class=\"paragraph\">Se cumple el 30 aniversario de la concesi\u00f3n de nuestro primer premio Pritzker. Rafael Moneo (Tudela, Navarra, 1937) se convirti\u00f3 en 1996 en el primer arquitecto espa\u00f1ol en ser galardonado con el conocido como Nobel de la Arquitectura, que solo ha tenido continuidad en 2017 con el reconocimiento al estudio de Rafael Aranda, Carme Pigem y Ramon Vilalta.<\/p>\n<p class=\"paragraph\">Moneo fue reconocido por su capacidad para integrar la obra arquitect\u00f3nica en su entorno urbano y cultural. Su trayectoria incluye proyectos como la sede Bankinter, la ampliaci\u00f3n del Museo del Prado, el Kursaal de San Sebasti\u00e1n y la Catedral de Nuestra Se\u00f1ora de Los \u00c1ngeles.<\/p>\n<p class=\"paragraph\">Tiene pendiente este a\u00f1o la inauguraci\u00f3n de la ampliaci\u00f3n del Museo Nacional de Arte Romano de M\u00e9rida, del que tambi\u00e9n dise\u00f1\u00f3 el edificio original.<br \/>\nLa catedral de Burgos tambi\u00e9n est\u00e1 de aniversario. Fue el 20 de julio de 1221 cuando se bendec\u00eda la colocaci\u00f3n de la primera piedra de la que ser\u00eda la primera catedral g\u00f3tica de la pen\u00ednsula ib\u00e9rica, a imagen de Notre Dame en Par\u00eds. Ese burgo medieval acababa de acoger un acontecimiento importante, la boda del rey Fernando con Beatriz de Suabia, y el antiguo templo rom\u00e1nico se hab\u00eda quedado peque\u00f1o para acoger a los invitados. Esa ciudad pr\u00f3spera se merec\u00eda un gran templo, que ahora est\u00e1 pendiente de la colocaci\u00f3n de las puertas de bronce que ha dise\u00f1ado Antonio L\u00f3pez para su portada principal, y que han provocado no poco revuelo. Se ha encargado un estudio para evaluar su impacto patrimonial.<\/p>\n<p class=\"paragraph\">Se cumplen 20 a\u00f1os de la muerte de Miguel Fisac, del que perdimos la emblem\u00e1tica La Pagoda (Madrid), derribada en 1999. Era la sede de los Laboratorios Jorba, s\u00edmbolo de la modernidad arquitect\u00f3nica madrile\u00f1a de mediados del siglo XX. En medio de una gran pol\u00e9mica, el Ayuntamiento le propuso reconstruirlo en otro lugar, pero el arquitecto rechaz\u00f3 la oferta.<\/p>\n","protected":false},"excerpt":{"rendered":"Publicado por Almudena Gonz\u00e1lez Barcelona Creado: 02.01.2026 | 06:00 Actualizado: 02.01.2026 | 06:00 Le\u00f3n, Barcelona y Comillas celebran&hellip;\n","protected":false},"author":2,"featured_media":321227,"comment_status":"","ping_status":"","sticky":false,"template":"","format":"standard","meta":{"footnotes":""},"categories":[173],"tags":[9232,801,229,233,231,230,210,232,234,146,147,25,24,9233,4193,23],"class_list":{"0":"post-321226","1":"post","2":"type-post","3":"status-publish","4":"format-standard","5":"has-post-thumbnail","7":"category-arte-y-diseno","8":"tag-antoni-gaudi","9":"tag-arquitectura","10":"tag-arte","11":"tag-arte-y-diseno","12":"tag-arts","13":"tag-arts-and-design","14":"tag-barcelona","15":"tag-design","16":"tag-diseno","17":"tag-entertainment","18":"tag-entretenimiento","19":"tag-es","20":"tag-espana","21":"tag-museo-casa-botines-gaudi","22":"tag-siglo-xx","23":"tag-spain"},"share_on_mastodon":{"url":"https:\/\/pubeurope.com\/@es\/115832472367032208","error":""},"_links":{"self":[{"href":"https:\/\/www.europesays.com\/es\/wp-json\/wp\/v2\/posts\/321226","targetHints":{"allow":["GET"]}}],"collection":[{"href":"https:\/\/www.europesays.com\/es\/wp-json\/wp\/v2\/posts"}],"about":[{"href":"https:\/\/www.europesays.com\/es\/wp-json\/wp\/v2\/types\/post"}],"author":[{"embeddable":true,"href":"https:\/\/www.europesays.com\/es\/wp-json\/wp\/v2\/users\/2"}],"replies":[{"embeddable":true,"href":"https:\/\/www.europesays.com\/es\/wp-json\/wp\/v2\/comments?post=321226"}],"version-history":[{"count":0,"href":"https:\/\/www.europesays.com\/es\/wp-json\/wp\/v2\/posts\/321226\/revisions"}],"wp:featuredmedia":[{"embeddable":true,"href":"https:\/\/www.europesays.com\/es\/wp-json\/wp\/v2\/media\/321227"}],"wp:attachment":[{"href":"https:\/\/www.europesays.com\/es\/wp-json\/wp\/v2\/media?parent=321226"}],"wp:term":[{"taxonomy":"category","embeddable":true,"href":"https:\/\/www.europesays.com\/es\/wp-json\/wp\/v2\/categories?post=321226"},{"taxonomy":"post_tag","embeddable":true,"href":"https:\/\/www.europesays.com\/es\/wp-json\/wp\/v2\/tags?post=321226"}],"curies":[{"name":"wp","href":"https:\/\/api.w.org\/{rel}","templated":true}]}}