{"id":321228,"date":"2026-01-03T18:01:08","date_gmt":"2026-01-03T18:01:08","guid":{"rendered":"https:\/\/www.europesays.com\/es\/321228\/"},"modified":"2026-01-03T18:01:08","modified_gmt":"2026-01-03T18:01:08","slug":"confirmadas-cuantas-temporadas-tendra-la-casa-del-dragon","status":"publish","type":"post","link":"https:\/\/www.europesays.com\/es\/321228\/","title":{"rendered":"Confirmadas cu\u00e1ntas temporadas tendr\u00e1 &#8216;La Casa del Drag\u00f3n&#8217;"},"content":{"rendered":"<p>HBO anunci\u00f3 en noviembre de 2025 la renovaci\u00f3n de &#8216;<a href=\"https:\/\/www.ecartelera.com\/series\/house-of-the-dragon\/\" data-mention-type=\"serie\" data-mention-id=\"1536\" rel=\"nofollow noopener\" target=\"_blank\">La Casa del Drag\u00f3n<\/a>&#8216; por una cuarta temporada meses antes siquiera de estrenarse la tercera. Ahora sabemos que <strong>la temporada 4 ser\u00e1 la \u00faltima de la serie<\/strong>. <\/p>\n<p>HBO anuncia la renovaci\u00f3n de &#8216;La Casa del Drag\u00f3n&#8217; y &#8216;El caballero de los Siete Reinos&#8217;<\/p>\n<p><video id=\"vid-36069\" class=\"video-js vjs-default-skin\" data-title=\"HBO anuncia la renovaci\u00f3n de 'La Casa del Drag\u00f3n' y 'El caballero de los Siete Reinos'\" poster=\"https:\/\/www.ecartelera.com\/images\/videos\/36000\/f36069.jpg\" controls=\"\" preload=\"auto\" width=\"640\" height=\"360\" playsinline=\"\" data-vtt=\"\/\/v1.ecartelera.com\/video\/36000\/36069_sprite.vtt\" data-stream=\"1\">El navegador no soporta el tag de v\u00eddeo.<\/video><\/p>\n<p>X<\/p>\n<p>En una entrevista para <a href=\"https:\/\/www.youtube.com\/watch?v=lMS_wNSvVgQ&amp;t=1s\" target=\"_blank\" rel=\"nofollow noopener\">Escape Hatch<\/a>, <a href=\"https:\/\/www.ecartelera.com\/personas\/ryan-condal\/\" data-mention-type=\"persona\" data-mention-id=\"33280\" rel=\"nofollow noopener\" target=\"_blank\">Ryan Condal<\/a>, showrunner de &#8216;La Casa del Drag\u00f3n&#8217;, ha confirmado lo que era un secreto a voces: el spin-off de &#8216;<a href=\"https:\/\/www.ecartelera.com\/series\/juego-de-tronos\/\" data-mention-type=\"serie\" data-mention-id=\"1\" rel=\"nofollow noopener\" target=\"_blank\">Juego de Tronos<\/a>&#8216; no ser\u00e1 tan largo como la serie original:<\/p>\n<blockquote><p>\u00abLa tercera temporada ha supuesto supuesto claramente un gran punto de inflexi\u00f3n. Y sabiendo ahora que solo queda una m\u00e1s lo daremos todo. <strong>Hemos empezado el proceso de guion de la cuarta temporada que ser\u00e1 la \u00faltima<\/strong>\u00ab.<\/p><\/blockquote>\n<p>\t\t\t\t\t\t\t<img decoding=\"async\" loading=\"lazy\" src=\"https:\/\/www.europesays.com\/es\/wp-content\/uploads\/2026\/01\/250583_confirmadas-cuntas-temporadas-tendr-la-casa-del-dragn.jpg\" alt=\"'La Casa del Drag\u00f3n' tendr\u00e1 cuatro temporadas\" width=\"1200\" height=\"800\"\/><\/p>\n<p>\t\t\t\t\t\t&#8216;La Casa del Drag\u00f3n&#8217; tendr\u00e1 cuatro temporadas (HBO Max)<\/p>\n<p>Estrenada en agosto de 2022, &#8216;La Casa del Drag\u00f3n&#8217; se ha ido emitiendo desde entonces cada dos a\u00f1os. De este modo, la tercera temporada llegar\u00e1 a HBO Max en verano de 2026, mientras que <strong>la cuarta y definitiva lo har\u00e1 en verano de 2028<\/strong>. <\/p>\n<p>Agotado pero contento<\/p>\n<p>En la entrevista, Condal tambi\u00e9n ha hablado del arduo rodaje de una megaproducci\u00f3n de este calibre. \u00ab<strong>Para la tercera temporada hicimos muchas semanas de seis d\u00edas de trabajo<\/strong> para terminar a tiempo y que no se retrasara el trabajo de postproducci\u00f3n. Dado que se tarda mucho tiempo en hacer esos malditos dragones, tenemos que darles el tiempo necesario para que luzcan tan bien como lo hacen\u00bb. <\/p>\n<p>\t\t\t\t\t\t\t<img decoding=\"async\" loading=\"lazy\" src=\"https:\/\/www.europesays.com\/es\/wp-content\/uploads\/2026\/01\/203461_el-final-de-temporada-de-la-casa-del-dragon-supe.jpg\" alt=\"\u00bfC\u00f3mo terminar\u00e1 'La Casa del Drag\u00f3n'?\" width=\"1200\" height=\"800\"\/><\/p>\n<p>\t\t\t\t\t\t\u00bfC\u00f3mo terminar\u00e1 &#8216;La Casa del Drag\u00f3n&#8217;? (HBO Max)<\/p>\n<p>Aun as\u00ed, el creador parece m\u00e1s que satisfecho: \u00abFue agotador, pero <strong>por varias razones creo que la tercera temporada es la m\u00e1s feliz que he tenido<\/strong>\u00ab. Veremos si esa felicidad tiene que ver con un salto de calidad de la serie.<\/p>\n","protected":false},"excerpt":{"rendered":"HBO anunci\u00f3 en noviembre de 2025 la renovaci\u00f3n de &#8216;La Casa del Drag\u00f3n&#8216; por una cuarta temporada meses&hellip;\n","protected":false},"author":2,"featured_media":321229,"comment_status":"","ping_status":"","sticky":false,"template":"","format":"standard","meta":{"footnotes":""},"categories":[171],"tags":[1014,1015,1013,177,1011,146,147,25,24,782,1019,1016,753,1012,23,1017,214,1018],"class_list":{"0":"post-321228","1":"post","2":"type-post","3":"status-publish","4":"format-standard","5":"has-post-thumbnail","7":"category-tv","8":"tag-actores","9":"tag-actrices","10":"tag-cartelera","11":"tag-cine","12":"tag-ecartelera","13":"tag-entertainment","14":"tag-entretenimiento","15":"tag-es","16":"tag-espana","17":"tag-estrellas","18":"tag-fotogramas","19":"tag-fotos","20":"tag-peliculas","21":"tag-pelis","22":"tag-spain","23":"tag-trailers","24":"tag-tv","25":"tag-videos"},"share_on_mastodon":{"url":"https:\/\/pubeurope.com\/@es\/115832480283431350","error":""},"_links":{"self":[{"href":"https:\/\/www.europesays.com\/es\/wp-json\/wp\/v2\/posts\/321228","targetHints":{"allow":["GET"]}}],"collection":[{"href":"https:\/\/www.europesays.com\/es\/wp-json\/wp\/v2\/posts"}],"about":[{"href":"https:\/\/www.europesays.com\/es\/wp-json\/wp\/v2\/types\/post"}],"author":[{"embeddable":true,"href":"https:\/\/www.europesays.com\/es\/wp-json\/wp\/v2\/users\/2"}],"replies":[{"embeddable":true,"href":"https:\/\/www.europesays.com\/es\/wp-json\/wp\/v2\/comments?post=321228"}],"version-history":[{"count":0,"href":"https:\/\/www.europesays.com\/es\/wp-json\/wp\/v2\/posts\/321228\/revisions"}],"wp:featuredmedia":[{"embeddable":true,"href":"https:\/\/www.europesays.com\/es\/wp-json\/wp\/v2\/media\/321229"}],"wp:attachment":[{"href":"https:\/\/www.europesays.com\/es\/wp-json\/wp\/v2\/media?parent=321228"}],"wp:term":[{"taxonomy":"category","embeddable":true,"href":"https:\/\/www.europesays.com\/es\/wp-json\/wp\/v2\/categories?post=321228"},{"taxonomy":"post_tag","embeddable":true,"href":"https:\/\/www.europesays.com\/es\/wp-json\/wp\/v2\/tags?post=321228"}],"curies":[{"name":"wp","href":"https:\/\/api.w.org\/{rel}","templated":true}]}}