{"id":321236,"date":"2026-01-03T18:06:20","date_gmt":"2026-01-03T18:06:20","guid":{"rendered":"https:\/\/www.europesays.com\/es\/321236\/"},"modified":"2026-01-03T18:06:20","modified_gmt":"2026-01-03T18:06:20","slug":"su-diagnostico-de-cancer-y-como-se-lo-conto-a-sus-hijas","status":"publish","type":"post","link":"https:\/\/www.europesays.com\/es\/321236\/","title":{"rendered":"su diagn\u00f3stico de c\u00e1ncer y c\u00f3mo se lo cont\u00f3 a sus hijas"},"content":{"rendered":"<p id=\"e4ZyCZ1u5Ve\" data-wc=\"134\">Noelia L\u00f3pez ha reaparecido ante las c\u00e1maras en el plat\u00f3 de\u00a0\u00a1De viernes!\u00a0para ofrecer un relato de una honestidad sobrecogedora. Seis a\u00f1os y medio despu\u00e9s del tr\u00e1gico accidente que le arrebat\u00f3 a su marido, el futbolista Jos\u00e9 Antonio Reyes, la ingeniera ha compartido c\u00f3mo ha sido navegar por un duelo que a\u00fan hoy considera una herida que \u201csigue sin cicatrizar\u201d. Sin embargo, su testimonio no solo ha versado sobre la ausencia, sino sobre un segundo e inesperado desaf\u00edo que la vida le puso por delante hace tres a\u00f1os: un diagn\u00f3stico de c\u00e1ncer ginecol\u00f3gico inoperable. Con una serenidad admirable, Noelia record\u00f3 aquel momento en el que el miedo volvi\u00f3 a instalarse en su hogar. \u00ab<strong>Lo de Jos\u00e9 fue una p\u00e9rdida muy grande, pensaba que nada peor pod\u00eda pasarme<\/strong>\u00ab, confes\u00f3 al inicio de su intervenci\u00f3n.<\/p>\n<p> <img src=\"https:\/\/www.europesays.com\/es\/wp-content\/uploads\/2026\/01\/b70f7ff846c7-captura-de-pantalla-1140.png\"   width=\"1024\" height=\"570\" loading=\"lazy\" decoding=\"async\" alt=\"Media Image\" fetchpriority=\"auto\" class=\"image ho-image\"\/>\u00a9 Telecinco<\/p>\n<p id=\"erCCVNU17xN\" data-wc=\"55\">El diagn\u00f3stico m\u00e9dico supuso un golpe emocional de una magnitud dif\u00edcil de describir: \u00abFue un momento muy complicado y muy dif\u00edcil de gestionar. <strong>Me caus\u00f3 mucha ansiedad y much\u00edsimo miedo<\/strong>\u00ab, explicaba la protagonista, reconociendo que su principal preocupaci\u00f3n siempre fueron sus hijas, Noelia y Triana, que por aquel entonces ten\u00edan apenas 9 y 5 a\u00f1os.<\/p>\n<p> <img src=\"https:\/\/www.europesays.com\/es\/wp-content\/uploads\/2026\/01\/f38b4f73e596-captura-de-pantalla-1144.png\"   width=\"1024\" height=\"575\" loading=\"lazy\" decoding=\"async\" alt=\"Media Image\" fetchpriority=\"auto\" class=\"image ho-image\"\/>\u00a9 Telecinco<\/p>\n<p id=\"edTEPs8J5M\" data-wc=\"93\">Uno de los momentos m\u00e1s emotivos de su relato fue cuando detall\u00f3 la delicada manera en la que abord\u00f3 su enfermedad con las peque\u00f1as. \u00ab<strong>No habl\u00e9 de la palabra c\u00e1ncer desde el principio. Les dije que mami estaba malita y que \u00edbamos a rezar mucho y a pedir a papi<\/strong>\u00ab, narr\u00f3 con la voz entrecortada. Noelia explic\u00f3 que, tras un primer tratamiento, las noticias no fueron buenas y tuvo que enfrentarse a una reca\u00edda: \u00abEn la primera revisi\u00f3n ven otra cosa en otro sitio y ah\u00ed dije &#8216;no puede ser&#8217;&#8230; empec\u00e9 otro tratamiento\u00bb.<\/p>\n<p> <img src=\"https:\/\/www.europesays.com\/es\/wp-content\/uploads\/2026\/01\/515be06270d2-captura-de-pantalla-1146.png\"   width=\"1024\" height=\"577\" loading=\"lazy\" decoding=\"async\" alt=\"Media Image\" fetchpriority=\"auto\" class=\"image ho-image\"\/>\u00a9 Telecinco<\/p>\n<p id=\"eTIQZTQyJW\" data-wc=\"128\">Fue en ese segundo proceso cuando el tratamiento de quimioterapia provoc\u00f3 la ca\u00edda del cabello. Noelia record\u00f3 con especial ternura la reacci\u00f3n de su hija menor, quien al saber que una medicina le har\u00eda perder el pelo, le suplic\u00f3: \u201cno te la tomes\u201d. Para normalizar la situaci\u00f3n y empoderar a sus hijas en un proceso tan doloroso, Noelia tom\u00f3 una decisi\u00f3n valiente: \u00abLlega el momento en que se cae el pelo, aparezco con dos tijeras, le doy una a cada una y digo &#8216;a cortar&#8217;. Me lo cortaron cortito\u00bb. La sorpresa lleg\u00f3 una ma\u00f1ana en la que las ni\u00f1as la descubrieron sin la peluca que sol\u00eda usar: \u00ab<strong>Se levantaron antes que yo y me vieron sin pelo, y fue&#8230; &#8216;pero, mami, qu\u00e9 guapa&#8217;. Me ve\u00edan guapa como fuera<\/strong>\u00ab.<\/p>\n<p> <img src=\"https:\/\/www.europesays.com\/es\/wp-content\/uploads\/2026\/01\/f37377f34641-captura-de-pantalla-1143.png\"   width=\"1024\" height=\"575\" loading=\"lazy\" decoding=\"async\" alt=\"Media Image\" fetchpriority=\"auto\" class=\"image ho-image\"\/>\u00a9 Telecinco<br \/>\nUn duelo dif\u00edcil<\/p>\n<p id=\"eIoI7IMRAY\" data-wc=\"83\">A pesar del paso del tiempo y de los retos de salud, la figura de Jos\u00e9 Antonio Reyes sigue siendo el eje central de su vida. Noelia asegur\u00f3 seguir \u201cmuy enamorada\u201d y descart\u00f3 por completo la posibilidad de rehacer su vida sentimental: \u00abNo. Nunca me lo he planteado. Me ha dejado un recuerdo tan bonito&#8230; y le sigo queriendo. <strong>Aunque rehiciera mi vida le seguir\u00eda queriendo.<\/strong> Mis hijas ocupan todo el lugar que \u00e9l ten\u00eda en mi coraz\u00f3n. Le sigo teniendo muy presente\u00bb.<\/p>\n<p> <img src=\"https:\/\/www.europesays.com\/es\/wp-content\/uploads\/2026\/01\/dad290adcd80-captura-de-pantalla-1147.png\"   width=\"1024\" height=\"552\" loading=\"lazy\" decoding=\"async\" alt=\"Media Image\" fetchpriority=\"auto\" class=\"image ho-image\"\/>\u00a9 Telecinco<\/p>\n<p id=\"ev1y9tfPyZ\" data-wc=\"80\">Esa presencia se manifiesta, seg\u00fan cuenta, a trav\u00e9s de conexiones que ella interpreta como mensajes de aliento. \u00ab<strong>Tengo muchas se\u00f1ales. N\u00fameros, olores, momentos, que digo: est\u00e1 aqu\u00ed. A veces me pregunto lo que \u00e9l har\u00eda en esta situaci\u00f3n y act\u00fao as\u00ed, tomo decisiones por los dos<\/strong>\u00ab, confes\u00f3. Incluso record\u00f3 con nitidez su \u00faltima conversaci\u00f3n, aquella ma\u00f1ana de junio de 2019: \u00abEstaba lesionado y no me lo dijo porque quer\u00eda venir a darnos una sorpresa. Me dijo que sub\u00eda al a<\/p>\n<p>El \u00abmilagro\u00bb de una Navidad en familia<\/p>\n<p id=\"ecxAuFTRRt\" data-wc=\"77\">Para Noelia, el hecho de poder celebrar estas fiestas de 2026 rodeada de los suyos es una victoria en s\u00ed misma. \u201c<strong>Es un milagro pasar esta Navidad juntas<\/strong>\u201d, afirmaba emocionada, haciendo referencia a la dureza de su tratamiento y a lo mucho que valora ahora cada instante. En este camino, sus padres han sido fundamentales, describi\u00e9ndolos como personas \u201cde libro, incre\u00edbles\u201d, que han sostenido su mano mientras ella lidiaba con sus propios \u201ccambios de humor\u201d y temores.<\/p>\n<p> <img src=\"https:\/\/www.europesays.com\/es\/wp-content\/uploads\/2026\/01\/eae317777da0-captura-de-pantalla-1142.png\"   width=\"1024\" height=\"556\" loading=\"lazy\" decoding=\"async\" alt=\"Media Image\" fetchpriority=\"auto\" class=\"image ho-image\"\/>\u00a9 Telecinco<\/p>\n<p id=\"euQw2N571IS\" data-wc=\"68\">\u00abHasta mi diagn\u00f3stico <strong>he vivido con mucho miedo, a coger el coche, que vayan de excursi\u00f3n&#8230;<\/strong>\u00ab, reconoci\u00f3 Noelia, quien ahora intenta transformar ese miedo en un mensaje de esperanza para otros. Su decisi\u00f3n de sentarse en un plat\u00f3 responde a un deseo de gratitud y de servicio: \u00abYo quer\u00eda historias reales, me daba \u00e1nimos eso, que salen adelante. Yo comparto la m\u00eda porque s\u00e9 que va a ayudar\u00bb.<\/p>\n<p> <img src=\"https:\/\/www.europesays.com\/es\/wp-content\/uploads\/2026\/01\/04c3875e184a-captura-de-pantalla-1141.png\"   width=\"1024\" height=\"553\" loading=\"lazy\" decoding=\"async\" alt=\"Media Image\" fetchpriority=\"auto\" class=\"image ho-image\"\/>\u00a9 Telecinco<\/p>\n<p id=\"e1PhJyCn7qL\" data-wc=\"92\">Antes de terminar, Noelia quiso dedicar unas palabras de profundo orgullo a sus hijas, a quienes define como ni\u00f1as \u201cmuy maduras\u201d de las que aprende a diario. \u00ab<a class=\"hm-link ho-link\" href=\"https:\/\/www.hola.com\/actualidad\/20260102875867\/la-vida-de-noelia-lopez-viuda-de-jose-antonio-reyes-6-anos-despues-de-la-tragedia-volcada-en-sus-hijas-y-sin-querer-enamorarse\/\" rel=\"noopener nofollow\" target=\"_blank\" data-mrf-recirculation=\"article-body-link\">Son mi ilusi\u00f3n y mi apoyo&#8230; han pasado por cosas que ning\u00fan ni\u00f1o se merece pasar<\/a>\u00ab, explicaba, subrayando que su prioridad absoluta ha sido siempre la felicidad de Noelia y Triana, algo que, en sus propias palabras, la ha \u201csalvado\u201d. Con la mirada puesta en el futuro y agradeciendo a cada persona que se ha cruzado en su camino para \u201chacerle la vida m\u00e1s bonita\u201d.<\/p>\n","protected":false},"excerpt":{"rendered":"Noelia L\u00f3pez ha reaparecido ante las c\u00e1maras en el plat\u00f3 de\u00a0\u00a1De viernes!\u00a0para ofrecer un relato de una honestidad&hellip;\n","protected":false},"author":2,"featured_media":321237,"comment_status":"","ping_status":"","sticky":false,"template":"","format":"standard","meta":{"footnotes":""},"categories":[91],"tags":[517,146,147,25,24,32777,74772,23],"class_list":{"0":"post-321236","1":"post","2":"type-post","3":"status-publish","4":"format-standard","5":"has-post-thumbnail","7":"category-entretenimiento","8":"tag-actualidad","9":"tag-entertainment","10":"tag-entretenimiento","11":"tag-es","12":"tag-espana","13":"tag-jose-antonio-reyes","14":"tag-noelia-lopez","15":"tag-spain"},"share_on_mastodon":{"url":"https:\/\/pubeurope.com\/@es\/115832500384824527","error":""},"_links":{"self":[{"href":"https:\/\/www.europesays.com\/es\/wp-json\/wp\/v2\/posts\/321236","targetHints":{"allow":["GET"]}}],"collection":[{"href":"https:\/\/www.europesays.com\/es\/wp-json\/wp\/v2\/posts"}],"about":[{"href":"https:\/\/www.europesays.com\/es\/wp-json\/wp\/v2\/types\/post"}],"author":[{"embeddable":true,"href":"https:\/\/www.europesays.com\/es\/wp-json\/wp\/v2\/users\/2"}],"replies":[{"embeddable":true,"href":"https:\/\/www.europesays.com\/es\/wp-json\/wp\/v2\/comments?post=321236"}],"version-history":[{"count":0,"href":"https:\/\/www.europesays.com\/es\/wp-json\/wp\/v2\/posts\/321236\/revisions"}],"wp:featuredmedia":[{"embeddable":true,"href":"https:\/\/www.europesays.com\/es\/wp-json\/wp\/v2\/media\/321237"}],"wp:attachment":[{"href":"https:\/\/www.europesays.com\/es\/wp-json\/wp\/v2\/media?parent=321236"}],"wp:term":[{"taxonomy":"category","embeddable":true,"href":"https:\/\/www.europesays.com\/es\/wp-json\/wp\/v2\/categories?post=321236"},{"taxonomy":"post_tag","embeddable":true,"href":"https:\/\/www.europesays.com\/es\/wp-json\/wp\/v2\/tags?post=321236"}],"curies":[{"name":"wp","href":"https:\/\/api.w.org\/{rel}","templated":true}]}}