{"id":321254,"date":"2026-01-03T18:22:12","date_gmt":"2026-01-03T18:22:12","guid":{"rendered":"https:\/\/www.europesays.com\/es\/321254\/"},"modified":"2026-01-03T18:22:12","modified_gmt":"2026-01-03T18:22:12","slug":"redescubriendo-a-mengs-artifice-del-neoclasicismo","status":"publish","type":"post","link":"https:\/\/www.europesays.com\/es\/321254\/","title":{"rendered":"Redescubriendo a Mengs, art\u00edfice del neoclasicismo"},"content":{"rendered":"<p>El Museo del Prado dedica una gran exposici\u00f3n al pintor y tratadista alem\u00e1n Antonio Raphael Mengs (1728-1779), principal art\u00edfice del Neoclasicismo. Un total de 159 obras procedentes de 25 instituciones internacionales ofrecen una visi\u00f3n integral de la trayectoria de uno de los grandes renovadores de la pintura europea del siglo XVIII, injustamente olvidado despu\u00e9s de su muerte.<br \/>\nEsta muestra, abierta hasta el 1 de marzo, ha sido comisariada por Andr\u00e9s \u00dabeda, director Adjunto de Conservaci\u00f3n e Investigaci\u00f3n del museo, y Javier Jord\u00e1n de Urr\u00edes, Conservador de pintura del siglo XVIII de Patrimonio Nacional. Se organiza en diez secciones que analizan la obra, el pensamiento y el legado del artista.<br \/>\nFormaci\u00f3n y entorno familiar sit\u00faa al visitan\u2026<\/p>\n","protected":false},"excerpt":{"rendered":"El Museo del Prado dedica una gran exposici\u00f3n al pintor y tratadista alem\u00e1n Antonio Raphael Mengs (1728-1779), principal&hellip;\n","protected":false},"author":2,"featured_media":321255,"comment_status":"","ping_status":"","sticky":false,"template":"","format":"standard","meta":{"footnotes":""},"categories":[173],"tags":[229,233,231,230,232,234,146,147,25,24,23,17186],"class_list":{"0":"post-321254","1":"post","2":"type-post","3":"status-publish","4":"format-standard","5":"has-post-thumbnail","7":"category-arte-y-diseno","8":"tag-arte","9":"tag-arte-y-diseno","10":"tag-arts","11":"tag-arts-and-design","12":"tag-design","13":"tag-diseno","14":"tag-entertainment","15":"tag-entretenimiento","16":"tag-es","17":"tag-espana","18":"tag-spain","19":"tag-suscriptores"},"share_on_mastodon":{"url":"https:\/\/pubeurope.com\/@es\/115832562783005161","error":""},"_links":{"self":[{"href":"https:\/\/www.europesays.com\/es\/wp-json\/wp\/v2\/posts\/321254","targetHints":{"allow":["GET"]}}],"collection":[{"href":"https:\/\/www.europesays.com\/es\/wp-json\/wp\/v2\/posts"}],"about":[{"href":"https:\/\/www.europesays.com\/es\/wp-json\/wp\/v2\/types\/post"}],"author":[{"embeddable":true,"href":"https:\/\/www.europesays.com\/es\/wp-json\/wp\/v2\/users\/2"}],"replies":[{"embeddable":true,"href":"https:\/\/www.europesays.com\/es\/wp-json\/wp\/v2\/comments?post=321254"}],"version-history":[{"count":0,"href":"https:\/\/www.europesays.com\/es\/wp-json\/wp\/v2\/posts\/321254\/revisions"}],"wp:featuredmedia":[{"embeddable":true,"href":"https:\/\/www.europesays.com\/es\/wp-json\/wp\/v2\/media\/321255"}],"wp:attachment":[{"href":"https:\/\/www.europesays.com\/es\/wp-json\/wp\/v2\/media?parent=321254"}],"wp:term":[{"taxonomy":"category","embeddable":true,"href":"https:\/\/www.europesays.com\/es\/wp-json\/wp\/v2\/categories?post=321254"},{"taxonomy":"post_tag","embeddable":true,"href":"https:\/\/www.europesays.com\/es\/wp-json\/wp\/v2\/tags?post=321254"}],"curies":[{"name":"wp","href":"https:\/\/api.w.org\/{rel}","templated":true}]}}