{"id":321271,"date":"2026-01-03T18:33:14","date_gmt":"2026-01-03T18:33:14","guid":{"rendered":"https:\/\/www.europesays.com\/es\/321271\/"},"modified":"2026-01-03T18:33:14","modified_gmt":"2026-01-03T18:33:14","slug":"sumar-condena-la-agresion-imperialista-de-ee-uu-a-venezuela-y-podemos-exige-abandonar-la-otan","status":"publish","type":"post","link":"https:\/\/www.europesays.com\/es\/321271\/","title":{"rendered":"Sumar condena la \u00abagresi\u00f3n imperialista\u00bb de EE.UU. a Venezuela y Podemos exige abandonar la OTAN"},"content":{"rendered":"<p>03\/01\/2026<br \/>\n<br \/><strong><br \/>\nActualizado a las 16:38h.<br \/>\n<\/strong><\/p>\n<p class=\"voc-p\" style=\"\">La izquierda espa\u00f1ola, y en concreto, Sumar y Podemos, se ponen de acuerdo por primera vez en mucho tiempo para condenar \u00absin paliativos\u00bb la que, a su juicio, est\u00e1 siendo una agresi\u00f3n \u00abimperialista\u00bb y \u00abunilateral\u00bb de Estados Unidos a Venezuela, y exigir el cumplimiento del  &#8230; derecho internacional. Todo ello despu\u00e9s de que Washington haya tacado en la madrugada de este s\u00e1bado varias bases militares en el pa\u00eds latinoamericano, concretamente, en Caracas, La Guaira y Aragua. Unos bombardeos tras los cuales, el mandatario norteamericano, Donal Trump, asegura haber capturado tanto a su hom\u00f3logo venezolano, Nicol\u00e1s Maduro, en paradero desconocido seg\u00fan la vicepresidenta Delcy Rodr\u00edguez, como a su mujer, Cilia Flores. Seg\u00fan la versi\u00f3n de la Administraci\u00f3n Trump, a estas horas, Maduro estar\u00eda bajo arresto en espera de ser llevado a juicio en territorio estadounidense, donde podr\u00eda ser condenado a cadena perpetua.<\/p>\n<p class=\"voc-p\" style=\"\">El grupo parlamentario que capitanea la vicepresidenta Yolanda D\u00edaz \u2014integrado por Movimiento Sumar, Izquierda Unida, Comuns, M\u00e1s Madrid, Comprom\u00eds, Chunta Aragonesista y M\u00e9s\u2014 ha difundido un mensaje de \u00absolidaridad\u00bb para con el pueblo venezolano tras los ataques de Trump cuyo aut\u00e9ntico objetivo es \u00abapropiarse del petr\u00f3leo nacionalizado de Venezuela\u00bb despu\u00e9s de meses del mayor despliegue militar mar\u00edtimo de EE.UU. en el Caribe, el cual ha escondido tras el \u00abtenue velo del narcotr\u00e1fico\u00bb. Advierten en Sumar que los ataques estadounidenses con \u00abuna clara violaci\u00f3n del derecho internacional y de la carta de Naciones Unidas\u00bb, adem\u00e1s del posible \u00abproleg\u00f3meno de un intento de invasi\u00f3n\u00bb de Venezuela. Es por ello que exigen al Gobierno espa\u00f1ol \u2014del que tambi\u00e9n forma parte\u2014 la convocatoria de la Comisi\u00f3n de Seguridad Nacional de cara a frenar la \u00abagresi\u00f3n\u00bb y \u00abevitar la desestabilizaci\u00f3n de Am\u00e9rica Latina. <\/p>\n<p class=\"voc-p\" style=\"\">Al contrario que Santiago Abascal, presidente de Vox, quien ha escrito en la red social X que \u00abhoy el mundo es un poco m\u00e1s libre\u00bb tras los ataques de EE.UU. a Venezuela, la l\u00edder del espacio, la vicepresidenta D\u00edaz ha denunciado que \u00abel mundo es menos seguro y menos libre\u00bb desde que Trump y la que la izquierda denomina \u00abinternacional del odio\u00bb act\u00faan, su juicio, con impunidad. \u00abNuestra firme condena a esta agresi\u00f3n imperialista a Venezuela. Siempre estaremos con el derecho internacional y la paz\u00bb que ahora cree ha vulnerado Washington, asegura la tambi\u00e9n ministra de Trabajo en una publicaci\u00f3n en la red social BlueSky a la que se traslad\u00f3 tras dejar X a cuenta de las cr\u00edticas a su propietario, Elon Musk.<\/p>\n<p class=\"voc-p\" style=\"\">Podemos, como suele acostumbrar, va un paso m\u00e1s all\u00e1 al reprobar los bombardeos de Washington a Caracas, que han merecido la cr\u00edtica de sus tres l\u00edderes de facto: Pablo Iglesias, Irene Montero e Ione Belarra. \u00abO les paramos o arrasar\u00e1n con todo\u00bb, avisa la exministra de Igualdad, que al igual que la secretaria general del partido y el fundador del mismo ha exigido al Ejecutivo de Pedro S\u00e1nchez rompe toda alianza y abandonar la OTAN. \u00abPermanecer en la OTAN es colaboracionismo con un Estado criminal\u00bb, denuncia el que fuera vicepresidente del Gobierno en la anterior legislatura. <\/p>\n<blockquote class=\"twitter-tweet\">\n<p lang=\"es\" dir=\"ltr\">EEUU piensa que el mundo es suyo y que puede hacer con sus pueblos lo que le d\u00e9 la gana. No lo podemos permitir. Mi rechazo m\u00e1s profundo a este ataque a Venezuela.<\/p>\n<p>Espa\u00f1a es un pa\u00eds de paz. Rompamos relaciones con EEUU y salgamos de la OTAN antes de que sea tarde. <a href=\"https:\/\/t.co\/ySN1rxaFzD\" rel=\"nofollow\">https:\/\/t.co\/ySN1rxaFzD<\/a><\/p>\n<p>\u2014 Ione Belarra (@ionebelarra) <a href=\"https:\/\/twitter.com\/ionebelarra\/status\/2007364585515561205?ref_src=twsrc%5Etfw\" rel=\"nofollow noopener\" target=\"_blank\">January 3, 2026<\/a><\/p><\/blockquote>\n<p class=\"voc-p\" style=\"\">Belarra ha criticado adem\u00e1s el comunicado que ha emitido el Ministerio de Exteriores de Jos\u00e9 Manuel Albares, que, en la misma l\u00ednea que el presidente del Gobierno, ha hecho un llamamiento a la desescalada y a la moderaci\u00f3n. \u00abEs una absoluta verg\u00fcenza para cualquier pa\u00eds que se considere una democracia y respete la soberan\u00eda y los derechos humanos\u00bb, ha denunciado la dirigente izquierdista. Su n\u00famero dos, Montero, ha anunciado que la delegaci\u00f3n europea de Podemos \u2014que integran \u00fanicamente ella y la eurodiputada Isa Serra\u2014 ha recurrido a la Comisi\u00f3n Europea para \u00abgarantizar la liberaci\u00f3n del presidente de Venezuela (Maduro) y de todas las personas ilegalmente secuestradas\u00bb.<\/p>\n<p>\nArt\u00edculo solo para suscriptores\n<\/p>\n<p>Reportar un error<\/p>\n<p><script async src=\"https:\/\/platform.twitter.com\/widgets.js\" charset=\"utf-8\"><\/script><\/p>\n","protected":false},"excerpt":{"rendered":"03\/01\/2026 Actualizado a las 16:38h. La izquierda espa\u00f1ola, y en concreto, Sumar y Podemos, se ponen de acuerdo&hellip;\n","protected":false},"author":2,"featured_media":321272,"comment_status":"","ping_status":"","sticky":false,"template":"","format":"standard","meta":{"footnotes":""},"categories":[8],"tags":[11971,17,18,793,1576,48712,115,25,24,13,14,582,11,74775,19,20,813,9,10,15,16,34,585,23,4453,12,21,22,1192],"class_list":{"0":"post-321271","1":"post","2":"type-post","3":"status-publish","4":"format-standard","5":"has-post-thumbnail","7":"category-espana","8":"tag-agresion","9":"tag-breaking-news","10":"tag-breakingnews","11":"tag-condena","12":"tag-consejo","13":"tag-convoque","14":"tag-eeuu","15":"tag-es","16":"tag-espana","17":"tag-featured-news","18":"tag-featurednews","19":"tag-gobierno","20":"tag-headlines","21":"tag-imperialista","22":"tag-latest-news","23":"tag-latestnews","24":"tag-nacional","25":"tag-news","26":"tag-noticias","27":"tag-noticias-destacadas","28":"tag-noticiasdestacadas","29":"tag-pide","30":"tag-seguridad","31":"tag-spain","32":"tag-sumar","33":"tag-titulares","34":"tag-ultimas-noticias","35":"tag-ultimasnoticias","36":"tag-venezuela"},"share_on_mastodon":{"url":"","error":""},"_links":{"self":[{"href":"https:\/\/www.europesays.com\/es\/wp-json\/wp\/v2\/posts\/321271","targetHints":{"allow":["GET"]}}],"collection":[{"href":"https:\/\/www.europesays.com\/es\/wp-json\/wp\/v2\/posts"}],"about":[{"href":"https:\/\/www.europesays.com\/es\/wp-json\/wp\/v2\/types\/post"}],"author":[{"embeddable":true,"href":"https:\/\/www.europesays.com\/es\/wp-json\/wp\/v2\/users\/2"}],"replies":[{"embeddable":true,"href":"https:\/\/www.europesays.com\/es\/wp-json\/wp\/v2\/comments?post=321271"}],"version-history":[{"count":0,"href":"https:\/\/www.europesays.com\/es\/wp-json\/wp\/v2\/posts\/321271\/revisions"}],"wp:featuredmedia":[{"embeddable":true,"href":"https:\/\/www.europesays.com\/es\/wp-json\/wp\/v2\/media\/321272"}],"wp:attachment":[{"href":"https:\/\/www.europesays.com\/es\/wp-json\/wp\/v2\/media?parent=321271"}],"wp:term":[{"taxonomy":"category","embeddable":true,"href":"https:\/\/www.europesays.com\/es\/wp-json\/wp\/v2\/categories?post=321271"},{"taxonomy":"post_tag","embeddable":true,"href":"https:\/\/www.europesays.com\/es\/wp-json\/wp\/v2\/tags?post=321271"}],"curies":[{"name":"wp","href":"https:\/\/api.w.org\/{rel}","templated":true}]}}