{"id":321293,"date":"2026-01-03T18:55:08","date_gmt":"2026-01-03T18:55:08","guid":{"rendered":"https:\/\/www.europesays.com\/es\/321293\/"},"modified":"2026-01-03T18:55:08","modified_gmt":"2026-01-03T18:55:08","slug":"maria-corina-machado-exige-que-edmundo-gonzalez-asuma-la-presidencia","status":"publish","type":"post","link":"https:\/\/www.europesays.com\/es\/321293\/","title":{"rendered":"Mar\u00eda Corina Machado exige que Edmundo Gonz\u00e1lez asuma la presidencia"},"content":{"rendered":"<p>La l\u00edder de la oposici\u00f3n y Nobel de la Paz, Marina Corina Machado, ha reaccionado a los ataques de Estados Unidos sobre Venezuela y la captura de Nicol\u00e1s Maduro con un comunicado en el que exige que Edmundo Gonz\u00e1lez pueda asumir la presidencia del pa\u00eds. \u00abVenezolanos, son horas decisivas, sepan que estamos listos para la gran operaci\u00f3n de la reconstrucci\u00f3n de nuestra naci\u00f3n\u00bb, ha respondido al llamamiento.<\/p>\n","protected":false},"excerpt":{"rendered":"La l\u00edder de la oposici\u00f3n y Nobel de la Paz, Marina Corina Machado, ha reaccionado a los ataques&hellip;\n","protected":false},"author":2,"featured_media":321294,"comment_status":"","ping_status":"","sticky":false,"template":"","format":"standard","meta":{"footnotes":""},"categories":[42],"tags":[17,18,72409,13,14,11,61,62,63,64,19,20,74777,9,10,15,16,133,1448,1986,1987,12,21,22,65,66,67],"class_list":{"0":"post-321293","1":"post","2":"type-post","3":"status-publish","4":"format-standard","5":"has-post-thumbnail","7":"category-internacional","8":"tag-breaking-news","9":"tag-breakingnews","10":"tag-especiales-informativos-rne","11":"tag-featured-news","12":"tag-featurednews","13":"tag-headlines","14":"tag-internacional","15":"tag-international","16":"tag-international-news","17":"tag-internationalnews","18":"tag-latest-news","19":"tag-latestnews","20":"tag-maria-corina-machado-exige-que-edmundo-gonzalez-asuma-la-presidencia","21":"tag-news","22":"tag-noticias","23":"tag-noticias-destacadas","24":"tag-noticiasdestacadas","25":"tag-online","26":"tag-radio","27":"tag-rne","28":"tag-rtve-play","29":"tag-titulares","30":"tag-ultimas-noticias","31":"tag-ultimasnoticias","32":"tag-world","33":"tag-world-news","34":"tag-worldnews"},"share_on_mastodon":{"url":"https:\/\/pubeurope.com\/@es\/115832692790553684","error":""},"_links":{"self":[{"href":"https:\/\/www.europesays.com\/es\/wp-json\/wp\/v2\/posts\/321293","targetHints":{"allow":["GET"]}}],"collection":[{"href":"https:\/\/www.europesays.com\/es\/wp-json\/wp\/v2\/posts"}],"about":[{"href":"https:\/\/www.europesays.com\/es\/wp-json\/wp\/v2\/types\/post"}],"author":[{"embeddable":true,"href":"https:\/\/www.europesays.com\/es\/wp-json\/wp\/v2\/users\/2"}],"replies":[{"embeddable":true,"href":"https:\/\/www.europesays.com\/es\/wp-json\/wp\/v2\/comments?post=321293"}],"version-history":[{"count":0,"href":"https:\/\/www.europesays.com\/es\/wp-json\/wp\/v2\/posts\/321293\/revisions"}],"wp:featuredmedia":[{"embeddable":true,"href":"https:\/\/www.europesays.com\/es\/wp-json\/wp\/v2\/media\/321294"}],"wp:attachment":[{"href":"https:\/\/www.europesays.com\/es\/wp-json\/wp\/v2\/media?parent=321293"}],"wp:term":[{"taxonomy":"category","embeddable":true,"href":"https:\/\/www.europesays.com\/es\/wp-json\/wp\/v2\/categories?post=321293"},{"taxonomy":"post_tag","embeddable":true,"href":"https:\/\/www.europesays.com\/es\/wp-json\/wp\/v2\/tags?post=321293"}],"curies":[{"name":"wp","href":"https:\/\/api.w.org\/{rel}","templated":true}]}}