{"id":321295,"date":"2026-01-03T18:56:19","date_gmt":"2026-01-03T18:56:19","guid":{"rendered":"https:\/\/www.europesays.com\/es\/321295\/"},"modified":"2026-01-03T18:56:19","modified_gmt":"2026-01-03T18:56:19","slug":"espana-no-reconocera-una-intervencion-que-viola-el-derecho-internacional","status":"publish","type":"post","link":"https:\/\/www.europesays.com\/es\/321295\/","title":{"rendered":"Espa\u00f1a no reconocer\u00e1 una intervenci\u00f3n que viola el derecho internacional"},"content":{"rendered":"<p class=\"article-text\">\n        Pedro S\u00e1nchez ha asegurado este s\u00e1bado que Espa\u00f1a no reconocer\u00e1 \u201cuna intervenci\u00f3n que viola el derecho internacional\u201d. Lo ha hecho despu\u00e9s de la comparecencia de Donald Trump, en la que el presidente estadounidense ha anunciado que <a href=\"https:\/\/www.eldiario.es\/internacional\/trump-afirma-maduro-esposa-encuentran-capturados-buque-militar-camino-nueva-york_1_12883405.html\" data-mrf-recirculation=\"links-noticia\" class=\"link\" rel=\"nofollow noopener\" target=\"_blank\">EEUU va a \u201ctomar el control\u201d de Venezuela<\/a> hasta \u201cgarantizar una transici\u00f3n segura, adecuada y sensata\u201d.\n    <\/p>\n<p>    <a href=\"https:\/\/www.eldiario.es\/internacional\/ue-llama-contencion-ataque-eeuu-venezuela-pide-respetar-derecho-internacional-carta-naciones-unidas_1_12883137.html\" data-mrf-recirculation=\"saber-mas\" data-dl-event=\"saber-mas\" rel=\"nofollow noopener\" target=\"_blank\"><\/p>\n<p class=\"know-more__title\">La UE llama a la \u00abcontenci\u00f3n\u00bb tras el ataque de EEUU sobre Venezuela y pide respetar \u00abel Derecho internacional y la Carta de Naciones Unidas\u00bb<\/p>\n<p>            <img decoding=\"async\" class=\"lazy\" loading=\"lazy\" data-src=\"https:\/\/static.eldiario.es\/clip\/6e4d46d7-1a7d-4580-a725-f4b8fb5bcbf9_16-9-aspect-ratio_default_0.jpg\" src=\"data:image\/svg+xml,%3Csvg xmlns=\" http:=\"\" viewbox=\"0 0 880 495\" alt=\"La UE llama a la &quot;contenci\u00f3n&quot; tras el ataque de EEUU sobre Venezuela y pide respetar &quot;el Derecho internacional y la Carta de Naciones Unidas&quot;\"\/><\/p>\n<p>                        <\/a><\/p>\n<p class=\"article-text\">\n        Trump, despu\u00e9s de publicar una fotograf\u00eda de Nicol\u00e1s Maduro esposado en el USS Iwo Jima, ha asegurado que gestionar\u00e1n el futuro de Venezuela \u201ccon un grupo\u201d, asegur\u00e1ndose \u201cde que funcione correctamente\u201d. \u201cEstamos designando a varias personas y les informaremos qui\u00e9nes son\u201d, ha dicho Trump, <a href=\"https:\/\/www.eldiario.es\/internacional\/ultima-hora-ataques-venezuela-directo_6_12882854_1117764.html\" data-mrf-recirculation=\"links-noticia\" class=\"link\" rel=\"nofollow noopener\" target=\"_blank\">que ha descartado a la opositora Mar\u00eda Corina Machado<\/a> para liderar el pa\u00eds por no tener \u201cel apoyo interno ni el respeto\u201d del pueblo.\n    <\/p>\n<p class=\"article-text\">\n        Aunque en un primer momento, horas despu\u00e9s de la intervenci\u00f3n militar en Caracas y <a href=\"https:\/\/www.eldiario.es\/internacional\/ue-llama-contencion-ataque-eeuu-venezuela-pide-respetar-derecho-internacional-carta-naciones-unidas_1_12883137.html\" target=\"_blank\" data-mrf-recirculation=\"links-noticia\" class=\"link\" rel=\"nofollow noopener\">en l\u00ednea con la UE<\/a>, S\u00e1nchez hab\u00eda evitado condenar expresamente la operaci\u00f3n estadounidense, tras la comparecencia de Trump ha asegurado que Espa\u00f1a no reconocer\u00e1 la intervenci\u00f3n. \u201cEspa\u00f1a no reconoci\u00f3 al r\u00e9gimen de Maduro. Pero tampoco reconocer\u00e1 una intervenci\u00f3n que viola el derecho internacional y empuja a la regi\u00f3n a un horizonte de incertidumbre y belicismo\u201d, ha escrito en X. \u201cPedimos a todos los actores que piensen en la poblaci\u00f3n civil, que respeten la Carta de Naciones Unidas y que articulen una transici\u00f3n justa y dialogada\u201d.\n    <\/p>\n<blockquote class=\"twitter-tweet\" data-lang=\"es\"><p><a href=\"https:\/\/twitter.com\/X\/status\/2007516318325440842?ref_src=twsrc%5Etfw\" rel=\"nofollow noopener\" target=\"_blank\"><\/p><\/blockquote>\n<p class=\"article-text\">\n        El Gobierno de Espa\u00f1a hab\u00eda hecho un llamamiento \u201ca la desescalada y a la responsabilidad\u201d a pocas horas de la operaci\u00f3n militar, adem\u00e1s de recordar el cumplimiento del derecho internacional. Entonces, S\u00e1nchez se hab\u00eda pronunciado en X remiti\u00e9ndose al comunicado del Ministerio de Exteriores. Un comunicado en el que Espa\u00f1a se ofrec\u00eda a mediar para solucionar la situaci\u00f3n en Venezuela. El departamento que dirige Jos\u00e9 Manuel Albares ha recordado, adem\u00e1s, que Espa\u00f1a no reconoci\u00f3 los resultados de las \u00faltimas elecciones en el pa\u00eds.\n    <\/p>\n<p class=\"article-text\">\n        \u201cEl Gobierno de Espa\u00f1a est\u00e1 haciendo un seguimiento exhaustivo de los acontecimientos\u201d, escribi\u00f3 S\u00e1nchez en X. \u201cHacemos un llamamiento a la desescalada y a la responsabilidad. Hay que respetar el Derecho Internacional y los principios de la Carta de Naciones Unidas\u201d.\n    <\/p>\n<blockquote class=\"twitter-tweet\" data-lang=\"es\"><p><a href=\"https:\/\/twitter.com\/X\/status\/2007410879793435112?ref_src=twsrc%5Etfw\" rel=\"nofollow noopener\" target=\"_blank\"><\/p><\/blockquote>\n<p class=\"article-text\">\n        La postura del socio de Gobierno, Sumar, contrasta con la de la parte socialista. La vicepresidenta segunda y ministra de Trabajo, Yolanda D\u00edaz, ha condenado duramente el ataque sobre Venezuela que ha calificado de \u201cagresi\u00f3n imperialista\u201d. \u201cEl mundo es menos seguro y menos libre desde que Trump y la internacional del odio act\u00faan impunemente. Siempre estaremos con el derecho internacional y la paz\u201d, ha escrito en su cuenta de Bluesky.\n    <\/p>\n<p class=\"article-text\">\n        Las ministras de Sanidad, M\u00f3nica Garc\u00eda (M\u00e1s Madrid), y de Infancia, Sira Rego (IU), tambi\u00e9n se han posicionado en l\u00ednea similar. Garc\u00eda ha asegurado que el ataque \u201cmilitar unilateral\u201d es \u201cinjustificable\u201d sea en \u201cPalestina, Ucrania o Venezuela\u201d, mientras que Rego tambi\u00e9n ha expresado su  condena y ha calificado la operaci\u00f3n de \u201cviolaci\u00f3n del derecho internacional\u201d.\n    <\/p>\n<p class=\"article-text\">\n        Desde la oposici\u00f3n, el l\u00edder del PP, Alberto N\u00fa\u00f1ez Feij\u00f3o, ha afirmado que el futuro de Venezuela debe pasar por un gobierno de Edmundo Gonz\u00e1lez y de Mar\u00eda Corina Machado. El presidente del los conservadores ha evitado condenar frontalmente los bombardeos estadounidenses aunque ha llamado t\u00edmidamente a la prudencia:  \u201cVenezuela ha sufrido una f\u00e9rrea dictadura y reclama un futuro sin represi\u00f3n y con una transici\u00f3n democr\u00e1tica bajo el liderazgo del presidente electo\u201d.\n    <\/p>\n<blockquote class=\"twitter-tweet\" data-lang=\"es\"><p><a href=\"https:\/\/twitter.com\/X\/status\/2007411292722581607?ref_src=twsrc%5Etfw\" rel=\"nofollow noopener\" target=\"_blank\"><\/p><\/blockquote>\n<p class=\"article-text\">\n        Por su parte, el presidente de Vox, Santiago Abascal, ha celebrado la restauraci\u00f3n de la democracia en Venezuela: \u201cHoy el mundo es un poco m\u00e1s libre. Debemos alegrarnos por ello y apoyar la restauraci\u00f3n de la democracia en Venezuela\u201d. En un segundo mensaje en su cuenta de X, el lider ultra ha instado a S\u00e1nchez a  estar \u201cpreocupado\u201d tras la captura de Maduro por parte del ej\u00e9rcito estadounidense ya que considera que esta situaci\u00f3n es un \u201cgolpe para la mafia sanchista\u201d.\n    <\/p>\n<p>    La izquierda condena el ataque<\/p>\n<p class=\"article-text\">\n        Desde los grupos de la izquierda, y en l\u00ednea con Sumar, han condenado duramente los ataques de EEUU. Desde Podemos, la eurodiputada Irene Montero ha llamado al Gobierno a \u201cromper toda alianza con EEUU\u201d. En un tuit en X ha afirmado que o \u201cles paramos o arrasar\u00e1n con todo\u201d:  \u201cEspa\u00f1a es un pa\u00eds de paz y el Gobierno debe romper toda alianza con EEUU, empezando por la OTAN\u201d.\n    <\/p>\n<blockquote class=\"twitter-tweet\" data-lang=\"es\"><p><a href=\"https:\/\/twitter.com\/X\/status\/2007361328667910190?ref_src=twsrc%5Etfw\" rel=\"nofollow noopener\" target=\"_blank\"><\/p><\/blockquote>\n<p class=\"article-text\">\n        Desde IU, su coordinador federal, Antonio Ma\u00edllo, tambi\u00e9n ha condenado los bombardeos de EEUU contra Venezuela, que ha calificado de \u201cuna agresi\u00f3n militar criminal que viola su soberan\u00eda y pone en riesgo a la poblaci\u00f3n civil\u201d. \u201cDebemos unirnos frente a la guerra y el imperialismo. Solidaridad con el pueblo venezolano\u201d, ha escrito en X.\n    <\/p>\n<p class=\"article-text\">\n        La portavoz de M\u00e1s Madrid en la Asamblea, Manuela Bergerot, tambi\u00e9n ha trasladado su rechazo a la \u201cagresi\u00f3n militar\u201d y ha lanzado un mensaje de \u201csolidaridad\u201d con la poblaci\u00f3n de la naci\u00f3n sudamericana. \u201cNada justifica la agresi\u00f3n militar de Estados Unidos contra Venezuela. Nuestra solidaridad con su pueblo y nuestro rechazo rotundo a las acciones del Gobierno de Trump\u201d, ha escrito en X.\n    <\/p>\n<p class=\"article-text\">\n        Comprom\u00eds tambi\u00e9n ha condenado \u201ccon toda firmeza\u201d el \u201cataque ilegal\u201d de EEUU a Venezuela, \u201cuna agresi\u00f3n contraria al derecho internacional y a los principios de independencia y de igualdad soberana de los Estados, consagrados en la Carta de las Naciones Unidas\u201d. El s\u00edndic de Comprom\u00eds en Les Cort, Joan Baldov\u00ed, ha apuntado, a trav\u00e9s de un mensaje en sus redes sociales, que \u201clos que creen en un mundo con normas\u201d condenan \u201cesta agresi\u00f3n de Trump\u201d.\n    <\/p>\n<p class=\"article-text\">\n        El portavoz de ERC en el Congreso, Gabriel Rufi\u00e1n, ha asegurado que el \u201cprincipal peligro para el mundo se llama Trump y sus secuaces\u201d: \u201cBombardear otro pa\u00eds no es una guerra, es una agresi\u00f3n. Y detener al presidente de ese pa\u00eds no es un arresto, es un secuestro\u201d. \u201cY as\u00ed lo debe condenar este Gobierno. Que no haga el rid\u00edculo como con Guaid\u00f3\u201d, ha afirmado en X.\n    <\/p>\n<blockquote class=\"twitter-tweet\" data-lang=\"es\"><p><a href=\"https:\/\/twitter.com\/X\/status\/2007387002061439165?ref_src=twsrc%5Etfw\" rel=\"nofollow noopener\" target=\"_blank\"><\/p><\/blockquote>\n<p class=\"article-text\">\n        Desde EH Bildu tambi\u00e9n han denunciado la \u201cagresi\u00f3n imperialista\u201d de EEUU contra Venezuela as\u00ed como \u201ctoda forma de injerencia e intervenci\u00f3n externa\u201d. \u201cLa izquierda independentista vasca defiende y defender\u00e1 siempre el principio de soberan\u00eda, la autodeterminaci\u00f3n y la paz de todos los pueblos y naciones del mundo como principios irrenunciables\u201d, han asegurado en un comunicado en X.\n    <\/p>\n<p class=\"article-text\">\n        El Euzkadi Buru Batzar del PNV tambi\u00e9n ha mostrado su preocupaci\u00f3n por \u201cla ruptura unilateral de la normativa internacional\u201d por parte de EEUU tras los ataques contra Venezuela. \u201cLa vuelta al orden mundial multilateral es la manera m\u00e1s eficaz de proteger la paz mundial\u201d, han explicado en un comunicado en el que ha pedido \u201ctransparencia y respeto al derecho internacional\u201d al Gobierno de Trump y ha asegurado que es \u201cnecesario devolver cuanto antes la voz a venezolanos y venezolanas con las debidas garant\u00edas democr\u00e1ticas\u201d.\n    <\/p>\n<p>    <a href=\"https:\/\/www.eldiario.es\/internacional\/registran-explosiones-caracas-medio-tensiones-eeuu_1_12882787.html\" data-mrf-recirculation=\"saber-mas-abajo\" data-dl-event=\"saber-mas-abajo\" rel=\"nofollow noopener\" target=\"_blank\"><\/p>\n<p class=\"know-more__title\">Trump anuncia que EEUU va a \u201ctomar el control\u201d de Venezuela hasta \u201cgarantizar una transici\u00f3n segura\u201d<\/p>\n<p>            <img decoding=\"async\" class=\"lazy\" loading=\"lazy\" data-src=\"https:\/\/static.eldiario.es\/clip\/83fdd20e-d9d7-480d-89b9-db8b75ae5856_16-9-aspect-ratio_default_0.jpg\" src=\"data:image\/svg+xml,%3Csvg xmlns=\" http:=\"\" viewbox=\"0 0 880 495\" alt=\"EEUU captura a Maduro tras bombardear Venezuela\"\/><\/p>\n<p>                        <\/a><\/p>\n<p class=\"article-text\">\n        Desde la Ejecutiva Nacional del Bloque Nacionalista Galego tambi\u00e9n ha condenado el ataque de EEUU contra Venezuela. La direcci\u00f3n nacionalista habla de un \u201cuso ileg\u00edtimo e ilegal\u201d de la fuerza \u201calentado por el af\u00e1n imperialista de apropiarse de los recursos de Venezuela, as\u00ed como para recuperar el control neocolonial de Am\u00e9rica Latina\u201d. La formaci\u00f3n pide que el Gobierno se sume a la condena y despliegue \u201ctodas las acciones precisas para ofrecer apoyo y protecci\u00f3n a la poblaci\u00f3n gallega residente en el pa\u00eds\u201d.\n    <\/p>\n<p>                                    <script async src=\"https:\/\/platform.twitter.com\/widgets.js\" charset=\"utf-8\"><\/script><\/p>\n","protected":false},"excerpt":{"rendered":"Pedro S\u00e1nchez ha asegurado este s\u00e1bado que Espa\u00f1a no reconocer\u00e1 \u201cuna intervenci\u00f3n que viola el derecho internacional\u201d. Lo&hellip;\n","protected":false},"author":2,"featured_media":321296,"comment_status":"","ping_status":"","sticky":false,"template":"","format":"standard","meta":{"footnotes":""},"categories":[8],"tags":[1422,17,18,793,31733,74778,25,24,13,14,9860,582,5976,11,6326,19,20,8500,9,10,15,16,34,23,12,21,22],"class_list":{"0":"post-321295","1":"post","2":"type-post","3":"status-publish","4":"format-standard","5":"has-post-thumbnail","7":"category-espana","8":"tag-ataque","9":"tag-breaking-news","10":"tag-breakingnews","11":"tag-condena","12":"tag-desescalada","13":"tag-edmundo","14":"tag-es","15":"tag-espana","16":"tag-featured-news","17":"tag-featurednews","18":"tag-feijoo","19":"tag-gobierno","20":"tag-gonzalez","21":"tag-headlines","22":"tag-izquierda","23":"tag-latest-news","24":"tag-latestnews","25":"tag-llama","26":"tag-news","27":"tag-noticias","28":"tag-noticias-destacadas","29":"tag-noticiasdestacadas","30":"tag-pide","31":"tag-spain","32":"tag-titulares","33":"tag-ultimas-noticias","34":"tag-ultimasnoticias"},"share_on_mastodon":{"url":"https:\/\/pubeurope.com\/@es\/115832696495053361","error":""},"_links":{"self":[{"href":"https:\/\/www.europesays.com\/es\/wp-json\/wp\/v2\/posts\/321295","targetHints":{"allow":["GET"]}}],"collection":[{"href":"https:\/\/www.europesays.com\/es\/wp-json\/wp\/v2\/posts"}],"about":[{"href":"https:\/\/www.europesays.com\/es\/wp-json\/wp\/v2\/types\/post"}],"author":[{"embeddable":true,"href":"https:\/\/www.europesays.com\/es\/wp-json\/wp\/v2\/users\/2"}],"replies":[{"embeddable":true,"href":"https:\/\/www.europesays.com\/es\/wp-json\/wp\/v2\/comments?post=321295"}],"version-history":[{"count":0,"href":"https:\/\/www.europesays.com\/es\/wp-json\/wp\/v2\/posts\/321295\/revisions"}],"wp:featuredmedia":[{"embeddable":true,"href":"https:\/\/www.europesays.com\/es\/wp-json\/wp\/v2\/media\/321296"}],"wp:attachment":[{"href":"https:\/\/www.europesays.com\/es\/wp-json\/wp\/v2\/media?parent=321295"}],"wp:term":[{"taxonomy":"category","embeddable":true,"href":"https:\/\/www.europesays.com\/es\/wp-json\/wp\/v2\/categories?post=321295"},{"taxonomy":"post_tag","embeddable":true,"href":"https:\/\/www.europesays.com\/es\/wp-json\/wp\/v2\/tags?post=321295"}],"curies":[{"name":"wp","href":"https:\/\/api.w.org\/{rel}","templated":true}]}}