{"id":321298,"date":"2026-01-03T19:05:08","date_gmt":"2026-01-03T19:05:08","guid":{"rendered":"https:\/\/www.europesays.com\/es\/321298\/"},"modified":"2026-01-03T19:05:08","modified_gmt":"2026-01-03T19:05:08","slug":"sergio-llull-se-pone-en-modo-inalcanzable","status":"publish","type":"post","link":"https:\/\/www.europesays.com\/es\/321298\/","title":{"rendered":"Sergio Llull se pone en modo &#8216;inalcanzable&#8217;"},"content":{"rendered":"<p>Impresionante el legado que est\u00e1 dejando el jugador de baloncesto nacido en Ma\u00f3, <a href=\"https:\/\/www.menorca.info\/etiqueta\/Sergio+Llull.html?utm_source=Inline-tag&amp;utm_medium=internal\" rel=\"nofollow noopener\" target=\"_blank\">Sergio Llull<\/a>. En el \u00faltimo encuentro del <a href=\"https:\/\/www.menorca.info\/etiqueta\/Real+Madrid.html?utm_source=Inline-tag&amp;utm_medium=internal\" rel=\"nofollow noopener\" target=\"_blank\">Real Madrid<\/a> frente al Dubai Basketball, correspondiente a la 19\u00aa jornada de la Euroliga, e<strong>l director de juego menorqu\u00edn alcanz\u00f3 la friolera de los 1.200 partidos con el Real Madrid.<\/strong><\/p>\n<p>El capit\u00e1n blanco formado de peque\u00f1o en las paredes del pabell\u00f3n de La Salle Ma\u00f3, que tambi\u00e9n <strong>posee el r\u00e9cord de encuentros disputados con el equipo madridista<\/strong> desde enero de 2024 cuando super\u00f3 a Felipe Reyes, contin\u00faa engrandeciendo su figura dentro del club presidido por Florentino P\u00e9rz.<\/p>\n<p>Sergio Llull es tambi\u00e9n<strong> el baloncestista que m\u00e1s campa\u00f1as ha disputado con el Real Madrid,<\/strong> ya que para el insular esta 2025-26 en curso es la n\u00famero 20, dejando atr\u00e1s las 18 temporadas del m\u00edtico Rafa Rull\u00e1n.<\/p>\n<p>La espectacular cifra de los 1.200 encuentros oficiales celebrados con la camiseta madridista, el eterno capit\u00e1n blanco los reparte en un total de <strong>662 de Liga ACB, 464 de Euroliga, 43 de Copa del Rey, 29 de Supercopa y dos de Copa Intercontinental<\/strong>.<\/p>\n<p>Adem\u00e1s, tras conquistar la pasada Liga Endesa con el 3-0 en la final ante el Valencia Basket del director deportivo ciutadellenc, Llu\u00eds Arbalejo, el determinante y el\u00e9ctrico &#8216;dos&#8217; se convirti\u00f3 en el jugador con m\u00e1s t\u00edtulos nacionales de la historia con 25, superando los 24 de otras leyendas madridistas como el mismo Rull\u00e1n u otro hist\u00f3rico como Clifford Luyk.<\/p>\n","protected":false},"excerpt":{"rendered":"Impresionante el legado que est\u00e1 dejando el jugador de baloncesto nacido en Ma\u00f3, Sergio Llull. En el \u00faltimo&hellip;\n","protected":false},"author":2,"featured_media":321299,"comment_status":"","ping_status":"","sticky":false,"template":"","format":"standard","meta":{"footnotes":""},"categories":[269],"tags":[299,298,168,25,24,3048,1692,23,167],"class_list":{"0":"post-321298","1":"post","2":"type-post","3":"status-publish","4":"format-standard","5":"has-post-thumbnail","7":"category-baloncesto","8":"tag-baloncesto","9":"tag-basketball","10":"tag-deportes","11":"tag-es","12":"tag-espana","13":"tag-real-madrid","14":"tag-sergio-llull","15":"tag-spain","16":"tag-sports"},"share_on_mastodon":{"url":"https:\/\/pubeurope.com\/@es\/115832731997717917","error":""},"_links":{"self":[{"href":"https:\/\/www.europesays.com\/es\/wp-json\/wp\/v2\/posts\/321298","targetHints":{"allow":["GET"]}}],"collection":[{"href":"https:\/\/www.europesays.com\/es\/wp-json\/wp\/v2\/posts"}],"about":[{"href":"https:\/\/www.europesays.com\/es\/wp-json\/wp\/v2\/types\/post"}],"author":[{"embeddable":true,"href":"https:\/\/www.europesays.com\/es\/wp-json\/wp\/v2\/users\/2"}],"replies":[{"embeddable":true,"href":"https:\/\/www.europesays.com\/es\/wp-json\/wp\/v2\/comments?post=321298"}],"version-history":[{"count":0,"href":"https:\/\/www.europesays.com\/es\/wp-json\/wp\/v2\/posts\/321298\/revisions"}],"wp:featuredmedia":[{"embeddable":true,"href":"https:\/\/www.europesays.com\/es\/wp-json\/wp\/v2\/media\/321299"}],"wp:attachment":[{"href":"https:\/\/www.europesays.com\/es\/wp-json\/wp\/v2\/media?parent=321298"}],"wp:term":[{"taxonomy":"category","embeddable":true,"href":"https:\/\/www.europesays.com\/es\/wp-json\/wp\/v2\/categories?post=321298"},{"taxonomy":"post_tag","embeddable":true,"href":"https:\/\/www.europesays.com\/es\/wp-json\/wp\/v2\/tags?post=321298"}],"curies":[{"name":"wp","href":"https:\/\/api.w.org\/{rel}","templated":true}]}}