{"id":321315,"date":"2026-01-03T19:17:08","date_gmt":"2026-01-03T19:17:08","guid":{"rendered":"https:\/\/www.europesays.com\/es\/321315\/"},"modified":"2026-01-03T19:17:08","modified_gmt":"2026-01-03T19:17:08","slug":"telefonica-repsol-bbva-la-exposicion-de-las-empresas-espanolas-en-venezuela-expansion","status":"publish","type":"post","link":"https:\/\/www.europesays.com\/es\/321315\/","title":{"rendered":"Telef\u00f3nica, Repsol, BBVA: la exposici\u00f3n de las empresas espa\u00f1olas en Venezuela &#8211; Expansi\u00f3n"},"content":{"rendered":"<ol>\n<li><a href=\"https:\/\/news.google.com\/rss\/articles\/CBMigAFBVV95cUxOczc4bm1XLWh6X01wWTNxa2JXR01ZVDIzT2VFN3pJY21YYjMyR1RQQnpoaXc3blE5eHdfazJEWmRoay1mdDJEbk5meUV2Y1RiVGh3a0ZkMWZVTFgxS3BvYWJqbUNQZ3UzVGQ3ZE14RUhDV3hoUV9VbXVEYmpaYXZwYQ?oc=5\" target=\"_blank\" rel=\"nofollow noopener\">Telef\u00f3nica, Repsol, BBVA: la exposici\u00f3n de las empresas espa\u00f1olas en Venezuela<\/a>&nbsp;&nbsp;Expansi\u00f3n<\/li>\n<li><a href=\"https:\/\/news.google.com\/rss\/articles\/CBMijwFBVV95cUxQeEFQXzZLQkM2ek1oY0NRTU9MVlFZM2ltUUV6eEptUmt1ZzRqOER2cVdMQUR5bGl1NlZIeVpSeGRjOFFRUUNQcmJjdGxYSUwwZC1xclBmMkZIWnBNeFRtRHRJRU9oRlJVYTVEWV9YN05LU0FRYnc1QkVreEZhN3BpaVNybzNid2hxYURhUzdxZ9IBjwFBVV95cUxONGt2ckFfZ2pSc29TampCUHhMMTVET2drdzh2TGxIOXcwcHB6bHJqMm1wOVdmajhNZ04tb052VFBVdTd6cDBSTVNJUzR1S2tZWjBBTGpYMktUX25sVjhDOUlscE5MaTI1SWU1UHV3TlQ4Z0RqMFRwVzR0ZXRJU1BOUDdUemd1UzFPTTc2cmdwMA?oc=5\" target=\"_blank\" rel=\"nofollow noopener\">Espa\u00f1a y Venezuela en cifras: de la par\u00e1lisis comercial y el &#8216;por qu\u00e9 no te callas&#8217; a una t\u00edmida reactivaci\u00f3n gracias al petr\u00f3leo y al ladrillo de lujo<\/a>&nbsp;&nbsp;El Mundo<\/li>\n<li><a href=\"https:\/\/news.google.com\/rss\/articles\/CBMixAFBVV95cUxPcC15LUVITEtreVJtczRzTTdTMWhMN21Jdm5OUF9UUGZ0YnhlZ3k5ejRudkVIQ0VHbXBubmlSNkpGRWdKQXo4QmwxcF92WXRZWWJHcmFKSk1DWGdEVkxGQWhMTVo3T2VIbnR5UHh5MEt2bnE5TngyWnlIQkxNVFI3VDh5Z3hXaWh6SUZsZmxvNEtJTDZYeVF3eWxuMFJjXzIxZ2NoVUV5NXh1Mi1VbUhmdzY3S3FvYThnUzUzYnlkX0NfeEZm?oc=5\" target=\"_blank\" rel=\"nofollow noopener\">Venezuela, el mayor pozo petrol\u00edfero del mundo, suministra a Espa\u00f1a el 5 % del crudo que consume<\/a>&nbsp;&nbsp;La Voz de Galicia<\/li>\n<li><a href=\"https:\/\/news.google.com\/rss\/articles\/CBMioAFBVV95cUxQY1JUSWhvNmVtcDlMVVZ4OG43ZWdBLXJBVFlTYkJ1OG5SZ2ZFR2h4RGtEWDRFbm5aRHZtMWY2Qy1WQjNvZkVvVlpzUW5VWXhiMTNQVWpPZE9RQ2V5dWNYYWZYUFJFd2dCeDgyOVlZTFhiUnZwQmE2N3REMFA5WWVrZVNhU0hkRXc0MXhLSUNsaEs0OW41VUI5MUs3Z0xxS2dw0gGgAUFVX3lxTE9OQjZhanBvY1hiNXJYS1B3cllwQU45YlZyb252Z01wUkt6RENiZ2lFcDdOOFFTX2c4dEI5RWl3TFZPNjF2LVQ5dUJFWXd3V3Vtb0M3MnktUjhIakJnaldITnJFV2JIbFNTaWNYYWNSWGdtN1ZkLThNTUZmWTlPN285VW4ySm0wSkUzUC1BNTctdlBTUGdjRU5zN1dmOUp5U1o?oc=5\" target=\"_blank\" rel=\"nofollow noopener\">Espa\u00f1a dispar\u00f3 sus relaciones con Venezuela en 2024 con un aumento del d\u00e9ficit comercial del 137%<\/a>&nbsp;&nbsp;El Peri\u00f3dico<\/li>\n<li><a href=\"https:\/\/news.google.com\/rss\/articles\/CBMi1wFBVV95cUxPZDk5QnFHeDZ6ZXhzcHZWTTloMnNUYjV1ZXczUFJ1aVF5eGg1TmFMU01fMWNUNzJlaUw0VldJNHQyYjBKM3hoS0FNc29QY1JyZExJcVQwWjRDc3RGVmEyMTJMQklwenRkWjVyOTlEc0pxbVVlSlZnMWlTV2ZQekM5R3JKYXJfVWxGQzMwemEtUEdxVFNQNFo4d3dUY3d5Nk9JUDY3eXZtN0ZPQVBGVmxWTjYzdGpOMEJ1eVV4VkE5ZXhaZFFSVlotamlWakNYLVNzVDA0Mi1XQQ?oc=5\" target=\"_blank\" rel=\"nofollow noopener\">M\u00e1s all\u00e1 del petr\u00f3leo: las empresas espa\u00f1olas con presencia en Venezuela continen el aliento<\/a>&nbsp;&nbsp;El Correo<\/li>\n<\/ol>\n","protected":false},"excerpt":{"rendered":"Telef\u00f3nica, Repsol, BBVA: la exposici\u00f3n de las empresas espa\u00f1olas en Venezuela&nbsp;&nbsp;Expansi\u00f3n Espa\u00f1a y Venezuela en cifras: de la&hellip;\n","protected":false},"author":2,"featured_media":321316,"comment_status":"","ping_status":"","sticky":false,"template":"","format":"standard","meta":{"footnotes":""},"categories":[80],"tags":[82,95,94,2308,25,24,23],"class_list":{"0":"post-321315","1":"post","2":"type-post","3":"status-publish","4":"format-standard","5":"has-post-thumbnail","7":"category-economia","8":"tag-business","9":"tag-economia","10":"tag-economy","11":"tag-empresas","12":"tag-es","13":"tag-espana","14":"tag-spain"},"share_on_mastodon":{"url":"https:\/\/pubeurope.com\/@es\/115832779162190344","error":""},"_links":{"self":[{"href":"https:\/\/www.europesays.com\/es\/wp-json\/wp\/v2\/posts\/321315","targetHints":{"allow":["GET"]}}],"collection":[{"href":"https:\/\/www.europesays.com\/es\/wp-json\/wp\/v2\/posts"}],"about":[{"href":"https:\/\/www.europesays.com\/es\/wp-json\/wp\/v2\/types\/post"}],"author":[{"embeddable":true,"href":"https:\/\/www.europesays.com\/es\/wp-json\/wp\/v2\/users\/2"}],"replies":[{"embeddable":true,"href":"https:\/\/www.europesays.com\/es\/wp-json\/wp\/v2\/comments?post=321315"}],"version-history":[{"count":0,"href":"https:\/\/www.europesays.com\/es\/wp-json\/wp\/v2\/posts\/321315\/revisions"}],"wp:featuredmedia":[{"embeddable":true,"href":"https:\/\/www.europesays.com\/es\/wp-json\/wp\/v2\/media\/321316"}],"wp:attachment":[{"href":"https:\/\/www.europesays.com\/es\/wp-json\/wp\/v2\/media?parent=321315"}],"wp:term":[{"taxonomy":"category","embeddable":true,"href":"https:\/\/www.europesays.com\/es\/wp-json\/wp\/v2\/categories?post=321315"},{"taxonomy":"post_tag","embeddable":true,"href":"https:\/\/www.europesays.com\/es\/wp-json\/wp\/v2\/tags?post=321315"}],"curies":[{"name":"wp","href":"https:\/\/api.w.org\/{rel}","templated":true}]}}