{"id":321578,"date":"2026-01-03T23:23:07","date_gmt":"2026-01-03T23:23:07","guid":{"rendered":"https:\/\/www.europesays.com\/es\/321578\/"},"modified":"2026-01-03T23:23:07","modified_gmt":"2026-01-03T23:23:07","slug":"reconciliacion-a-la-vista-rappel-explica-como-era-la-relacion-entre-los-javis-en-la-fiesta-de-nochevieja","status":"publish","type":"post","link":"https:\/\/www.europesays.com\/es\/321578\/","title":{"rendered":"\u00bfReconciliaci\u00f3n a la vista? Rappel explica c\u00f3mo era la relaci\u00f3n entre los Javis en la fiesta de Nochevieja"},"content":{"rendered":"<p style=\"\">Si bien <a href=\"https:\/\/www.abc.es\/gente\/javis-separan-tras-anos-relacion-20251111183133-nt.html\" target=\"_self\" data-voc-vtm-id=\"in-text-traffic\" title=\"la ruptura\" data-mrf-link=\"www.abc.es\" rel=\"nofollow noopener\">la ruptura<\/a> entre <strong>Javier Ambrossi<\/strong> y <strong>Javier Calvo<\/strong> impactaba a sus seguidores, parece que est\u00e1 claro que entre ellos a\u00fan fluye la buena energ\u00eda. Para los que dudaban sobre qu\u00e9 tipo de relaci\u00f3n ten\u00edan despu\u00e9s de finalizar su romance, las  &#8230; im\u00e1genes de su fiesta de Nochevieja juntos hicieron saltar las alarmas. \u00bfEs posible que, m\u00e1s all\u00e1 de amistad, exista una reconciliaci\u00f3n entre ellos?<\/p>\n<p class=\"voc-p\" style=\"\">En &#8216;\u00a1Vaya fama!&#8217; este mismo s\u00e1bado un testigo, que no es otro que el vidente Rappel, con el que aparec\u00edan en las fotograf\u00edas. La fiesta no tuvo lugar en <a href=\"https:\/\/www.abc.es\/gente\/misterio-resuelto-javis-ponen-venta-casa-millones-20251118022151-nt.html\" target=\"_self\" data-voc-vtm-id=\"in-text-traffic\" title=\"la fant\u00e1stica casa que los Javis se construyeron\" data-mrf-link=\"www.abc.es\" rel=\"nofollow noopener\">la fant\u00e1stica casa que los Javis se construyeron<\/a> y que, en teor\u00eda, se va a poner a la venta. Sin embargo, Ambrossi y Calvo fueron los anfitriones de una cita a la que, como suele pasar en sus celebraciones, acudieron todo tipo de estrellas de nuestro pa\u00eds. Entre ellos una embarazad\u00edsima <strong>\u00darsula Corber\u00f3<\/strong> o <strong>Yenesi<\/strong>, que no se ha separado de ellos tras su participaci\u00f3n en la serie &#8216;Mariliendre&#8217;.<\/p>\n<p class=\"voc-p\" style=\"\">Y, como era de esperar, todo el mundo sali\u00f3 encantado. As\u00ed lo ha contado Rappel: \u00ab<strong>Los Javis encantadores<\/strong>. Unos anfitriones de miedo. Estuvieron encantadores (&#8230;) Un grupo de chicas muy lanzadas salieron a los balcones a ense\u00f1ar el culo a la luna. Fue muy divertido. Digo: &#8216;Porque trae mucha suerte ense\u00f1ar el culo a la luna para pedirle que haya un a\u00f1o sexual&#8217;. Y dice una: &#8216;Ay, pues yo salgo hora mismo!&#8217;\u00bb.<\/p>\n<p class=\"voc-p\" style=\"\">Sobre la relaci\u00f3n que Rappel apreci\u00f3 entre los dos cineastas, el vidente deja claro que <strong>la sensaci\u00f3n fue impecable<\/strong>. \u00abEllos estaban celebrando la Nochevieja juntos con todos sus amigos. O sea, est\u00e1bamos todos en armon\u00eda. Muy divertido y <strong>un ambiente muy fant\u00e1stico<\/strong>\u00bb, ha desvelado. <\/p>\n<p>\nNo hay reconciliaci\u00f3n\n<\/p>\n<p class=\"voc-p\" style=\"\">Y a pesar de la buena relaci\u00f3n, Rappel ha dejado claro que entre ellos solo existe una amistad en este momento, que adem\u00e1s favorece sus trabajos en com\u00fan, mientras que el noviazgo se ha terminado. \u00ab<strong>Son muy, muy amigos<\/strong> y son socios y est\u00e1n con unos proyectos fant\u00e1sticos. O sea, que su trabajo va a seguir adelante y su amistad perfecta&#8230; Por lo menos adelante va a seguir\u00bb, ha a\u00f1adido el vidente en declaraciones al mencionado programa. <\/p>\n<p class=\"voc-p\" style=\"\">En el mismo espacio, Noelia Zazo ha reiterado que, por el momento, no existe ninguna confirmaci\u00f3n de que haya una segunda oportunidad. \u00abEn este momento <strong>no ha habido reconciliaci\u00f3n<\/strong>, pero en su entorno casi nadie pone la mano en el fuego porque no vaya a ocurrir\u00bb, ha desvelado. <\/p>\n<p class=\"voc-p\" style=\"\">Por otro lado, Javier Ambrossi ha preferido tomarse un descanso de las redes sociales y ha eliminado su perfil. Y aunque Javier Calvo siga publicando, el que fuera su pareja ha preferido dar un paso atr\u00e1s de ahora en adelante. <\/p>\n","protected":false},"excerpt":{"rendered":"Si bien la ruptura entre Javier Ambrossi y Javier Calvo impactaba a sus seguidores, parece que est\u00e1 claro&hellip;\n","protected":false},"author":2,"featured_media":321579,"comment_status":"","ping_status":"","sticky":false,"template":"","format":"standard","meta":{"footnotes":""},"categories":[174],"tags":[255,146,147,981,25,24,5134,256,2328,51486,5199,10181,5977,23,4798,6989],"class_list":{"0":"post-321578","1":"post","2":"type-post","3":"status-publish","4":"format-standard","5":"has-post-thumbnail","7":"category-famosos","8":"tag-celebrities","9":"tag-entertainment","10":"tag-entretenimiento","11":"tag-era","12":"tag-es","13":"tag-espana","14":"tag-explica","15":"tag-famosos","16":"tag-fiesta","17":"tag-javis","18":"tag-nochevieja","19":"tag-reconciliacion","20":"tag-relacion","21":"tag-spain","22":"tag-testigo","23":"tag-vista"},"share_on_mastodon":{"url":"https:\/\/pubeurope.com\/@es\/115833746372196801","error":""},"_links":{"self":[{"href":"https:\/\/www.europesays.com\/es\/wp-json\/wp\/v2\/posts\/321578","targetHints":{"allow":["GET"]}}],"collection":[{"href":"https:\/\/www.europesays.com\/es\/wp-json\/wp\/v2\/posts"}],"about":[{"href":"https:\/\/www.europesays.com\/es\/wp-json\/wp\/v2\/types\/post"}],"author":[{"embeddable":true,"href":"https:\/\/www.europesays.com\/es\/wp-json\/wp\/v2\/users\/2"}],"replies":[{"embeddable":true,"href":"https:\/\/www.europesays.com\/es\/wp-json\/wp\/v2\/comments?post=321578"}],"version-history":[{"count":0,"href":"https:\/\/www.europesays.com\/es\/wp-json\/wp\/v2\/posts\/321578\/revisions"}],"wp:featuredmedia":[{"embeddable":true,"href":"https:\/\/www.europesays.com\/es\/wp-json\/wp\/v2\/media\/321579"}],"wp:attachment":[{"href":"https:\/\/www.europesays.com\/es\/wp-json\/wp\/v2\/media?parent=321578"}],"wp:term":[{"taxonomy":"category","embeddable":true,"href":"https:\/\/www.europesays.com\/es\/wp-json\/wp\/v2\/categories?post=321578"},{"taxonomy":"post_tag","embeddable":true,"href":"https:\/\/www.europesays.com\/es\/wp-json\/wp\/v2\/tags?post=321578"}],"curies":[{"name":"wp","href":"https:\/\/api.w.org\/{rel}","templated":true}]}}