{"id":321631,"date":"2026-01-04T00:18:12","date_gmt":"2026-01-04T00:18:12","guid":{"rendered":"https:\/\/www.europesays.com\/es\/321631\/"},"modified":"2026-01-04T00:18:12","modified_gmt":"2026-01-04T00:18:12","slug":"5-compras-caras-de-zara-que-queremos-para-las-rebajas-de-enero","status":"publish","type":"post","link":"https:\/\/www.europesays.com\/es\/321631\/","title":{"rendered":"5 compras caras de Zara que queremos para las rebajas de enero"},"content":{"rendered":"<p>Hace tiempo que <strong>Zara y sus rebajas de enero<\/strong> se convirtieron en toda una aventura. La de ser capaces de adquirir alguna prenda antes de que todo se agote un minuto despu\u00e9s de ponerse a la venta, concretamente. Este a\u00f1o, eso s\u00ed, hemos querido hacer los deberes con tiempo e ir metiendo en la cesta esas piezas que nos resultan <a href=\"https:\/\/www.glamour.es\/articulos\/donde-comprar-ropa-bonita-a-precio-barato\" rel=\"nofollow noopener\" target=\"_blank\">demasiado caras<\/a> y que esperamos ver con el cartel de \u201crebajado\u201d el <strong>d\u00eda 6 de enero en la aplicaci\u00f3n y el d\u00eda 7 en las tiendas f\u00edsicas<\/strong>. Para no quedarnos sin ellas, m\u00e1s que nada. Son compras que implican hacernos con algunos b\u00e1sicos de manual para toda la vida, aunque tambi\u00e9n hemos incluido alguna que otra de esas que har\u00edamos simplemente por capricho, y por tanto, nos produce un poco de dolor de coraz\u00f3n invertir semejante suma en ella.<\/p>\n<p>As\u00ed, mientras rezamos para verlas con descuento, vamos compartiendo contigo nuestra lista, por si te sirve de inspiraci\u00f3n.<\/p>\n<p><img decoding=\"async\" alt=\"Gili Biegun con gafas de sol de aviador pelo suelto abrigo de cuero negro con bufanda blanca  ala cintura bolso de...\" loading=\"lazy\" class=\"ResponsiveImageContainer-eNxvmU cfBbTk responsive-image__image\"   src=\"https:\/\/www.europesays.com\/es\/wp-content\/uploads\/2026\/01\/GettyImages-2250497652.jpg\"\/><\/p>\n<p>Rezamos por que las rebajas de enero de Zara nos traigan los descuentos que queremos.\u00a9 Raimonda Kulikauskiene\/Getty Images<\/p>\n<p>El abrigo m\u00e1s cool del momento:<\/p>\n<ul>\n<li>Por qu\u00e9 lo queremos: Sobra decir que nos hace sentirnos un poco Trinity de Matrix, pero al margen de eso, es una pieza llena de ventajas. Desde el color, que combina con todo hasta su versatilidad, que lo hace igual de apto para <a href=\"https:\/\/www.glamour.es\/articulos\/looks-de-oficina-que-pinterest-me-ha-hecho-amar\" rel=\"nofollow noopener\" target=\"_blank\">looks de oficina<\/a> con pantalones de vestir y botines, que para estilismos de noche con minivestidos y medias de fantas\u00eda. Adem\u00e1s, ese corte entallado es ultra-favorecedor y lo mejor es que el resto del dise\u00f1o no pasa de moda jam\u00e1s.<\/li>\n<li>Precio actual: 399\u20ac. No es tan elevado si pensamos que est\u00e1 confeccionado en piel 100% y que esto disparar\u00e1 su durabilidad. A\u00fan as\u00ed, rezamos a los dioses de la moda por verlo rebajado.<\/li>\n<\/ul>\n<p><a class=\"BaseWrap-sc-gzmcOU BaseText-eqOrNE BaseLink-eTpkqh UnifiedProductEmbedImageLink-hoXjFT deqABF bwSHhw gOAine hsGXfw image\" href=\"https:\/\/cna.st\/p\/2privsRGdsZnuibBGxuf3mZb9MTNeA5rWUcT9kir9tcT1JsKw5G7tSfPY2A7j5KuroZ3Jo1UsEiUy6WGZVF7k8fypDgk7iiQ13PLt9KKHzNod5V2B2GYygx61iRtGBhMJCTcgYhqeeE4Gf4XBUvqFrYFzsjv8icDMbDD8AiQXz1BW6aba5rnrw9zcRH5ctwgHihDbRhsrkpiScgs3NxscvkaTigeosq6ZJcFp8o86GdDa8hHyV416Q2jd776FZWcB7tFYKvAqF3sJ2GYTiaP2ZYxzH4sKoXqB4xa7cF7cCZH4BpCkvxCT694Je8TTYYvGVxDS7fJtWEkAr9dfodqHDtWdBdeudYZ6eBJq6n9DN7A3fABGfA5cNZx1oNYFd8ojGWwHHkdg942fu8RjgdCMbhjeGPZweMUYaMHJVhHBUXDTB93M9k26HENRrQt6NEwQ7WvoJxABqBcnhNSdvCTum99VbFnCzAq6HGyUj52Cy9DE3sG337pWSc1boSBUYYR9dF9wFBj5NSUd56QAT36GZgxd9xZvXFC9MfrhZcL76Q5AEA\" target=\"_blank\" rel=\"noreferrer noopener sponsored nofollow\" tabindex=\"-1\" data-offer-url=\"https:\/\/www.zara.com\/es\/es\/abrigo-piel-entallado-ludovic-de-saint-sernin-x-zara-p03322045.html?v1=479312797&amp;v2=2419032\"><img decoding=\"async\" loading=\"lazy\" alt=\"Abrigo entallado de piel negra. Tiene cuello de solapa de muescas y manga larga acabada en abertura. incorpora bolsillos con solapa en delantero.\" class=\"ResponsiveImageContainer-eNxvmU cfBbTk responsive-image__image\"   src=\"https:\/\/www.europesays.com\/es\/wp-content\/uploads\/2026\/01\/03322045800-e1.jpg\"\/><\/a><\/p>\n<p>Confeccionado con el tejido principal realizado en piel 100%. Tiene cuello de solapa de muescas y manga larga acabada en abertura. incorpora bolsillos con solapa en delantero.<\/p>\n<p>El jersey de nuestros sue\u00f1os:<\/p>\n<ul>\n<li>Por qu\u00e9 lo queremos: Porque tiene todo lo que le pedimos a un jersey. Un patr\u00f3n atemporal, una composici\u00f3n que lo hace suave y duradero, un <a href=\"https:\/\/www.glamour.es\/galerias\/como-vestir-amarillo-mantequilla-primavera\" rel=\"nofollow noopener\" target=\"_blank\">color mantequilla<\/a> que es pura dulzura -y tambi\u00e9n practicidad- y ese efecto de acabado cepillado que lo vuelve tan deseable.<\/li>\n<li>Precio actual: 109\u20ac. No es disparatado, pero reconocemos que es mucho m\u00e1s de lo que solemos invertir en un jersey. Al estar compuesto por un 71% lana y un 29% cachemira, sabemos que la cifra se eleva, pero esperamos que Marta Ortega haga realidad nuestras fantas\u00edas y veamos una buena bajada en su etiqueta.<\/li>\n<\/ul>\n<p><a class=\"BaseWrap-sc-gzmcOU BaseText-eqOrNE BaseLink-eTpkqh UnifiedProductEmbedImageLink-hoXjFT deqABF bwSHhw gOAine hsGXfw image\" href=\"https:\/\/cna.st\/p\/5xwe6x9jQMXaxSScKVGb11vSWqEuVnRAGj8qP3m7bc2JKBYKYViNXtTJbo8GbHaxBES92WiHz1GwGWCUCkDtYhsTL8DnLz6XgESGHi9g2DNTKPT4hYqhmeTq9ZrywemRXezDRaiXwvYiCgVrn4rcd5NMn9XiT97yEryZ9SEc6RUzxj9ZeaH3RNa4dB6meKCrnyaJa99NyxxfDRXHf8YPWa1FLG3gh6L2SnQME9VTzoN9bMUQiUSMmozpEXtHxdAVDo7Cx395SVp4TNzzt2dWWXDgjPki5hgjfAZxNJP5CU1wfRjbJbVpUhM8SAEsKjKE5EY5Yeat8zNpU1LeHZUANG6Lg8fFaejn1gXftxpFGqCRkcuLCTjvGYG6YXqa6ej1Ey2mkLbq6zwnUq9jKxFSK8ishj37wwwXFtJ2UBzXHpYjoURamiExjjPC4ZzS5N3tt9cjaZ8AbGtRaUtDXTSLEfNZR7jYWJFmfcF993PpT4frV1sCn9qJKJcLFfidwJXT3yhf1S1AMkjvdBwnkGrE9xwT3pb58\" target=\"_blank\" rel=\"noreferrer noopener sponsored nofollow\" tabindex=\"-1\" data-offer-url=\"https:\/\/www.zara.com\/es\/es\/jersey-lana-y-cashmere-efecto-cepillado-p02893140.html?v1=459158354&amp;v2=2420306\"><img decoding=\"async\" loading=\"lazy\" alt=\"Jersey de lana y cashmere amarillo mantequilla. De cuello redondo y manga larga, con tejido de efecto cepillado y acabados en rib.\" class=\"ResponsiveImageContainer-eNxvmU cfBbTk responsive-image__image\"   src=\"https:\/\/www.europesays.com\/es\/wp-content\/uploads\/2026\/01\/02893140306-e1.jpg\"\/><\/a><\/p>\n<p class=\"BaseWrap-sc-gzmcOU BaseText-eqOrNE UnifiedProductCardBrandName-kmvqXz deqABF eplCrP iUvwom upc-brandName\">Zara<\/p>\n<p id=\"upc_695808ee8191611a77650553\" type=\"embed\" class=\"BaseWrap-sc-gzmcOU BaseText-eqOrNE UnifiedProductCardName-jDmuEE deqABF Htlze pQBdc\">Jersey de lana y cashmere<\/p>\n<p>De cuello redondo y manga larga, con tejido de efecto cepillado y acabados en rib.<\/p>\n<p>La cazadora m\u00e1s tendencia:<\/p>\n<ul>\n<li>Por qu\u00e9 la queremos: Es m\u00e1s que probable que el ante y el <a href=\"https:\/\/www.glamour.es\/articulos\/color-marron-debate-si-o-no\" rel=\"nofollow noopener\" target=\"_blank\">color marr\u00f3n<\/a> contin\u00faen siendo el ojito derecho de la moda esta temporada. Pero si dejaran de serlo, esta cazadora no ser\u00eda menos deseable. De hecho, tanto su material como su tono la hacen pieza tendencia y tambi\u00e9n adquisici\u00f3n para toda la vida, porque estos dos detalles son atemporales, por mucho que hoy los vendamos como el \u00faltimo grito.<\/li>\n<li>Precio actual: 349\u20ac. Nuevamente valoramos que est\u00e9 realizada a base de piel 100% y asumimos que ser\u00eda una inversi\u00f3n para nuestro armario c\u00e1psula. Eso s\u00ed, nuestra cuenta corriente ser\u00eda muy feliz si la consigui\u00e9ramos con descuento.<\/li>\n<\/ul>\n<p><a class=\"BaseWrap-sc-gzmcOU BaseText-eqOrNE BaseLink-eTpkqh UnifiedProductEmbedImageLink-hoXjFT deqABF bwSHhw gOAine hsGXfw image\" href=\"https:\/\/cna.st\/p\/CwhBZx5kSvgoCWVrBCH4ATo4j82XYwmRdjpVo1NhSbN1mNZikLMF2jFpLrdY7gB5RdWAd91pWLRiB6dppnnxXBNATphjPomUDxYrazVWxTGpHKHjjZn8UMoLfcVCB9zcuoMczB9egF5qA8gtXvcYCqvnr9nTgyL73iq7XxYQaFP3RHHtaKkmbkT1qvs4PRr4bwP476aj8kf1EeyHjeftThGCQxeCQu4zqqULewFJcopFLrKaYhwfEVB4hwtr6hVeRXvPB6MUDiX1fftFQFEXQdBhjR6BfzkaZfUivgaD4shKCoxXesmkEJ8Y6rmxtCLRp4gjWyFsJyBVm5eV37GUNSJ5rQyTDccg5BDqcTUdcjk2ddkh86EHooUah7QZHmoGNEYacgmiP9nryC7vwhcmuLfLXowaw9gmgQkurTjFZCVf6LwAvUT5GJqfYycnywCLFLFgSftFd21tiYn3u8hnUXBM2XT1PxRQhx1QL9oeq2NBy7A9mQV2fXR2bDdXMH8ZDoiKzaxwQnN9dDFieJ9QL71uEXFJEx8rEHqTk633rBaxf1vjnjD8\" target=\"_blank\" rel=\"noreferrer noopener sponsored nofollow\" tabindex=\"-1\" data-offer-url=\"https:\/\/www.zara.com\/es\/es\/trench-corto-piel-ante-100-zw-collection-limited-edition-p01966249.html?v1=503416241&amp;v2=2417772\"><img decoding=\"async\" loading=\"lazy\" alt=\"Cazadora de ante marr\u00f3n oscuro. Tiene cuello de solapa y manga larga ajustable con trabillas y bot\u00f3n. Bolsillos en delantero y cintur\u00f3n en mismo tejido.\" class=\"ResponsiveImageContainer-eNxvmU cfBbTk responsive-image__image\"   src=\"https:\/\/www.europesays.com\/es\/wp-content\/uploads\/2026\/01\/01966249505-e1.jpg\"\/><\/a><\/p>\n<p>Cazadora estilo trench con cuello de solapa y manga larga ajustable con trabillas y bot\u00f3n. Lleva bolsillos en delantero y cintur\u00f3n en mismo tejido.<\/p>\n<p>El plumas m\u00e1s estiloso:<\/p>\n<ul>\n<li>Por qu\u00e9 la queremos: Para empezar diremos que es del color rosa m\u00e1s claro y delicado, y s\u00f3lo por eso ya tenemos disculpa. Pero aunque no lo fuera podr\u00edamos hablar de que se trata de un <a href=\"https:\/\/www.glamour.es\/mejores-marcas-plumiferos-mujer\" rel=\"nofollow noopener\" target=\"_blank\">plum\u00edfero t\u00e9cnico<\/a> con tejido cortavientos, resistente al agua y con aislamiento t\u00e9rmico, confeccionado con relleno 80% plum\u00f3n y 20%. Las frioleras ya nos van entendiendo. Y adem\u00e1s es bonito. Lo tiene todo.<\/li>\n<li>Precio actual: 159\u20ac. No nos parece descabellado, teniendo en cuenta el aliado contra el fr\u00edo que ganamos, pero una peque\u00f1a bajada nos har\u00eda decidirnos del todo.<\/li>\n<\/ul>\n<p><a class=\"BaseWrap-sc-gzmcOU BaseText-eqOrNE BaseLink-eTpkqh UnifiedProductEmbedImageLink-hoXjFT deqABF bwSHhw gOAine hsGXfw image\" href=\"https:\/\/cna.st\/p\/zhMkD2FJzvX6eiQjXLMr1BFzkSNAmccNPg4yJhfBgfS8jftw4bdN76eEaVP4YtaYLRTjbKGuxpmBK35E9hqxamoqS8Ui7dAPPLNLQqqnMmEhthRatRF7E6PMaihaMWpBffjyHYgTSX41rz9PeYiZ9NrwebomTSpGW6TCDoEQbBhZ2Cu4WhQ9ySPLPeXoHD6zrvoaDwTYPrUKsic4Jra9Q1iHDjqCvpF6TsSouaccNojoo1g9xQcTJbJzgZNKn88pwQW22HSXt4VyFjsjJxsQrBH4HshAYRwAbzyjMKmLAZEkeJd6da8ctzCBc7zb3cvRNJMHZD5E4W271hmxs8SrL2dkCAW2Wxz28uGPEQCtR6QSvEUP9jW7AxRhgW4Zv7uCcjkoQc4PwTUv8RkkD5anA2iLwQGEdraw8ZZRSAaCqbemHwdd4x8uCAi776dNuTiBhNNjdPZLXFSozXryq7ZS65Ki148zH8CwxfTMh1LKnpDKAmCYZHVZ7KPLcqy7Hpn2J1iLy4NrDZoEQerMCjhdy62Y2MocCVd9EkNonCzPGVXqgmQSFKhyAF8N7cjLwvREfsiW\" target=\"_blank\" rel=\"noreferrer noopener sponsored nofollow\" tabindex=\"-1\" data-offer-url=\"https:\/\/www.zara.com\/es\/es\/plumifero-water-resistant-windproof-recco--technology-ski-collection-p08073038.html?v1=495712061&amp;v2=2419045\"><img decoding=\"async\" loading=\"lazy\" alt=\"Plum\u00edfero resistente al agua color rosa claro. Tiene cuello subido con capucha ajustable, manga larga con bolsillo para el forfait acabada en el\u00e1stico con pu\u00f1os con abertura para el pulgar. Tiene bajo acabado en el\u00e1stico con cordones ajustables y fald\u00f3n interior desmontable con cremallera y dobladillo ajustable para evitar la entrada de aire fr\u00edo.\" class=\"ResponsiveImageContainer-eNxvmU cfBbTk responsive-image__image\"   src=\"https:\/\/www.europesays.com\/es\/wp-content\/uploads\/2026\/01\/08073038620-e1.jpg\"\/><\/a><\/p>\n<p class=\"BaseWrap-sc-gzmcOU BaseText-eqOrNE UnifiedProductCardBrandName-kmvqXz deqABF eplCrP iUvwom upc-brandName\">Zara<\/p>\n<p id=\"upc_69580d33ad48e1e836e41599\" type=\"embed\" class=\"BaseWrap-sc-gzmcOU BaseText-eqOrNE UnifiedProductCardName-jDmuEE deqABF Htlze pQBdc\">Plum\u00edfero resistente al agua<\/p>\n<p>Tiene cuello subido con capucha ajustable, manga larga con bolsillo para el forfait acabada en el\u00e1stico con pu\u00f1os con abertura para el pulgar. Lleva bajo acabado en el\u00e1stico con cordones ajustables y fald\u00f3n interior desmontable con cremallera y dobladillo ajustable para evitar la entrada de aire fr\u00edo.<\/p>\n<p>La americana m\u00e1s chic:<\/p>\n<ul>\n<li>Por qu\u00e9 la queremos: Vale, puede que no sea la m\u00e1s \u00fatil del mundo. Que quede reservada \u00fanicamente para looks de fiesta. Que no vayamos a pon\u00e9rnosla a diario. Pero\u2026 \u00bfacaso no es tan elegante y bonita como para desearla? \u00bfY es que eso no es motivo suficiente? Ser\u00e1 nuestro primer capricho de 2026.<\/li>\n<li>Precio actual: 129\u20ac. Necesitamos que Zara nos escuche y le baje el precio para poder justificar este arranque tan visceral.<\/li>\n<\/ul>\n<p><a class=\"BaseWrap-sc-gzmcOU BaseText-eqOrNE BaseLink-eTpkqh UnifiedProductEmbedImageLink-hoXjFT deqABF bwSHhw gOAine hsGXfw image\" href=\"https:\/\/cna.st\/p\/4faV53Q4psr3zQsWr1EcqZe9KY9p8jzAdToCPW2naJrkNwwWY5isrqfRQFY41n99wJsu9MVnGTRQfN43QnbNB1PpKohVutSmunHHTJMYbg5U15aDPaQ4oZmRTYsgUfWP2x2wBdHTtCRm17vrZsooyxhvPRsKZm7jcGWrZGv7MDyKs96zKco8Tx7shJ2MiYzzRTjPxLDcWFehBGHpkK9z8PKFu3c2tDckWdovgmRk2qVGYEgAbpLeEicRgLm5Rm6Zqns4ZEBraAZx6HPhxjKvR89cv3hhf9aMwmNbVaRT2dT6ocZFCF9cTJuT4GLCu6gjE7V9AN9fBj4wmX3kkSGTL6pt146VH7a5JHa5BiMqSnuwJEn4bsnUvhDfEKYpJ6c6uVjEyRwLN6CmQuSSeBh5jsQFodEuerdUEmSLsvA9VhNwdDfqrcTgpsa8v5TfuCrgeFfGFMbSvwqjyaDbkmbLuiGhB9SGdJqDcq4U371yyiY3DRNErhwvvY1UYuMCeogaboktTCGzH9DGESvsg2sfzovzCwTAcjCejFB2FR1G\" target=\"_blank\" rel=\"noreferrer noopener sponsored nofollow\" tabindex=\"-1\" data-offer-url=\"https:\/\/www.zara.com\/es\/es\/blazer-terciopelo-zw-collection-limited-edition-p07179248.html?v1=495268683&amp;v2=2420942\"><img decoding=\"async\" loading=\"lazy\" alt=\"Americana de terciopelo negra cruzada con seis botones en dorado. Tiene cuello con solapa de muescas y manga larga con abertura y botones. Lleva bolsillos con solapa en delantero y de vivo en pecho.\" class=\"ResponsiveImageContainer-eNxvmU cfBbTk responsive-image__image\"   src=\"https:\/\/www.europesays.com\/es\/wp-content\/uploads\/2026\/01\/07179248800-e1.jpg\"\/><\/a><\/p>\n<p>Blazer cruzada con seis botones en dorado. Tiene cuello con solapa de muescas y manga larga con abertura y botones. Lleva bolsillos con solapa en delantero y de vivo en pecho.<\/p>\n<p>\u00bfT\u00fa ya tienes una lista de deseos para sus rebajas?<\/p>\n","protected":false},"excerpt":{"rendered":"Hace tiempo que Zara y sus rebajas de enero se convirtieron en toda una aventura. La de ser&hellip;\n","protected":false},"author":2,"featured_media":321632,"comment_status":"","ping_status":"","sticky":false,"template":"","format":"standard","meta":{"footnotes":""},"categories":[91],"tags":[4593,146,147,25,24,23,7335],"class_list":{"0":"post-321631","1":"post","2":"type-post","3":"status-publish","4":"format-standard","5":"has-post-thumbnail","7":"category-entretenimiento","8":"tag-compras","9":"tag-entertainment","10":"tag-entretenimiento","11":"tag-es","12":"tag-espana","13":"tag-spain","14":"tag-zara"},"share_on_mastodon":{"url":"https:\/\/pubeurope.com\/@es\/115833962951618881","error":""},"_links":{"self":[{"href":"https:\/\/www.europesays.com\/es\/wp-json\/wp\/v2\/posts\/321631","targetHints":{"allow":["GET"]}}],"collection":[{"href":"https:\/\/www.europesays.com\/es\/wp-json\/wp\/v2\/posts"}],"about":[{"href":"https:\/\/www.europesays.com\/es\/wp-json\/wp\/v2\/types\/post"}],"author":[{"embeddable":true,"href":"https:\/\/www.europesays.com\/es\/wp-json\/wp\/v2\/users\/2"}],"replies":[{"embeddable":true,"href":"https:\/\/www.europesays.com\/es\/wp-json\/wp\/v2\/comments?post=321631"}],"version-history":[{"count":0,"href":"https:\/\/www.europesays.com\/es\/wp-json\/wp\/v2\/posts\/321631\/revisions"}],"wp:featuredmedia":[{"embeddable":true,"href":"https:\/\/www.europesays.com\/es\/wp-json\/wp\/v2\/media\/321632"}],"wp:attachment":[{"href":"https:\/\/www.europesays.com\/es\/wp-json\/wp\/v2\/media?parent=321631"}],"wp:term":[{"taxonomy":"category","embeddable":true,"href":"https:\/\/www.europesays.com\/es\/wp-json\/wp\/v2\/categories?post=321631"},{"taxonomy":"post_tag","embeddable":true,"href":"https:\/\/www.europesays.com\/es\/wp-json\/wp\/v2\/tags?post=321631"}],"curies":[{"name":"wp","href":"https:\/\/api.w.org\/{rel}","templated":true}]}}