{"id":321694,"date":"2026-01-04T01:19:09","date_gmt":"2026-01-04T01:19:09","guid":{"rendered":"https:\/\/www.europesays.com\/es\/321694\/"},"modified":"2026-01-04T01:19:09","modified_gmt":"2026-01-04T01:19:09","slug":"ibon-navarro-nos-ha-faltado-concentracion-energia-y-jugadores-que-estuvieran-metidos","status":"publish","type":"post","link":"https:\/\/www.europesays.com\/es\/321694\/","title":{"rendered":"Ibon Navarro: \u00abNos ha faltado concentraci\u00f3n, energ\u00eda y jugadores que estuvieran metidos\u00bb"},"content":{"rendered":"<p><a class=\"v-mdl-ath__fig-a\" href=\"https:\/\/www.diariosur.es\/autor\/nacho-carmona-6652.html\" title=\"Nacho Carmona\" rel=\"nofollow noopener\" target=\"_blank\"><br \/>\n<img decoding=\"async\" class=\"v-mdl-ath__img\" src=\"https:\/\/www.europesays.com\/es\/wp-content\/uploads\/2025\/10\/autor-6652-foto-1.jpeg\" alt=\"Nacho Carmona\"\/><br \/>\n<\/a><\/p>\n<p class=\"v-mdl-ath__p v-mdl-ath__p--6\">\nS\u00e1bado, 3 de enero 2026, 23:21<\/p>\n<p class=\"v-p\">Ibon Navarro reconoci\u00f3 grandes diferencias entre los dos equipos sobre la pista a todos los niveles: energ\u00eda, concentraci\u00f3n y acierto. Reconoci\u00f3 que el resultado hace  &#8230; justicia a lo que dio de s\u00ed el partido: \u00abEl Breog\u00e1n ha sido justo vencedor. Ha jugado mejor, con m\u00e1s energ\u00eda y m\u00e1s acierto. Creo que en el segundo cuarto hemos perdido el control. Si mete m\u00e1s de diez triples es complicado que no gane porque tiene muchos jugadores por encima del 40%. En casa son muy fuertes. Contra ellos hay que hacer muchas cosas bien para poder contenerles. Nos ha faltado mucha concentraci\u00f3n, energ\u00eda y jugadores que estuvieran metidos en el partido. Y ellos los han tenido a todos\u00bb, expres\u00f3 el vitoriano.<\/p>\n<p class=\"v-p\">El acierto que el Unicaja tuvo desde el per\u00edmetro se diluy\u00f3 tras el primer cuarto. Desde su perspectiva, Ibon Navarro explic\u00f3 alguno de los porqu\u00e9s de este &#8216;paso atr\u00e1s&#8217;: \u00abEstas acciones de Tillie nos han dado pausa y orientaci\u00f3n en el juego. Ellos han presionado y en el segundo cuarto nos ha costado m\u00e1s mover el bal\u00f3n a trav\u00e9s de los pases. Hemos empezado a sobrebotar. La energ\u00eda que han tenido ellos en defensa es lo que ha cambiado el rumbo del partido\u00bb.<\/p>\n<p class=\"v-p\">A excepci\u00f3n de Kravish, el vitoriano pudo contar con todos ante el Breog\u00e1n. El descarte fue Webb, aunque por decisi\u00f3n t\u00e9cnica. \u00abS\u00ed, decisi\u00f3n t\u00e9cnica. Hemos valorado una serie de cosas y hemos pensado que era un d\u00eda para invertir en otras cosas. Y ah\u00ed est\u00e1 el resultado: est\u00e1 claro que no ha ido bien. Pero tampoco quiero decir que con James hubi\u00e9ramos ganado\u00bb, concluy\u00f3.<\/p>\n<p class=\"v-crt__t\"> L\u00edmite de sesiones alcanzadas<\/p>\n<p class=\"v-crt__p\">El acceso al contenido Premium est\u00e1 abierto por cortes\u00eda del establecimiento donde te encuentras, pero ahora mismo hay demasiados usuarios conectados a las vez.<\/p>\n<p class=\"v-crt__p\">Por favor, int\u00e9ntalo pasados unos minutos.<\/p>\n<p>\nVolver a intentar\n<\/p>\n<p class=\"v-crt__t\">Sesi\u00f3n cerrada<\/p>\n<p class=\"v-crt__p\">Al iniciar sesi\u00f3n desde un dispositivo distinto, por seguridad, se cerr\u00f3 la \u00faltima sesi\u00f3n en este.<\/p>\n<p class=\"v-crt__p\">Para continuar disfrutando de su suscripci\u00f3n digital, inicie sesi\u00f3n en este dispositivo.<\/p>\n<p>\nEste contenido es exclusivo para suscriptores\n<\/p>\n<p>Reporta un error<\/p>\n","protected":false},"excerpt":{"rendered":"S\u00e1bado, 3 de enero 2026, 23:21 Ibon Navarro reconoci\u00f3 grandes diferencias entre los dos equipos sobre la pista&hellip;\n","protected":false},"author":2,"featured_media":321695,"comment_status":"","ping_status":"","sticky":false,"template":"","format":"standard","meta":{"footnotes":""},"categories":[269],"tags":[299,298,5762,168,5220,25,24,74808,27856,2713,74809,3403,23,167],"class_list":{"0":"post-321694","1":"post","2":"type-post","3":"status-publish","4":"format-standard","5":"has-post-thumbnail","7":"category-baloncesto","8":"tag-baloncesto","9":"tag-basketball","10":"tag-concentracion","11":"tag-deportes","12":"tag-energia","13":"tag-es","14":"tag-espana","15":"tag-faltado","16":"tag-ibon","17":"tag-jugadores","18":"tag-metidos","19":"tag-navarro","20":"tag-spain","21":"tag-sports"},"share_on_mastodon":{"url":"https:\/\/pubeurope.com\/@es\/115834202569670493","error":""},"_links":{"self":[{"href":"https:\/\/www.europesays.com\/es\/wp-json\/wp\/v2\/posts\/321694","targetHints":{"allow":["GET"]}}],"collection":[{"href":"https:\/\/www.europesays.com\/es\/wp-json\/wp\/v2\/posts"}],"about":[{"href":"https:\/\/www.europesays.com\/es\/wp-json\/wp\/v2\/types\/post"}],"author":[{"embeddable":true,"href":"https:\/\/www.europesays.com\/es\/wp-json\/wp\/v2\/users\/2"}],"replies":[{"embeddable":true,"href":"https:\/\/www.europesays.com\/es\/wp-json\/wp\/v2\/comments?post=321694"}],"version-history":[{"count":0,"href":"https:\/\/www.europesays.com\/es\/wp-json\/wp\/v2\/posts\/321694\/revisions"}],"wp:featuredmedia":[{"embeddable":true,"href":"https:\/\/www.europesays.com\/es\/wp-json\/wp\/v2\/media\/321695"}],"wp:attachment":[{"href":"https:\/\/www.europesays.com\/es\/wp-json\/wp\/v2\/media?parent=321694"}],"wp:term":[{"taxonomy":"category","embeddable":true,"href":"https:\/\/www.europesays.com\/es\/wp-json\/wp\/v2\/categories?post=321694"},{"taxonomy":"post_tag","embeddable":true,"href":"https:\/\/www.europesays.com\/es\/wp-json\/wp\/v2\/tags?post=321694"}],"curies":[{"name":"wp","href":"https:\/\/api.w.org\/{rel}","templated":true}]}}