{"id":321713,"date":"2026-01-04T01:32:15","date_gmt":"2026-01-04T01:32:15","guid":{"rendered":"https:\/\/www.europesays.com\/es\/321713\/"},"modified":"2026-01-04T01:32:15","modified_gmt":"2026-01-04T01:32:15","slug":"una-exrehen-israeli-de-hamas-afirma-haber-sido-victima-de-agresiones-sexuales","status":"publish","type":"post","link":"https:\/\/www.europesays.com\/es\/321713\/","title":{"rendered":"Una exreh\u00e9n israel\u00ed de Ham\u00e1s afirma haber sido v\u00edctima de agresiones sexuales"},"content":{"rendered":"<p>    <img src=\"https:\/\/www.europesays.com\/es\/wp-content\/uploads\/2026\/01\/2026-01-02T153A413A37Z-90718618.jpg\" width=\"1024\" height=\"682\" alt=\"\" loading=\"eager\" decoding=\"sync\" fetchpriority=\"high\"\/><\/p>\n<p>            afp_tickers        <\/p>\n<p>        Este contenido fue publicado en    <\/p>\n<p>        02 enero 2026 &#8211; 17:42\n<\/p>\n<p>Una exreh\u00e9n israel\u00ed de Ham\u00e1s afirm\u00f3 en una entrevista televisiva haber sido v\u00edctima de varias agresiones sexuales al inicio de su secuestro en Gaza, una declaraci\u00f3n poco habitual desde la liberaci\u00f3n de los cautivos del territorio palestino.<\/p>\n<p>\u00abNadie volver\u00e1 a decirme que me calle. Estoy aqu\u00ed, gan\u00e9\u00bb, afirm\u00f3 Romi Gonen, de 25 a\u00f1os, en dos entrevistas concedidas al Canal 12, la \u00faltima emitida el jueves por la noche.<\/p>\n<p>La joven habla de \u00abdiferentes formas de agresiones sexuales en cautiverio, por parte de cuatro hombres distintos, con grados de gravedad variables\u00bb.<\/p>\n<p>Sin pronunciar nunca expl\u00edcitamente la palabra \u00abviolaci\u00f3n\u00bb, da a entender claramente que fue v\u00edctima de ella.<\/p>\n<p>Varios israel\u00edes y otra mujer ya hab\u00edan afirmado haber sufrido agresiones sexuales durante su cautiverio. Ham\u00e1s nunca reconoci\u00f3 ninguna.<\/p>\n<p>Un d\u00eda, relata, \u00abtodo ocurre en la habitaci\u00f3n, sin ning\u00fan ruido. Empiezo a llorar de manera incontrolable\u00bb. El hombre le \u00abhace se\u00f1as de \u2018ten cuidado\u2019, con el dedo sobre la boca. \u2018Si no te calmas me voy a enfadar&#8217;\u00bb, detalla.<\/p>\n<p>Otra agresi\u00f3n \u00abdur\u00f3 casi media hora\u00bb, record\u00f3. \u00abMe dije: \u2018Romi todo Israel cree que est\u00e1s muerta, cuando en realidad vas a ser su esclava sexual para siempre&#8217;\u00bb, explic\u00f3.<\/p>\n<p>La joven tambi\u00e9n cont\u00f3 que uno de sus captores, sentado en un sof\u00e1, la mir\u00f3 y le pregunt\u00f3: \u00abRomi, \u00bfest\u00e1s bien o no?\u00bb.<\/p>\n<p>\u00abEn mi cabeza me digo: \u2018hijo de puta, \u00bfc\u00f3mo puedes hacerme esa pregunta?\u2019. Entonces se acerca, me pone la pistola en la sien y me dice: \u2018si cuentas esto a cualquiera te mato&#8217;\u00bb.<\/p>\n<p>Consultado por la AFP, Ham\u00e1s afirm\u00f3 que esas \u00abacusaciones son todas falsas\u00bb.<\/p>\n<p>Romi Gonen se encontraba en el festival de m\u00fasica Nova, en Re\u00edm, cerca de Gaza, cuando fue secuestrada el 7 de octubre de 2023 durante el ataque de Ham\u00e1s en Israel que desencaden\u00f3 la guerra en Gaza. Fue liberada en enero de 2025.<\/p>\n<p>mib-yif-dla\/cab\/mab\/dbh\/meb<\/p>\n","protected":false},"excerpt":{"rendered":"afp_tickers Este contenido fue publicado en 02 enero 2026 &#8211; 17:42 Una exreh\u00e9n israel\u00ed de Ham\u00e1s afirm\u00f3 en&hellip;\n","protected":false},"author":2,"featured_media":321714,"comment_status":"","ping_status":"","sticky":false,"template":"","format":"standard","meta":{"footnotes":""},"categories":[42],"tags":[635,25887,17,18,636,11892,13,14,11,61,62,63,64,19,20,7657,9,10,15,16,44965,25891,90,12,21,22,3191,65,66,67],"class_list":{"0":"post-321713","1":"post","2":"type-post","3":"status-publish","4":"format-standard","5":"has-post-thumbnail","7":"category-internacional","8":"tag-armed-conflict","9":"tag-assault-general","10":"tag-breaking-news","11":"tag-breakingnews","12":"tag-conflict","13":"tag-crime","14":"tag-featured-news","15":"tag-featurednews","16":"tag-headlines","17":"tag-internacional","18":"tag-international","19":"tag-international-news","20":"tag-internationalnews","21":"tag-latest-news","22":"tag-latestnews","23":"tag-law-and-order","24":"tag-news","25":"tag-noticias","26":"tag-noticias-destacadas","27":"tag-noticiasdestacadas","28":"tag-prisoners-and-detainees","29":"tag-sexual-assault","30":"tag-ticker","31":"tag-titulares","32":"tag-ultimas-noticias","33":"tag-ultimasnoticias","34":"tag-war","35":"tag-world","36":"tag-world-news","37":"tag-worldnews"},"share_on_mastodon":{"url":"","error":"Validation failed: Text character limit of 500 exceeded"},"_links":{"self":[{"href":"https:\/\/www.europesays.com\/es\/wp-json\/wp\/v2\/posts\/321713","targetHints":{"allow":["GET"]}}],"collection":[{"href":"https:\/\/www.europesays.com\/es\/wp-json\/wp\/v2\/posts"}],"about":[{"href":"https:\/\/www.europesays.com\/es\/wp-json\/wp\/v2\/types\/post"}],"author":[{"embeddable":true,"href":"https:\/\/www.europesays.com\/es\/wp-json\/wp\/v2\/users\/2"}],"replies":[{"embeddable":true,"href":"https:\/\/www.europesays.com\/es\/wp-json\/wp\/v2\/comments?post=321713"}],"version-history":[{"count":0,"href":"https:\/\/www.europesays.com\/es\/wp-json\/wp\/v2\/posts\/321713\/revisions"}],"wp:featuredmedia":[{"embeddable":true,"href":"https:\/\/www.europesays.com\/es\/wp-json\/wp\/v2\/media\/321714"}],"wp:attachment":[{"href":"https:\/\/www.europesays.com\/es\/wp-json\/wp\/v2\/media?parent=321713"}],"wp:term":[{"taxonomy":"category","embeddable":true,"href":"https:\/\/www.europesays.com\/es\/wp-json\/wp\/v2\/categories?post=321713"},{"taxonomy":"post_tag","embeddable":true,"href":"https:\/\/www.europesays.com\/es\/wp-json\/wp\/v2\/tags?post=321713"}],"curies":[{"name":"wp","href":"https:\/\/api.w.org\/{rel}","templated":true}]}}