{"id":321725,"date":"2026-01-04T01:45:08","date_gmt":"2026-01-04T01:45:08","guid":{"rendered":"https:\/\/www.europesays.com\/es\/321725\/"},"modified":"2026-01-04T01:45:08","modified_gmt":"2026-01-04T01:45:08","slug":"tamara-falco-e-inigo-reunen-a-sus-familias-en-navidad","status":"publish","type":"post","link":"https:\/\/www.europesays.com\/es\/321725\/","title":{"rendered":"Tamara Falc\u00f3 e \u00cd\u00f1igo re\u00fanen a sus familias en Navidad"},"content":{"rendered":"<p data-journey-content=\"true\" data-node-id=\"4\" class=\"css-6wxqfj emevuu60\"><a href=\"https:\/\/diezminutos.es\/tamara-falco\" target=\"_blank\" data-node-id=\"4.0\" data-mrf-link=\"https:\/\/diezminutos.es\/tamara-falco\" data-vars-ga-outbound-link=\"https:\/\/diezminutos.es\/tamara-falco\" data-vars-ga-ux-element=\"Hyperlink\" data-vars-ga-call-to-action=\"Tamara Falc\u00f3\" class=\"body-link css-177bzfx emevuu60\" rel=\"nofollow noopener\">Tamara Falc\u00f3<\/a> y su marido, \u00cd\u00f1igo Onieva, han disfrutado de unas fiestas de lo m\u00e1s especiales en Espa\u00f1a. Lejos de poner tierra de por medio, como en anteriores ocasiones, el matrimonio ha querido celebrar las Navidades en Madrid. Si el 31 de diciembre, Tamara Falc\u00f3 disfrutaba de una <a href=\"https:\/\/www.diezminutos.es\/famosos-corazon\/famosos-espanoles\/a69892594\/tamara-falco-balance-del-2025-comida-familia-falco\/\" target=\"_blank\" data-vars-ga-outbound-link=\"https:\/\/www.diezminutos.es\/famosos-corazon\/famosos-espanoles\/a69892594\/tamara-falco-balance-del-2025-comida-familia-falco\/\" data-vars-ga-ux-element=\"Hyperlink\" data-vars-ga-call-to-action=\"comida familiar con los Falc\u00f3 en los que hac\u00eda balance de su 2025\" data-node-id=\"4.2\" class=\"body-link css-177bzfx emevuu60\" rel=\"nofollow noopener\">comida familiar con los Falc\u00f3 en los que hac\u00eda balance de su 2025<\/a>, el d\u00eda de Nochebuena parece haber disfrutado de la compa\u00f1\u00eda no solo de su madre, Isabel Preysler, sino que tambi\u00e9n de gran parte de la familia de su marido. As\u00ed lo ha desvelado la  creadora de contenido en sus redes sociales, donde ha compartido im\u00e1genes de la velada que disfrutaron en la noche m\u00e1s especial del a\u00f1o en la que tampoco faltaron Ana Boyer y la familia de Fernando Verdasco. Isabel Presyler se convirti\u00f3 en la anfitriona perfecta de una velada navide\u00f1a repleta de lujo y buen rollo. <\/p>\n<p><strong data-node-id=\"6.0\">Tamara Falc\u00f3 e I\u00f1igo Onieva han reunido estas Navidades a sus dos familias<\/strong><\/p>\n<p id=\"ha-sido--la-marquesa-de-grin-quien-ha-desvelado-cmo-vivieron-las-navidades-este-ao-en-villa-meona-carolina-molas-suegra-de-tamara-se-traslado-a-la-exclusiva-urbanizacin-en-puerta-de-hierro-donde-tiene-la-reina-de-corazones-su-casa-desde-su-casa-situado-en-otro-exclusivo-barrio-de-la-capital-la-moraleja-all-disfrutaron-de-una-agradable-velada-en-la-que-tambin-estuvieron-presentes-ana-boyer-y-fernando-verdasco-el-tenista-tambin-se-llev-a-sus-padres--jos-verdasco-y-olga-moreno--y-su-hermana-pequea-ana\" data-journey-content=\"true\" data-node-id=\"8\" class=\"body-text css-6wxqfj emevuu60\"><strong data-node-id=\"8.0\">Ha sido  la marquesa de Gri\u00f1\u00f3n quien ha desvelado c\u00f3mo vivieron las Navidades este a\u00f1o en Villa Meona<\/strong>. Carolina Molas, suegra de Tamara se ha traslado a la exclusiva urbanizaci\u00f3n en Puerta de Hierro, donde tiene la reina de corazones su casa, desde su casa situada en otro exclusivo barrio de la capital, La Moraleja.  Adem\u00e1s, a la mesa se sum\u00f3 la abuela del empresario, Mar\u00eda Eugenia Urririaciorraga, quien parec\u00eda celebrar su cumplea\u00f1os, pues posa en una de las im\u00e1genes frente a una tarta de cumplea\u00f1os.<\/p>\n<p id=\"ha-sido--la-marquesa-de-grin-quien-ha-desvelado-cmo-vivieron-las-navidades-este-ao-en-villa-meona-carolina-molas-suegra-de-tamara-se-traslado-a-la-exclusiva-urbanizacin-en-puerta-de-hierro-donde-tiene-la-reina-de-corazones-su-casa-desde-su-casa-situado-en-otro-exclusivo-barrio-de-la-capital-la-moraleja-all-disfrutaron-de-una-agradable-velada-en-la-que-tambin-estuvieron-presentes-ana-boyer-y-fernando-verdasco-el-tenista-tambin-se-llev-a-sus-padres--jos-verdasco-y-olga-moreno--y-su-hermana-pequea-ana\" data-journey-content=\"true\" data-node-id=\"10\" class=\"body-text css-6wxqfj emevuu60\">Todos juntos disfrutaron de una agradable velada en la que tambi\u00e9n estuvieron presentes Ana Boyer y Fernando Verdasco. El tenista tambi\u00e9n se llev\u00f3 a sus padres Jos\u00e9 Verdasco y Olga Moreno y su hermana peque\u00f1a, Ana.<\/p>\n<p data-journey-content=\"true\" data-node-id=\"15\" class=\"css-6wxqfj emevuu60\">La colaboradora de &#8216;El  hormiguero&#8217; ha compartido en Instagram un llamativo carrusel en el que se puede ver la enorme lista de invitados. <strong data-node-id=\"15.1\">\u00abNavidades muy especiales. Poder estar todos juntos fue, simplemente, un regalo\u00bb<\/strong>, ha indicado en el t\u00edtulo para la ocasi\u00f3n Tamara Falc\u00f3. <strong data-node-id=\"15.3\">La marquesa abre su \u00e1lbum de fotos con un posado de lo m\u00e1s especial junto a su hermana<\/strong>, Ana Boyer, escoltando a su madre, Isabel Presyler y a Carolina Molas, madre de \u00cd\u00f1igo Onieva, que aparecen abrazadas en el centro de la instant\u00e1nea.  <\/p>\n<p data-journey-content=\"true\" data-node-id=\"17\" class=\"css-6wxqfj emevuu60\">Tamara no solo ha mostrado unas instant\u00e1neas de lo m\u00e1s personales e \u00edntimas, sino que, adem\u00e1s, ha dejado entrever alg\u00fan que <strong data-node-id=\"17.1\">otro plato del men\u00fa y la elegante decoraci\u00f3n escogida para la velada navide\u00f1a<\/strong>: mantel y servilletas rojas, platos customizados para la ocasi\u00f3n, copas y centros de mesa con pi\u00f1as y velas que brindaron a la velada un ambiente de lo m\u00e1s festivo. El caviar parece haber sido el plato estrella de la noche, que se cuela en una de las fotograf\u00edas de este carrusel. <\/p>\n<p><img src=\"https:\/\/www.europesays.com\/es\/wp-content\/uploads\/2026\/01\/1767491108_539_4104b2dc-9d92-4a2f-a41f-327dc6377620_1734436473.jpg\" alt=\"Headshot of Valentina Vera\" title=\"Headshot of Valentina Vera\" width=\"100%\" height=\"100%\" decoding=\"async\" loading=\"lazy\" class=\"css-o0wq4v ev8dhu53\"\/><\/p>\n<p>Valentina Vera es una periodista experta en cr\u00f3nica rosa, realidad, &#8216;reality&#8217;, moda y belleza. Siempre al d\u00eda de las \u00faltimas novedades de los famosos nacionales e internacionales y de las casas reales europeas. Su trabajo como redactora le permite ser testigo de las bodas de los personajes m\u00e1s relevantes del panorama social; de alfombras rojas; de funerales de Estado o de acontecimientos hist\u00f3ricos: como la proclamaci\u00f3n de Felipe VI como Rey o la coronaci\u00f3n de Carlos III de Inglaterra.<br \/>\nLicenciada en Periodismo por la Universidad Complutense de Madrid. Comenz\u00f3 su andadura en el mundo del coraz\u00f3n en el a\u00f1o 2013 en la revista \u00a1Hola! Y desde 2014 forma parte del grupo Hearst, donde ha ido adquiriendo experiencia tanto en la edici\u00f3n impresa como en el formato web de la revista Diez Minutos.<br \/>\nEl medio digital le apasiona por la inmediatez en la que sus lectores pueden ser testigos de lo que sucede en la vida de los famosos desde cualquier parte del mundo. Instagram, Twitter y TikTok se han convertido en una herramienta m\u00e1s de informaci\u00f3n a la hora de crear, gestionar y organizar el contenido, ya que le permiten conocer la \u00faltima hora de lo que sucede en la vida de los famosos.<br \/>\nEn constante formaci\u00f3n de estrategias y t\u00e9cnicas de optimizaci\u00f3n digital para su trabajo como redactora, en la actualidad tambi\u00e9n se encuentra estudiando Diet\u00e9tica. Llevar un estilo de vida saludable es algo que le apasiona y cree que la nutrici\u00f3n es una parte fundamental.<\/p>\n","protected":false},"excerpt":{"rendered":"Tamara Falc\u00f3 y su marido, \u00cd\u00f1igo Onieva, han disfrutado de unas fiestas de lo m\u00e1s especiales en Espa\u00f1a.&hellip;\n","protected":false},"author":2,"featured_media":321726,"comment_status":"","ping_status":"","sticky":false,"template":"","format":"standard","meta":{"footnotes":""},"categories":[174],"tags":[255,253,146,147,25,24,256,23],"class_list":{"0":"post-321725","1":"post","2":"type-post","3":"status-publish","4":"format-standard","5":"has-post-thumbnail","7":"category-famosos","8":"tag-celebrities","9":"tag-discover","10":"tag-entertainment","11":"tag-entretenimiento","12":"tag-es","13":"tag-espana","14":"tag-famosos","15":"tag-spain"},"share_on_mastodon":{"url":"https:\/\/pubeurope.com\/@es\/115834304782213510","error":""},"_links":{"self":[{"href":"https:\/\/www.europesays.com\/es\/wp-json\/wp\/v2\/posts\/321725","targetHints":{"allow":["GET"]}}],"collection":[{"href":"https:\/\/www.europesays.com\/es\/wp-json\/wp\/v2\/posts"}],"about":[{"href":"https:\/\/www.europesays.com\/es\/wp-json\/wp\/v2\/types\/post"}],"author":[{"embeddable":true,"href":"https:\/\/www.europesays.com\/es\/wp-json\/wp\/v2\/users\/2"}],"replies":[{"embeddable":true,"href":"https:\/\/www.europesays.com\/es\/wp-json\/wp\/v2\/comments?post=321725"}],"version-history":[{"count":0,"href":"https:\/\/www.europesays.com\/es\/wp-json\/wp\/v2\/posts\/321725\/revisions"}],"wp:featuredmedia":[{"embeddable":true,"href":"https:\/\/www.europesays.com\/es\/wp-json\/wp\/v2\/media\/321726"}],"wp:attachment":[{"href":"https:\/\/www.europesays.com\/es\/wp-json\/wp\/v2\/media?parent=321725"}],"wp:term":[{"taxonomy":"category","embeddable":true,"href":"https:\/\/www.europesays.com\/es\/wp-json\/wp\/v2\/categories?post=321725"},{"taxonomy":"post_tag","embeddable":true,"href":"https:\/\/www.europesays.com\/es\/wp-json\/wp\/v2\/tags?post=321725"}],"curies":[{"name":"wp","href":"https:\/\/api.w.org\/{rel}","templated":true}]}}