{"id":321727,"date":"2026-01-04T01:48:24","date_gmt":"2026-01-04T01:48:24","guid":{"rendered":"https:\/\/www.europesays.com\/es\/321727\/"},"modified":"2026-01-04T01:48:24","modified_gmt":"2026-01-04T01:48:24","slug":"carlos-baute-y-pitingo-se-animan-a-cumplir-suenos-con-manu-sanchez-en-el-primer-no-dejes-de-sonar-de-2026","status":"publish","type":"post","link":"https:\/\/www.europesays.com\/es\/321727\/","title":{"rendered":"Carlos Baute y Pitingo se animan a cumplir sue\u00f1os con Manu S\u00e1nchez en el primer No dejes de so\u00f1ar de 2026"},"content":{"rendered":"<p style=\"text-align: justify;\">El s\u00e1bado 3 de enero de 2026, <strong>Manu S\u00e1nchez<\/strong> conducir\u00e1 el primer programa del a\u00f1o de <a href=\"https:\/\/www.canalsur.es\/television\/no_dejes_de_sonar-5974.html\" target=\"_blank\" rel=\"nofollow noopener\">\u00abNo dejes de so\u00f1ar\u00bb<\/a>\u00a0, que se ha convertido en uno de los programas favoritos de los andaluces y el l\u00edder de las noches de los s\u00e1bados en Canal Sur.<\/p>\n<p style=\"text-align: justify;\">Los invitados de esta semana llenar\u00e1n de m\u00fasica el escenario con algunos \u00e9xitos conocidos por todos los andaluces. <strong>Carlos Baute<\/strong> har\u00e1 realidad sue\u00f1os por partida doble: por un lado, har\u00e1 realidad el sue\u00f1o de una fan que no se espera que su cantante favorito le vaya a dedicar una canci\u00f3n y, por otro lado, la actuaci\u00f3n de Carlos tambi\u00e9n ser\u00e1 un regalo para Carola y Antonio, una pareja que encontr\u00f3 un sobre lleno de dinero en la calle y que no par\u00f3 hasta encontrar a su due\u00f1o.<\/p>\n<p style=\"text-align: justify;\">Carlos Baute no puede pasar por\u00a0<a href=\"https:\/\/www.canalsur.es\/television\/no_dejes_de_sonar-5974.html\" target=\"_blank\" rel=\"nofollow noopener\">\u00abNo dejes de so\u00f1ar\u00bb<\/a>\u00a0 sin cumplir alguno de sus sue\u00f1os. El venezolano no esconde su amor por Andaluc\u00eda, as\u00ed que le vamos a demostrar que es m\u00e1s andaluz de lo que \u00e9l piensa y que los andaluces estar\u00edan encantados de tenerlo como vecino. Para comprobar que est\u00e1 listo para ser un andaluz m\u00e1s, Baute se enfrentar\u00e1 a un nuevo concurso: \u201c\u00bfQui\u00e9n quiere ser andaluz?\u201d. En este, demostrar\u00e1 sus conocimientos en cultura, gastronom\u00eda y mucho m\u00e1s. Pitingo ser\u00e1 el segundo invitado de la noche y cumplir\u00e1 el sue\u00f1o de Miriam, una andaluza que viene enga\u00f1ada al programa y que, sin esperarlo, se encontrar\u00e1 frente a su \u00eddolo. Pero ojo porque la sorpresa la puede dar ella, ya que Miriam es cantante y no dudar\u00e1 en interpretar junto a su \u00eddolo el conocido \u201cKilling me softly\u201d.<\/p>\n<p style=\"text-align: justify;\"><strong>Pitingo<\/strong> no sabe que tambi\u00e9n viene a cumplir un sue\u00f1o de infancia: recuperar uno de\u00a0los juguetes que m\u00e1s le recuerdan a su abuelo y que provocar\u00e1 que el inventor de la\u00a0souler\u00eda se emocione al recibir el regalo.\u00a0Y como la noche va de artistas, Alex Ortiz no ha querido perder la oportunidad de\u00a0sorprender a una de sus fans. Patricia est\u00e1 enamorada de la voz de Alex y ser\u00e1 su\u00a0novio qui\u00e9n haga de gancho para cumplir el sue\u00f1o de escucharlo cerca y solo para\u00a0ella.<\/p>\n<p style=\"text-align: justify;\">Si quieres que te ayudemos a cumplir tus sue\u00f1os, escribe al WhatsApp 609 70 27 21 y\u00a0nuestro Sill\u00f3n de los Sue\u00f1os te estar\u00e1 esperando.<\/p>\n<p style=\"text-align: justify;\"><strong>Fecha de emisi\u00f3n: s\u00e1bado 3 de enero, a las 21:35 horas, en Canal Sur Televisi\u00f3n.<\/strong><\/p>\n","protected":false},"excerpt":{"rendered":"El s\u00e1bado 3 de enero de 2026, Manu S\u00e1nchez conducir\u00e1 el primer programa del a\u00f1o de \u00abNo dejes&hellip;\n","protected":false},"author":2,"featured_media":321728,"comment_status":"","ping_status":"","sticky":false,"template":"","format":"standard","meta":{"footnotes":""},"categories":[171],"tags":[29337,146,147,25,24,41440,23,214],"class_list":{"0":"post-321727","1":"post","2":"type-post","3":"status-publish","4":"format-standard","5":"has-post-thumbnail","7":"category-tv","8":"tag-cstv","9":"tag-entertainment","10":"tag-entretenimiento","11":"tag-es","12":"tag-espana","13":"tag-manu-sanchez","14":"tag-spain","15":"tag-tv"},"share_on_mastodon":{"url":"https:\/\/pubeurope.com\/@es\/115834316578477182","error":""},"_links":{"self":[{"href":"https:\/\/www.europesays.com\/es\/wp-json\/wp\/v2\/posts\/321727","targetHints":{"allow":["GET"]}}],"collection":[{"href":"https:\/\/www.europesays.com\/es\/wp-json\/wp\/v2\/posts"}],"about":[{"href":"https:\/\/www.europesays.com\/es\/wp-json\/wp\/v2\/types\/post"}],"author":[{"embeddable":true,"href":"https:\/\/www.europesays.com\/es\/wp-json\/wp\/v2\/users\/2"}],"replies":[{"embeddable":true,"href":"https:\/\/www.europesays.com\/es\/wp-json\/wp\/v2\/comments?post=321727"}],"version-history":[{"count":0,"href":"https:\/\/www.europesays.com\/es\/wp-json\/wp\/v2\/posts\/321727\/revisions"}],"wp:featuredmedia":[{"embeddable":true,"href":"https:\/\/www.europesays.com\/es\/wp-json\/wp\/v2\/media\/321728"}],"wp:attachment":[{"href":"https:\/\/www.europesays.com\/es\/wp-json\/wp\/v2\/media?parent=321727"}],"wp:term":[{"taxonomy":"category","embeddable":true,"href":"https:\/\/www.europesays.com\/es\/wp-json\/wp\/v2\/categories?post=321727"},{"taxonomy":"post_tag","embeddable":true,"href":"https:\/\/www.europesays.com\/es\/wp-json\/wp\/v2\/tags?post=321727"}],"curies":[{"name":"wp","href":"https:\/\/api.w.org\/{rel}","templated":true}]}}