{"id":321777,"date":"2026-01-04T02:40:07","date_gmt":"2026-01-04T02:40:07","guid":{"rendered":"https:\/\/www.europesays.com\/es\/321777\/"},"modified":"2026-01-04T02:40:07","modified_gmt":"2026-01-04T02:40:07","slug":"pedro-ruiz-no-se-corta-y-describe-a-la-perfeccion-a-los-estopa-tras-liderar-las-campanadas-en-tve","status":"publish","type":"post","link":"https:\/\/www.europesays.com\/es\/321777\/","title":{"rendered":"Pedro Ruiz no se corta y describe a la perfecci\u00f3n a los Estopa tras liderar las Campanadas en TVE"},"content":{"rendered":"<p>La resaca de las Campanadas contin\u00faa, siendo uno de los temas de conversaci\u00f3n m\u00e1s recurrentes estos d\u00edas. TVE ha vuelto a ser l\u00edder de un evento que cada fin de a\u00f1o<a href=\"https:\/\/www.huffingtonpost.es\/virales\/hasta-cuatro-cadenas-hicieron-00-audiencia-campanadas-2026-espectador-f202601.html\" rel=\"nofollow noopener\" target=\"_blank\"> re\u00fane frente a la televisi\u00f3n a millones de espectadores<\/a>. En esta ocasi\u00f3n, <b>la cadena p\u00fablica consigui\u00f3 ser la m\u00e1s vista <\/b>tras firmar un 36,3% de cuota de pantalla media y 5.823.000 de espectadores. Lo hizo con el tr\u00edo formado por los hermanos Mu\u00f1oz, de Estopa, y Chenoa.<\/p>\n<p>Con estos datos, <a href=\"https:\/\/www.huffingtonpost.es\/life\/chenoa-estopa-arrasan-pedroche-chicote-campanadas-f202601.html\" rel=\"nofollow noopener\" target=\"_blank\">TVE consigui\u00f3 imponerse a Antena 3<\/a>, que fue la segunda opci\u00f3n con Cristina Pedroche y Alberto Chicote como presentadores. Pese a firmar un 24,1% de share y 3.871.000 espectadores, l<b>a cadena de Atresmedia qued\u00f3 relegada a la segunda posici\u00f3n <\/b>por segundo a\u00f1o consecutivo.<\/p>\n<p>Si una conclusi\u00f3n puede sacarse de estas Campanadas es que TVE ha recuperado m\u00fasculo entre los espectadores. El desempe\u00f1o de Estopa y Chenoa como maestros de ceremonias <b>dio lugar a todo tipo de elogios, y alguna que otra cr\u00edtica<\/b>. Uno de los \u00faltimos en opinar sobre esta cuesti\u00f3n <a href=\"https:\/\/www.huffingtonpost.es\/virales\/pedro-ruiz-provoca-aluvion-reacciones-postura-sobre-eurovision-que-tipo-presion.html\" rel=\"nofollow noopener\" target=\"_blank\">ha sido el comunicador Pedro Ruiz<\/a>, siempre muy activo en redes sociales.\u00a0<\/p>\n<p>\u00abCercanos y directos\u00bb<\/p>\n<p>El tambi\u00e9n actor y escritor se ha referido a los hermanos Mu\u00f1oz en su cuenta de X, donde <b>los ha definido como \u00abchavales de la calle\u00bb<\/b>. Asimismo, no ha dejado pasar la ocasi\u00f3n para dar la que, en su opini\u00f3n, fue la clave de su liderazgo. Cabe recordar que Estopa y Chenoa llegaron a congregar a casi 6 millones de espectadores entre todos los canales de RTVE.\u00a0<\/p>\n<p>Para Pedro Ruiz, <b>las dos palabras que mejor definen al d\u00fao catal\u00e1n son \u00abcercanos y directos\u00bb<\/b> y ha valorado la \u00abproximidad\u00bb que \u00able ponen a todo lo que hacen\u00bb. Unas palabras que van muy en la l\u00ednea de lo que otros han dicho sobre los hermanos Mu\u00f1oz, que en todo momento se mostraron tal y como han sido siempre, tanto dentro como fuera de la esfera p\u00fablica.\u00a0<\/p>\n<p>Por \u00faltimo, Pedro Ruiz ha hecho hincapi\u00e9 en una cuesti\u00f3n determinante. <b>Para el televisivo, a los Estopa las Campanadas \u00ables encajan\u00bb<\/b>. Pese a la brevedad con la que ha sentenciado la labor de m\u00fasicos de Cornell\u00e1\u00a0de Llobregat, su opini\u00f3n ha quedado m\u00e1s que clara: sobresaliente para los Estopa.<\/p>\n","protected":false},"excerpt":{"rendered":"La resaca de las Campanadas contin\u00faa, siendo uno de los temas de conversaci\u00f3n m\u00e1s recurrentes estos d\u00edas. TVE&hellip;\n","protected":false},"author":2,"featured_media":321778,"comment_status":"","ping_status":"","sticky":false,"template":"","format":"standard","meta":{"footnotes":""},"categories":[91],"tags":[4708,58925,146,147,25,24,1822,60723,5106,23],"class_list":{"0":"post-321777","1":"post","2":"type-post","3":"status-publish","4":"format-standard","5":"has-post-thumbnail","7":"category-entretenimiento","8":"tag-corta","9":"tag-describe","10":"tag-entertainment","11":"tag-entretenimiento","12":"tag-es","13":"tag-espana","14":"tag-pedro","15":"tag-perfeccion","16":"tag-ruiz","17":"tag-spain"},"share_on_mastodon":{"url":"https:\/\/pubeurope.com\/@es\/115834521166058929","error":""},"_links":{"self":[{"href":"https:\/\/www.europesays.com\/es\/wp-json\/wp\/v2\/posts\/321777","targetHints":{"allow":["GET"]}}],"collection":[{"href":"https:\/\/www.europesays.com\/es\/wp-json\/wp\/v2\/posts"}],"about":[{"href":"https:\/\/www.europesays.com\/es\/wp-json\/wp\/v2\/types\/post"}],"author":[{"embeddable":true,"href":"https:\/\/www.europesays.com\/es\/wp-json\/wp\/v2\/users\/2"}],"replies":[{"embeddable":true,"href":"https:\/\/www.europesays.com\/es\/wp-json\/wp\/v2\/comments?post=321777"}],"version-history":[{"count":0,"href":"https:\/\/www.europesays.com\/es\/wp-json\/wp\/v2\/posts\/321777\/revisions"}],"wp:featuredmedia":[{"embeddable":true,"href":"https:\/\/www.europesays.com\/es\/wp-json\/wp\/v2\/media\/321778"}],"wp:attachment":[{"href":"https:\/\/www.europesays.com\/es\/wp-json\/wp\/v2\/media?parent=321777"}],"wp:term":[{"taxonomy":"category","embeddable":true,"href":"https:\/\/www.europesays.com\/es\/wp-json\/wp\/v2\/categories?post=321777"},{"taxonomy":"post_tag","embeddable":true,"href":"https:\/\/www.europesays.com\/es\/wp-json\/wp\/v2\/tags?post=321777"}],"curies":[{"name":"wp","href":"https:\/\/api.w.org\/{rel}","templated":true}]}}