{"id":321814,"date":"2026-01-04T03:21:27","date_gmt":"2026-01-04T03:21:27","guid":{"rendered":"https:\/\/www.europesays.com\/es\/321814\/"},"modified":"2026-01-04T03:21:27","modified_gmt":"2026-01-04T03:21:27","slug":"la-promesa-resumen-de-los-capitulos-744-a-748-del-29-al-2-de-enero-en-tve","status":"publish","type":"post","link":"https:\/\/www.europesays.com\/es\/321814\/","title":{"rendered":"&#8216;La Promesa&#8217;, resumen de los cap\u00edtulos 744 a 748 del 29 al 2 de enero en TVE"},"content":{"rendered":"<p data-journey-content=\"true\" data-node-id=\"4\" class=\"css-6wxqfj emevuu60\">Esta <a href=\"https:\/\/www.diezminutos.es\/telenovela\/espanolas\/a69874087\/la-promesa-avance-semanal-del-29-de-diciembre-al-2-de-enero-en-tve\/\" target=\"_blank\" data-vars-ga-outbound-link=\"https:\/\/www.diezminutos.es\/telenovela\/espanolas\/a69874087\/la-promesa-avance-semanal-del-29-de-diciembre-al-2-de-enero-en-tve\/\" data-vars-ga-ux-element=\"Hyperlink\" data-vars-ga-call-to-action=\"semana en &#039;La Promesa&#039;\" data-node-id=\"4.1\" class=\"body-link css-177bzfx emevuu60\" rel=\"nofollow noopener\">semana en &#8216;La Promesa&#8217;<\/a>, Enora le dijo a Manuel que, aunque no quisiera romper el contrato con don Luis, pod\u00edan trabajar con otras empresas. Margarita y Adriano tuvieron un acercamiento: ella le cont\u00f3 lo bonita que hab\u00eda sido su hija de beb\u00e9 en &#8216;<a href=\"https:\/\/www.diezminutos.es\/telenovela-la-promesa\/\" target=\"_blank\" data-vars-ga-outbound-link=\"https:\/\/www.diezminutos.es\/telenovela-la-promesa\/\" data-vars-ga-ux-element=\"Hyperlink\" data-vars-ga-call-to-action=\"La Promesa\" data-node-id=\"4.3\" class=\"body-link css-177bzfx emevuu60\" rel=\"nofollow noopener\">La Promesa<\/a>&#8216;. Martina pospuso una reuni\u00f3n para ir al teatro con Jacobo, quien se mostr\u00f3 contento de que su prometida le dedicara tanto tiempo. Salt\u00e1ndose la jerarqu\u00eda, Teresa recrimin\u00f3 a Crist\u00f3bal que hubiera mandado a Vera la tarea de limpiar las ventanas del torre\u00f3n sin ayuda. Mar\u00eda Fern\u00e1ndez confes\u00f3 a P\u00eda que no quer\u00eda revelar a Carlo que era el padre del hijo que esperaba. P\u00eda se lo explic\u00f3 a Samuel, que pidi\u00f3 a Crist\u00f3bal que contratara al muchacho como nuevo lacayo. Alonso visit\u00f3 a Curro, quien dispar\u00f3 contra su propio padre\u2026<\/p>\n<p><img draggable=\"true\" alt=\"la promesa samuel maria\" title=\"la promesa samuel maria\" loading=\"lazy\" width=\"4096\" height=\"2731\" decoding=\"async\" data-nimg=\"1\" style=\"color:transparent;width:100%;height:auto;\"   src=\"https:\/\/www.europesays.com\/es\/wp-content\/uploads\/2026\/01\/la-promesa-samuel-maria-69538fce6f75d.jpg\" class=\"css-0 e1g79fud0\"\/><\/p>\n<p>RTVE<\/p>\n<p data-journey-content=\"true\" data-node-id=\"8\" class=\"css-6wxqfj emevuu60\">Samuel asegur\u00f3 a Petra que, m\u00e1s pronto que tarde, se ver\u00eda obligado a cerrar el refugio por falta de recursos. Las cocineras animaron a To\u00f1o a contarle sus preocupaciones a Enora. El hijo de Simona confes\u00f3 a la muchacha su temor de que su t\u00edo no lo aceptara. Crist\u00f3bal contrat\u00f3 a Carlo, pero estableci\u00f3 que trabajar\u00eda bajo la supervisi\u00f3n de Santos. Mar\u00eda Fern\u00e1ndez se sorprendi\u00f3 al verlo de nuevo en La Promesa. \u00bfTerminar\u00eda confesando la verdad? Martina inst\u00f3 a su prometido a hacer m\u00e1s planes. Jacobo, por su parte, pregunt\u00f3 a Adriano si sab\u00eda el motivo de la hiperactividad de Martina. Adriano lo intuy\u00f3, pero no pudo dec\u00edrselo\u2026 Margarita pregunt\u00f3 a su hija por qu\u00e9 a\u00fan no se hab\u00eda casado con Jacobo. \u00bfLe contar\u00eda la verdad a su madre? Tambi\u00e9n mostr\u00f3 su preocupaci\u00f3n por la deriva del marqu\u00e9s con Leocadia y Alonso la escuch\u00f3. Manuel visit\u00f3 de nuevo a Curro y prometi\u00f3 que no se detendr\u00eda: si su hermano quer\u00eda evitar que se acercara, esta vez tendr\u00eda que matarlo.<\/p>\n<p><img draggable=\"true\" alt=\"la promesa curro y manuel\" title=\"la promesa curro y manuel\" loading=\"lazy\" width=\"4096\" height=\"2731\" decoding=\"async\" data-nimg=\"1\" style=\"color:transparent;width:100%;height:auto;\"   src=\"https:\/\/www.europesays.com\/es\/wp-content\/uploads\/2026\/01\/la-promesa-curro-manuel-69524326b8068.jpg\" class=\"css-0 e1g79fud0\"\/><\/p>\n<p>RTVE<\/p>\n<p data-journey-content=\"true\" data-node-id=\"11\" class=\"css-6wxqfj emevuu60\">A pesar de las advertencias de Curro, Manuel avanz\u00f3 hacia su hermano, que le apunt\u00f3 con la escopeta. Finalmente, consigui\u00f3 llegar hasta \u00e9l y abrazarlo con desesperaci\u00f3n. Martina minti\u00f3 a Margarita: contest\u00f3 que ella y Jacobo no hab\u00edan contra\u00eddo matrimonio a\u00fan porque se lo estaban tomando con calma. En cambio, su futuro yerno asegur\u00f3 que, si por \u00e9l fuera, se casaba con Martina de inmediato. To\u00f1o expuso a Manuel su temor a que el t\u00edo de Enora no lo aceptara por sus or\u00edgenes humildes. La joven, por su parte, tuvo miedo de que el duque de Carvajal y Cifuentes se enfadara por la maniobra de licenciar el motor a otras empresas. Las cocineras mintieron a Carlo sobre los motivos de la cancelaci\u00f3n de la boda de \u00c1ngela y Lorenzo. El muchacho lo coment\u00f3 a Mar\u00eda Fern\u00e1ndez, que le quit\u00f3 hierro al asunto. Teresa pidi\u00f3 a Crist\u00f3bal que dejara de amenazar al servicio con el despido. Samuel confes\u00f3 que hab\u00eda sido \u00e9l quien recomend\u00f3 a Carlo. Mar\u00eda se sorprendi\u00f3, \u00bfes que ya no sent\u00eda nada por ella?<\/p>\n<p><strong data-node-id=\"14.0\">Algo se rompi<\/strong><strong data-node-id=\"14.1\">\u00f3 <\/strong><strong data-node-id=\"14.2\">entre Adriano y Martina en &#8216;La Promesa&#8217;  <\/strong><img draggable=\"true\" alt=\"adriano decubre quien escribe las cartas en la promesa\" title=\"la promesa adriano\" loading=\"lazy\" width=\"1620\" height=\"1080\" decoding=\"async\" data-nimg=\"1\" style=\"color:transparent;width:100%;height:auto;\"   src=\"https:\/\/www.europesays.com\/es\/wp-content\/uploads\/2026\/01\/la-promesa-adriano-cartas-691af6e287bc2.jpg\" class=\"css-0 e1g79fud0\"\/><\/p>\n<p>RTVE<\/p>\n<p data-journey-content=\"true\" data-node-id=\"17\" class=\"css-6wxqfj emevuu60\">\u00c9l, por su parte, intent\u00f3 convencer a la doncella para darle una oportunidad a Carlo como padre de su hijo. La muchacha, finalmente, decidi\u00f3 sincerarse con \u00e9l y revelar que hab\u00eda sido Samuel quien intercedi\u00f3 para que lo contrataran. P\u00eda admiti\u00f3 que segu\u00eda triste por el disparo de Curro\u2026 Candela crey\u00f3 que lo mejor que pod\u00eda hacer el muchacho era escaparse con \u00c1ngela lejos. Alonso rog\u00f3 a Manuel que no salpicara la sangre en su guerra contra Leocadia. La se\u00f1ora de Figueroa intent\u00f3 firmar una tregua con Margarita, pero ella le recrimin\u00f3 que era pat\u00e9tica imitando a Cruz. Martina quiso darle relevo a Adriano con los ni\u00f1os, pero \u00e9l prefiri\u00f3 quedarse. Algo se hab\u00eda roto entre ellos\u2026 Tras una temporada lejos del palacio, Curro y \u00c1ngela tuvieron tiempo para reflexionar. Finalmente, decidieron volver a La Promesa. Y lo hicieron con m\u00e1s fuerza que nunca: reclamaron su derecho a ser felices.<\/p>\n<p><strong data-node-id=\"18.0\">Carlo regres<\/strong><strong data-node-id=\"18.1\">\u00f3 <\/strong><strong data-node-id=\"18.2\">a &#8216;La Promesa&#8217; solo por el trabajo<\/strong><img draggable=\"true\" alt=\"la promesa capitulo viernes 5 de diciembre\" title=\"la promesa capitulo viernes 5 de diciembre\" loading=\"lazy\" width=\"1620\" height=\"1080\" decoding=\"async\" data-nimg=\"1\" style=\"color:transparent;width:100%;height:auto;\"   src=\"https:\/\/www.europesays.com\/es\/wp-content\/uploads\/2026\/01\/la-promesa-5-diciembre-693290ec535ed.jpg\" class=\"css-0 e1g79fud0\"\/><\/p>\n<p>RTVE<\/p>\n<p data-journey-content=\"true\" data-node-id=\"21\" class=\"css-6wxqfj emevuu60\">Tras regresar a La Promesa, Curro y \u00c1ngela expresaron a Alonso y a Leocadia su deseo de seguir adelante con su relaci\u00f3n, y no estaban dispuestos a renunciar a ello. Petra pidi\u00f3 a Jacobo que vendiera la joya que le hab\u00eda regalado la marquesa y \u00e9l acept\u00f3 el encargo. Carlo agradeci\u00f3 a Samuel que hubiera intercedido por \u00e9l y el cura le dio su voto de confianza. Mar\u00eda Fern\u00e1ndez tante\u00f3 a Carlo, pero el lacayo solo hab\u00eda vuelto a La Promesa por el trabajo, no por ella\u2026 Curro confirm\u00f3 a Alonso su intenci\u00f3n de restituir su honor. \u00bfCu\u00e1l ser\u00eda la reacci\u00f3n del marqu\u00e9s? Teresa hizo un encargo a Vera y la doncella le comunic\u00f3 que mantendr\u00eda las formas, pero no volver\u00edan a ser amigas. \u00c1ngela asegur\u00f3 a Adriano y Martina que Curro y ella iban a luchar por su amor costara lo que costara. Ellos la animaron, \u00bfquiz\u00e1s estaban proyectando su propia situaci\u00f3n? Manuel, cansado de tanta mentira, se enfrent\u00f3 a Leocadia y la llam\u00f3 embaucadora y estafadora. \u00bfC\u00f3mo reaccionar\u00eda ella?<\/p>\n<p><img src=\"https:\/\/www.europesays.com\/es\/wp-content\/uploads\/2026\/01\/1767496887_571_43af9b8f-983e-4e74-8e74-9a7479b0966b_1681831601.file.png\" alt=\"Headshot of Pilar Mart\u00ednez\" title=\"Headshot of Pilar Mart\u00ednez\" width=\"100%\" height=\"100%\" decoding=\"async\" loading=\"lazy\" class=\"css-o0wq4v ev8dhu53\"\/><\/p>\n<p>Pilar Mart\u00ednez es periodista especializada en contenidos de televisi\u00f3n y cultura, se gradu\u00f3 en la carrera en Periodismo en la Facultad de Ciencias de la Informaci\u00f3n (Universidad Complutense de Madrid) en el a\u00f1o 2018. Desde entonces ha pasado por las redacciones de Ecoteuve (El Economista), donde realiz\u00f3 sus primeras pr\u00e1cticas durante el verano del 2016.<\/p>\n<p>Posteriormente, concretamente, en el a\u00f1o 2017 se pas\u00f3 al grupo Hearst Espa\u00f1a, donde comenz\u00f3 su andadura en las revistas de televisi\u00f3n: Supertele, Teleprograma, Telenovela. Ahora colabora con Diez Minutos, en su versi\u00f3n web, donde se encarga de realizar los avances semanales de las ficciones diarias de moda, as\u00ed como entrevistas y art\u00edculos sobre los melodramas o telenovelas que aterrizan en nuestro pa\u00eds y aquellos que est\u00e1n por venir.<\/p>\n<p>Toda una cazadora de exclusivas. A esto, se suma su puesto como redactora jefe de la secci\u00f3n de novela narrativa en la revista Culturamas, medio digital de alto impacto al que lleva unida desde el a\u00f1o 2013. \u00c1vida lectora, cin\u00e9fila y seri\u00e9fila de primer nivel, ha hecho de su vocaci\u00f3n su oficio. \u00a0<\/p>\n","protected":false},"excerpt":{"rendered":"Esta semana en &#8216;La Promesa&#8217;, Enora le dijo a Manuel que, aunque no quisiera romper el contrato con&hellip;\n","protected":false},"author":2,"featured_media":321815,"comment_status":"","ping_status":"","sticky":false,"template":"","format":"standard","meta":{"footnotes":""},"categories":[171],"tags":[253,146,147,25,24,23,214],"class_list":{"0":"post-321814","1":"post","2":"type-post","3":"status-publish","4":"format-standard","5":"has-post-thumbnail","7":"category-tv","8":"tag-discover","9":"tag-entertainment","10":"tag-entretenimiento","11":"tag-es","12":"tag-espana","13":"tag-spain","14":"tag-tv"},"share_on_mastodon":{"url":"https:\/\/pubeurope.com\/@es\/115834682381995309","error":""},"_links":{"self":[{"href":"https:\/\/www.europesays.com\/es\/wp-json\/wp\/v2\/posts\/321814","targetHints":{"allow":["GET"]}}],"collection":[{"href":"https:\/\/www.europesays.com\/es\/wp-json\/wp\/v2\/posts"}],"about":[{"href":"https:\/\/www.europesays.com\/es\/wp-json\/wp\/v2\/types\/post"}],"author":[{"embeddable":true,"href":"https:\/\/www.europesays.com\/es\/wp-json\/wp\/v2\/users\/2"}],"replies":[{"embeddable":true,"href":"https:\/\/www.europesays.com\/es\/wp-json\/wp\/v2\/comments?post=321814"}],"version-history":[{"count":0,"href":"https:\/\/www.europesays.com\/es\/wp-json\/wp\/v2\/posts\/321814\/revisions"}],"wp:featuredmedia":[{"embeddable":true,"href":"https:\/\/www.europesays.com\/es\/wp-json\/wp\/v2\/media\/321815"}],"wp:attachment":[{"href":"https:\/\/www.europesays.com\/es\/wp-json\/wp\/v2\/media?parent=321814"}],"wp:term":[{"taxonomy":"category","embeddable":true,"href":"https:\/\/www.europesays.com\/es\/wp-json\/wp\/v2\/categories?post=321814"},{"taxonomy":"post_tag","embeddable":true,"href":"https:\/\/www.europesays.com\/es\/wp-json\/wp\/v2\/tags?post=321814"}],"curies":[{"name":"wp","href":"https:\/\/api.w.org\/{rel}","templated":true}]}}