{"id":321924,"date":"2026-01-04T05:14:10","date_gmt":"2026-01-04T05:14:10","guid":{"rendered":"https:\/\/www.europesays.com\/es\/321924\/"},"modified":"2026-01-04T05:14:10","modified_gmt":"2026-01-04T05:14:10","slug":"fiesta-sorpresa-para-leticia-martin-montero-con-motivo-de-su-50-cumpleanos","status":"publish","type":"post","link":"https:\/\/www.europesays.com\/es\/321924\/","title":{"rendered":"Fiesta sorpresa para Leticia Mart\u00edn Montero con motivo de su 50 cumplea\u00f1os"},"content":{"rendered":"<p>Fiesta sorpresa para Leticia Mart\u00edn Montero con motivo de su cumplea\u00f1os<br \/>\nAmigos y familiares participaron en este acto festivo que no esperaba para celebrar su 50 a\u00f1os<\/p>\n<p><a href=\"https:\/\/www.europesays.com\/es\/wp-content\/uploads\/2026\/01\/WhatsApp-Image-2026-01-03-at-19.28.53-1.jpeg\"><img loading=\"lazy\" decoding=\"async\" class=\"aligncenter size-full wp-image-147543\" src=\"https:\/\/www.europesays.com\/es\/wp-content\/uploads\/2026\/01\/WhatsApp-Image-2026-01-03-at-19.28.53-1.jpeg\" alt=\"\" width=\"1600\" height=\"1200\"  \/><\/a><\/p>\n<p><strong>Leticia Mart\u00edn Montero recibi\u00f3 una gran sorpresa en el d\u00eda de su cumplea\u00f1os<\/strong>. A<strong>migos y familiares, convocados por su marido David, se reunieron en su casa para transmitirle su felicitaci\u00f3n con motivo de este d\u00eda tan especial, el 3 de enero, fecha en la que cumple 50 a\u00f1os.<\/strong><\/p>\n<p>Caracterizada por la alegr\u00eda y por el gran valor que da a sus amistades, a las que cuida con esmero, Leticia no esperaba la sorpresa y la recibi\u00f3 con gran entusiasmo. Entre los presentes, tambi\u00e9n se encontraba su madre \u00c1ngela, hermana Dalia y otros familiares. Una jornada feliz que sin duda no olvidar\u00e1. \u00a1Feliz Cumplea\u00f1os, Leticia!<\/p>\n<dl class=\"gallery-item\">\n<dt class=\"gallery-icon landscape\">\n\t\t\t\t<a data-rel=\"iLightbox[postimages]\" data-title=\"WhatsApp Image 2026-01-03 at 19.28.53\" data-caption=\"\" href=\"https:\/\/www.europesays.com\/es\/wp-content\/uploads\/2026\/01\/WhatsApp-Image-2026-01-03-at-19.28.53.jpeg\"><img loading=\"lazy\" decoding=\"async\" width=\"1600\" height=\"1200\" src=\"https:\/\/www.europesays.com\/es\/wp-content\/uploads\/2026\/01\/WhatsApp-Image-2026-01-03-at-19.28.53.jpeg\" class=\"attachment-full size-full\" alt=\"\"  \/><\/a>\n\t\t\t<\/dt>\n<\/dl>\n<p><br style=\"clear: both\"\/><\/p>\n<dl class=\"gallery-item\">\n<dt class=\"gallery-icon landscape\">\n\t\t\t\t<a data-rel=\"iLightbox[postimages]\" data-title=\"WhatsApp Image 2026-01-03 at 19.33.52\" data-caption=\"\" href=\"https:\/\/www.europesays.com\/es\/wp-content\/uploads\/2026\/01\/WhatsApp-Image-2026-01-03-at-19.33.52.jpeg\"><img loading=\"lazy\" decoding=\"async\" width=\"2048\" height=\"1858\" src=\"https:\/\/www.europesays.com\/es\/wp-content\/uploads\/2026\/01\/WhatsApp-Image-2026-01-03-at-19.33.52.jpeg\" class=\"attachment-full size-full\" alt=\"\"  \/><\/a>\n\t\t\t<\/dt>\n<\/dl>\n<p><br style=\"clear: both\"\/><\/p>\n<p>\u00a0<\/p>\n<p>\u00a0<\/p>\n<p>\u00a0<\/p>\n","protected":false},"excerpt":{"rendered":"Fiesta sorpresa para Leticia Mart\u00edn Montero con motivo de su cumplea\u00f1os Amigos y familiares participaron en este acto&hellip;\n","protected":false},"author":2,"featured_media":321925,"comment_status":"","ping_status":"","sticky":false,"template":"","format":"standard","meta":{"footnotes":""},"categories":[174],"tags":[255,6996,146,147,25,24,256,74845,27251,27252,23],"class_list":{"0":"post-321924","1":"post","2":"type-post","3":"status-publish","4":"format-standard","5":"has-post-thumbnail","7":"category-famosos","8":"tag-celebrities","9":"tag-cumpleanos","10":"tag-entertainment","11":"tag-entretenimiento","12":"tag-es","13":"tag-espana","14":"tag-famosos","15":"tag-leticia-martin","16":"tag-noticias-ciudad-rodrigo","17":"tag-noticias-salamanca","18":"tag-spain"},"share_on_mastodon":{"url":"https:\/\/pubeurope.com\/@es\/115835126645810418","error":""},"_links":{"self":[{"href":"https:\/\/www.europesays.com\/es\/wp-json\/wp\/v2\/posts\/321924","targetHints":{"allow":["GET"]}}],"collection":[{"href":"https:\/\/www.europesays.com\/es\/wp-json\/wp\/v2\/posts"}],"about":[{"href":"https:\/\/www.europesays.com\/es\/wp-json\/wp\/v2\/types\/post"}],"author":[{"embeddable":true,"href":"https:\/\/www.europesays.com\/es\/wp-json\/wp\/v2\/users\/2"}],"replies":[{"embeddable":true,"href":"https:\/\/www.europesays.com\/es\/wp-json\/wp\/v2\/comments?post=321924"}],"version-history":[{"count":0,"href":"https:\/\/www.europesays.com\/es\/wp-json\/wp\/v2\/posts\/321924\/revisions"}],"wp:featuredmedia":[{"embeddable":true,"href":"https:\/\/www.europesays.com\/es\/wp-json\/wp\/v2\/media\/321925"}],"wp:attachment":[{"href":"https:\/\/www.europesays.com\/es\/wp-json\/wp\/v2\/media?parent=321924"}],"wp:term":[{"taxonomy":"category","embeddable":true,"href":"https:\/\/www.europesays.com\/es\/wp-json\/wp\/v2\/categories?post=321924"},{"taxonomy":"post_tag","embeddable":true,"href":"https:\/\/www.europesays.com\/es\/wp-json\/wp\/v2\/tags?post=321924"}],"curies":[{"name":"wp","href":"https:\/\/api.w.org\/{rel}","templated":true}]}}