{"id":321951,"date":"2026-01-04T05:45:07","date_gmt":"2026-01-04T05:45:07","guid":{"rendered":"https:\/\/www.europesays.com\/es\/321951\/"},"modified":"2026-01-04T05:45:07","modified_gmt":"2026-01-04T05:45:07","slug":"cancion-llevame-lejos-una-vida-en-14-canciones","status":"publish","type":"post","link":"https:\/\/www.europesays.com\/es\/321951\/","title":{"rendered":"Canci\u00f3n, ll\u00e9vame lejos: Una vida en 14 canciones"},"content":{"rendered":"<p class=\"\">Toda generaci\u00f3n tiene un soundtrack particular. O al menos eso subyace a Canci\u00f3n, ll\u00e9vame lejos, un libro entra\u00f1able en el que <a href=\"https:\/\/elpais.com\/babelia\/2022-02-25\/un-futuro-anterior-tratado-de-amor-contemporaneo.html\" target=\"_self\" rel=\"nofollow noopener\" title=\"https:\/\/elpais.com\/babelia\/2022-02-25\/un-futuro-anterior-tratado-de-amor-contemporaneo.html\">Mauro Libertella<\/a> (1983) pasa revista a un cancionero personal\u00edsimo desde el cual intenta dar cuenta no solo de su vida, sino de una generaci\u00f3n \u2014la suya\u2014 en un tiempo y un espacio particular. Al m\u00e1s reciente volumen del argentino subyace la idea de que siempre habr\u00e1 un pu\u00f1ado de canciones y tres o cuatro discos \u2014o as\u00ed habr\u00e1 sido, al menos, antes del streaming\u2014 que marcan a fuego a quienes <a href=\"https:\/\/elpais.com\/cultura\/2016\/12\/03\/actualidad\/1480787848_355398.html\" target=\"_self\" rel=\"nofollow noopener\" title=\"https:\/\/elpais.com\/cultura\/2016\/12\/03\/actualidad\/1480787848_355398.html\">viven la adolescencia<\/a> o la primera adultez, esa etapa en la que ya no somos ni\u00f1os, pero en la que todav\u00eda no hemos tomado esas decisiones que dan un rumbo definitivo a nuestra vida. <\/p>\n<p class=\"\">Los catorce cap\u00edtulos que componen el libro est\u00e1n dedicados a esas canciones que el autor escuch\u00f3 en su etapa formativa \u2014y a las bandas y discos que les dieron vida\u2014 y que lo han acompa\u00f1ado desde entonces. Al modo de las compilaciones dom\u00e9sticas que tan de moda estuvieron hasta principios de los 2000 \u2014primero en cassettes, luego en CDs\u2014, el <a href=\"https:\/\/elpais.com\/cultura\/2015\/08\/05\/babelia\/1438779803_410129.html\" target=\"_self\" rel=\"nofollow noopener\" title=\"https:\/\/elpais.com\/cultura\/2015\/08\/05\/babelia\/1438779803_410129.html\">escritor argentino<\/a> selecciona canciones desde las cuales explora algunas se\u00f1as de su propia identidad. El <a href=\"https:\/\/elpais.com\/cultura\/2025-12-08\/antes-y-despues-de-charly-garcia.html\" target=\"_self\" rel=\"nofollow noopener\" title=\"https:\/\/elpais.com\/cultura\/2025-12-08\/antes-y-despues-de-charly-garcia.html\">rock<\/a> juega aqu\u00ed una funci\u00f3n protag\u00f3nica, pues, como afirma el autor, \u201cla juventud pide ese tipo de relaci\u00f3n obsesiva y excluyente con algo, y el rock ten\u00eda todo para ocupar el espacio imposible de una totalidad\u201d. <\/p>\n<p class=\"\">En Canci\u00f3n, ll\u00e9vame lejos la ligereza de la cr\u00f3nica calza muy bien con el formato breve de las piezas que describe. Aqu\u00ed no tenemos sesudos an\u00e1lisis de cantatas, sesiones de jazz ni obras ambiciosas del rock progresivo; por el contrario, Libertella estructura su compilado en cap\u00edtulos de no m\u00e1s de diez p\u00e1ginas, cada uno dedicado a una canci\u00f3n, con la brevedad y s\u00edntesis que ellas exigen. As\u00ed, el autor va desde los tangos que escuchaba su padre hasta el britpop de los 90, pasando por los cl\u00e1sicos del rock argentino \u2014<a href=\"https:\/\/elpais.com\/cultura\/2021-10-23\/charly-garcia-el-rey-del-rock-argentino-cumple-70-anos.html\" target=\"_self\" rel=\"nofollow noopener\" title=\"https:\/\/elpais.com\/cultura\/2021-10-23\/charly-garcia-el-rey-del-rock-argentino-cumple-70-anos.html\">Charly Garc\u00eda,<\/a> <a href=\"https:\/\/elpais.com\/cultura\/2025-07-02\/fito-paez-todos-somos-canallas-hacemos-trampas-y-despues-cocinamos-para-todo-el-barrio.html\" target=\"_self\" rel=\"nofollow noopener\" title=\"https:\/\/elpais.com\/cultura\/2025-07-02\/fito-paez-todos-somos-canallas-hacemos-trampas-y-despues-cocinamos-para-todo-el-barrio.html\">Fito P\u00e1ez<\/a>\u2014 y los grandes artistas anglo de la segunda mitad del siglo XX \u2014los Beatles, los <a href=\"https:\/\/elpais.com\/cultura\/2025-12-28\/el-barco-pirata-de-los-rolling-stones-encalla-probablemente-no-los-veremos-mas-en-directo.html\" target=\"_self\" rel=\"nofollow noopener\" title=\"https:\/\/elpais.com\/cultura\/2025-12-28\/el-barco-pirata-de-los-rolling-stones-encalla-probablemente-no-los-veremos-mas-en-directo.html\">Rolling Stones<\/a> o Bob Dylan\u2014. Como todo compilado, este mix conjuga distintos g\u00e9neros, ritmos y lenguas, dando como resultado un volumen equilibrado y sugerente, que invita a buscar y escuchar las canciones sobre las cuales trata.<\/p>\n<p class=\"\">Libertella es muy consciente del poder de este arte. Como dice en el pr\u00f3logo del libro, \u201cpasar m\u00fasica es muchas veces manipular las emociones ajenas, sin el sentido peyorativo que se le adjudica al t\u00e9rmino manipular. Es guiar a otros \u2014quienes escuchan\u2014 por un campo minado\u201d. La invitaci\u00f3n que nos hace, por tanto, es a seguirlo en sus descubrimientos est\u00e9ticos, en su educaci\u00f3n sentimental y en el cultivo de un fanatismo donde las bandas dan forma a un modo de ver el mundo, donde rockeros irredentos y al mismo tiempo sensibles han abierto una puerta desde la cual se puede comprender mejor todo aquello que nos rodea.<\/p>\n<p class=\"\">El anecdotario desde el cual recorre estas canciones entremezcla sus experiencias personales con los relatos legendarios acerca de sus \u00eddolos. Est\u00e1 cruzado por los conciertos a los que el autor asisti\u00f3 (o a aquellos a los que sus padres no le permitieron ir), por los discos que \u00e9l y sus amigos escucharon hasta el hartazgo o por los artistas que marcaron una \u00e9poca de sus vidas. Aparece Carlos Menem lanzando diatribas contra los <a href=\"https:\/\/elpais.com\/cultura\/2025-06-09\/guns-n-roses-veta-a-la-prensa-para-su-concierto-de-hoy-de-barcelona.html\" target=\"_self\" rel=\"nofollow noopener\" title=\"https:\/\/elpais.com\/cultura\/2025-06-09\/guns-n-roses-veta-a-la-prensa-para-su-concierto-de-hoy-de-barcelona.html\">Guns N\u2019 Roses<\/a>, los encuentros entre <a href=\"https:\/\/elpais.com\/cultura\/2025-02-02\/de-y-este-de-que-murio-a-todavia-suena-fresco-asi-ve-la-generacion-z-a-bob-dylan.html\" target=\"_self\" rel=\"nofollow noopener\" title=\"https:\/\/elpais.com\/cultura\/2025-02-02\/de-y-este-de-que-murio-a-todavia-suena-fresco-asi-ve-la-generacion-z-a-bob-dylan.html\">Bob Dylan<\/a> y los Beatles en un hotel en Nueva York o <a href=\"https:\/\/elpais.com\/ideas\/2026-01-02\/david-bowie-el-pensador-galactico-que-nos-animo-a-explorar-y-reventar-nuestros-limites.html\" target=\"_self\" rel=\"nofollow noopener\" title=\"https:\/\/elpais.com\/ideas\/2026-01-02\/david-bowie-el-pensador-galactico-que-nos-animo-a-explorar-y-reventar-nuestros-limites.html\">David Bowie<\/a> con un dulce colg\u00e1ndole de un ojo en la mitad de un concierto.<\/p>\n<p class=\"\">A pesar de dedicar algunos cap\u00edtulos a artistas algo m\u00e1s de culto \u2014Stampone y Exp\u00f3sito, Franco Battiato o <a href=\"https:\/\/elpais.com\/icon\/2024-09-07\/nick-cave-no-se-donde-estaria-si-mi-hijo-no-hubiera-muerto-el-dolor-te-convierte-en-persona-antes-estaba-a-medio-hacer.html\" target=\"_self\" rel=\"nofollow noopener\" title=\"https:\/\/elpais.com\/icon\/2024-09-07\/nick-cave-no-se-donde-estaria-si-mi-hijo-no-hubiera-muerto-el-dolor-te-convierte-en-persona-antes-estaba-a-medio-hacer.html\">Nick Cave<\/a>\u2014, la mayor parte de las canciones elegidas son la m\u00fasica que son\u00f3 masivamente, tanto para su generaci\u00f3n nacida a mediados de los 80 como aquella que hab\u00eda sonado en la \u00e9poca de sus padres. As\u00ed, no teme volver sobre Fito P\u00e1ez y sus discos superventas, sobre <a href=\"https:\/\/elpais.com\/cultura\/2024-04-05\/tras-el-rastro-de-nirvana-30-anos-despues-de-la-muerte-de-kurt-cobain-la-influencia-mistica-de-un-grupo-unico-se-mantiene.html\" target=\"_self\" rel=\"nofollow noopener\" title=\"https:\/\/elpais.com\/cultura\/2024-04-05\/tras-el-rastro-de-nirvana-30-anos-despues-de-la-muerte-de-kurt-cobain-la-influencia-mistica-de-un-grupo-unico-se-mantiene.html\">Nirvana<\/a> y su cl\u00e1sico concierto en los MTV Unplugged, sobre los Rolling Stones, artistas que dan forma a una \u00e9poca completa. Y, en esa misma l\u00ednea, no deja de lado el humor para situar en un lugar absolutamente central a los Beatles, que bien podr\u00eda merecer ese reconocimiento. Dice Libertella: \u201cEs l\u00edcito sentenciar que no se puede confiar en una persona a la que no le gusten los Beatles. No hay puntos medios en este asunto, no se trata de una exageraci\u00f3n y mucho menos de una boutade. Los Beatles son un l\u00edmite indestructible, quiz\u00e1s el \u00fanico consenso planetario que tenemos: adentro de su \u00f3rbita, todo lo que est\u00e1 bien; afuera, una tierra yerma, llena de contornos dram\u00e1ticos, de pura confusi\u00f3n est\u00e9tica\u201d.<\/p>\n<p class=\"\">Una de las grandes virtudes del libro radica, quiz\u00e1s parad\u00f3jicamente, que la m\u00fasica no es lo m\u00e1s relevante del volumen. Con toda la importancia que se le otorga, es la voz del autor, entremezclando el ensayo, la cr\u00f3nica y el relato, lo que da una forma universal a este mix: es el modo de hablar de las canciones de nuestra infancia (y no los temas espec\u00edficos de <a href=\"https:\/\/elpais.com\/diario\/1994\/08\/28\/cultura\/778024810_850215.html\" target=\"_self\" rel=\"nofollow noopener\" title=\"https:\/\/elpais.com\/diario\/1994\/08\/28\/cultura\/778024810_850215.html\">Roberto Goyeneche<\/a>), de la experiencia del primer concierto de rock o de los descubrimientos que hacemos en nuestros veintes los que permiten sintonizar con Canci\u00f3n, ll\u00e9vame lejos. Es a partir de una voz propia, por tanto, que volvemos a escuchar esta m\u00fasica desde un nuevo lugar. As\u00ed, no es este un canon de las mejores canciones ni de los grandes \u00e9xitos, sino un compilado capaz de transmitir una experiencia vital con su propio soundtrack, ejercicio en el que cada lector puede sentirse parte. Es ah\u00ed, creo, donde radica el \u00e9xito con que Libertella lleva a cabo su empresa. <\/p>\n<p><strong>Joaqu\u00edn Castillo <\/strong>es doctor en literatura por la Pontificia Universidad Cat\u00f3lica de Chile, profesor asistente del Instituto de Literatura de la Universidad de los Andes (Chile) y editor de la revista &#8216;Punto y coma&#8217; del Instituto de Estudios de la Sociedad (IES)<\/p>\n","protected":false},"excerpt":{"rendered":"Toda generaci\u00f3n tiene un soundtrack particular. O al menos eso subyace a Canci\u00f3n, ll\u00e9vame lejos, un libro entra\u00f1able&hellip;\n","protected":false},"author":2,"featured_media":321952,"comment_status":"","ping_status":"","sticky":false,"template":"","format":"standard","meta":{"footnotes":""},"categories":[91],"tags":[889,283,2047,146,147,25,24,1804,225,671,185,1645,23],"class_list":{"0":"post-321951","1":"post","2":"type-post","3":"status-publish","4":"format-standard","5":"has-post-thumbnail","7":"category-entretenimiento","8":"tag-america","9":"tag-argentina","10":"tag-chile","11":"tag-entertainment","12":"tag-entretenimiento","13":"tag-es","14":"tag-espana","15":"tag-latinoamerica","16":"tag-libros","17":"tag-literatura","18":"tag-musica","19":"tag-novela","20":"tag-spain"},"share_on_mastodon":{"url":"https:\/\/pubeurope.com\/@es\/115835248640193662","error":""},"_links":{"self":[{"href":"https:\/\/www.europesays.com\/es\/wp-json\/wp\/v2\/posts\/321951","targetHints":{"allow":["GET"]}}],"collection":[{"href":"https:\/\/www.europesays.com\/es\/wp-json\/wp\/v2\/posts"}],"about":[{"href":"https:\/\/www.europesays.com\/es\/wp-json\/wp\/v2\/types\/post"}],"author":[{"embeddable":true,"href":"https:\/\/www.europesays.com\/es\/wp-json\/wp\/v2\/users\/2"}],"replies":[{"embeddable":true,"href":"https:\/\/www.europesays.com\/es\/wp-json\/wp\/v2\/comments?post=321951"}],"version-history":[{"count":0,"href":"https:\/\/www.europesays.com\/es\/wp-json\/wp\/v2\/posts\/321951\/revisions"}],"wp:featuredmedia":[{"embeddable":true,"href":"https:\/\/www.europesays.com\/es\/wp-json\/wp\/v2\/media\/321952"}],"wp:attachment":[{"href":"https:\/\/www.europesays.com\/es\/wp-json\/wp\/v2\/media?parent=321951"}],"wp:term":[{"taxonomy":"category","embeddable":true,"href":"https:\/\/www.europesays.com\/es\/wp-json\/wp\/v2\/categories?post=321951"},{"taxonomy":"post_tag","embeddable":true,"href":"https:\/\/www.europesays.com\/es\/wp-json\/wp\/v2\/tags?post=321951"}],"curies":[{"name":"wp","href":"https:\/\/api.w.org\/{rel}","templated":true}]}}