{"id":321983,"date":"2026-01-04T06:21:13","date_gmt":"2026-01-04T06:21:13","guid":{"rendered":"https:\/\/www.europesays.com\/es\/321983\/"},"modified":"2026-01-04T06:21:13","modified_gmt":"2026-01-04T06:21:13","slug":"ataman-critica-a-arbitros-y-jugadores-tras-perder-el-derbi-griego-de-la-euroliga","status":"publish","type":"post","link":"https:\/\/www.europesays.com\/es\/321983\/","title":{"rendered":"Ataman critica a \u00e1rbitros y jugadores tras perder el derbi griego de la Euroliga"},"content":{"rendered":"<p class=\"\">El <b>Olympiacos<\/b> se hizo con el triunfo en la pista de su archienemigo para conseguir un dos por uno: meterles el miedo en el cuerpo y, por su parte, acabar con las tantas dudas que hab\u00edan quedado sembradas en el \u00faltimo mes sobre el juego del equipo. La recuperaci\u00f3n de Sasha Vezenkov para la causa result\u00f3 ser decisiva, con un esqueleto de equipo que s\u00ed se asemeja al que debe luchar por el t\u00edtulo un a\u00f1o m\u00e1s, sembrando la discordia en los vecinos. <\/p>\n<p class=\"\">Dos primeros cuartos absolutamente discordantes dieron paso a un tercero en el que hubo tablas a 18. <b>En el cuarto parcial, con un montante final de 21-26, se decidi\u00f3 el resultado, que al cierre fue de 82-87<\/b>. Adem\u00e1s del b\u00falgaro por dentro domin\u00f3 el serbio Milutinov con 27 de valoraci\u00f3n. Es el tercer triunfo del conjunto que dirige Georgios Bartzokas, que autom\u00e1ticamente pasa a dejar de ser cuestionado por la afici\u00f3n. Este viernes, adem\u00e1s, brill\u00f3 Mont\u00e9 Morris con ellos en la complicada atm\u00f3sfera de un derbi de Atenas: ocho puntos consigui\u00f3 anotar. <\/p>\n<p class=\"\">El <b>Panathinaikos<\/b> tuvo en Kendrick Nunn al \u00fanico objeto punzante con el que pinchar a su rival. Pleno en tiros de uno y dos, m\u00e1s seis asistencias y cinco rebotes, en el que es uno de sus mejores encuentros desde que disputa la Euroliga. Y no sirvi\u00f3 para vencer. Los verdes precisamente ven\u00edan de tres triunfos en cadena, la que ahora se rompe, y s\u00f3lo se mantienen por delante del Oly en la clasificaci\u00f3n europea porque a \u00e9stos les queda un aplazado.<\/p>\n<p class=\"\"><a href=\"https:\/\/as.com\/baloncesto\/euroliga\/el-olympiacos-mete-mas-miedo-llega-monte-morris-f202512-n\/\" target=\"_self\" rel=\"nofollow noopener\" title=\"https:\/\/as.com\/baloncesto\/euroliga\/el-olympiacos-mete-mas-miedo-llega-monte-morris-f202512-n\/\"><b>RELACIONADO | Morris ya cuenta para Bartzokas<\/b><\/a><\/p>\n<p class=\"\"><b>Entre los dos interiores titulares y Morris rompieron la igualdad a favor del Olympiacos en el cuarto periodo<\/b>. Con anterioridad, lo explicado: 13-28 en el primero, 30-15 en el segundo y balanza equilibrada tras el descanso. Adem\u00e1s de los jugadores a los que Ataman se\u00f1al\u00f3 sin ruborizarse despu\u00e9s de terminar el encuentro, otros naufragaron: Grant y Sloukas acabaron eliminados, el segundo con dos faltas consecutivas que culminaron una mala noche, y Faried rompi\u00f3 ritmo con otras dos personales. Hubo tiempo para la pol\u00e9mica en la acci\u00f3n que cerr\u00f3 la victoria visitante: Fournier meti\u00f3 la mano con astucia en una penetraci\u00f3n de Shorts, el jug\u00f3n desaparecido, y los colegiados adem\u00e1s le dieron la posesi\u00f3n al franc\u00e9s por el roce del esf\u00e9rico con el cuerpo del contrario. <b>Ni en decisiones as\u00ed era la velada propicia de un Panathinaikos muy decepcionante<\/b>.<\/p>\n<p>Incendiario Ataman <\/p>\n<p class=\"\">Nueva derrota, nuevas declaraciones de Ataman desviando la atenci\u00f3n de la misma. En una estrategia ya cl\u00e1sica del entrenador turco, dirigi\u00f3 palabras con escasos parabienes a los colegiados del encuentro e incluso a algunos de sus jugadores. Empezando por esto \u00faltimo, lanz\u00f3 un recado a Juancho Hernang\u00f3mez y Dinos Mitoglou: \u201cLo primero, enhorabuena a Sasha Vezenkov porque nos ha ense\u00f1ado que es un ala-p\u00edvot real. Nosotros hemos jugado sin nadie. Hernang\u00f3mez y Mitoglou, cero puntos. Como en todos los derbis. Vezenkov ha encestado 24, tomando la responsabilidad\u201d. Huelga decir que no est\u00e1 en lo cierto: en los \u00faltimos cinco cl\u00e1sicos griegos contra el Olympiacos en la Euroliga, el espa\u00f1ol esta en 14,5 de valoraci\u00f3n y el griego tiene una media de 10,5 puntos. Sea como fuere, tambi\u00e9n dispar\u00f3 contra los oficiales: \u201cFelicidades tambi\u00e9n a los \u00e1rbitros, que quieren demostrar que son los mejores cada vez que vienen aqu\u00ed. Con este tipo de decisiones, seguro que tienen un hueco en la final del torneo. En tiros libres la distancia fue de 18 a 28 hoy. S\u00e9 que la Liga me va a castigar por lo que estoy diciendo, pero s\u00f3lo quiero felicitarles de nuevo; no tuvieron influencia alguna en lo que pas\u00f3\u201d. El t\u00e9cnico s\u00ed dej\u00f3 la iron\u00eda para se\u00f1alar a los suyos aduciendo que es complicado ganar al Olympiacos teniendo una \u00fanica referencia, Nunn, para desarrollar los ataques. Es lo que cont\u00f3 al micr\u00f3fono de Dora Panteli en la se\u00f1al internacional, antes de calmarse y encarar la rueda de prensa para el resto de medios de comunicaci\u00f3n.<\/p>\n<p>Noticias relacionadas<a href=\"https:\/\/as.com\/baloncesto\/nba\/no-solo-juegan-doncic-y-lebron-f202601-n\/\" class=\"s_m_w\" title=\"Los Lakers limpian un poco su racha, cuatro derrotas en los \u00faltimos cinco encuentros, con un triunfo en casa frente a los Grizzlies. Doncic y James lideraron.\" data-tb-link=\"\" rel=\"nofollow noopener\" target=\"_blank\"><img decoding=\"async\" src=\"https:\/\/www.europesays.com\/es\/wp-content\/uploads\/2026\/01\/1767507672_826_5N5B4USO6JJIDFWFPJR2C5MIAM.jpg\" alt=\"No s\u00f3lo juegan Doncic y LeBron\" class=\"\" height=\"9\" width=\"16\"   loading=\"lazy\" data-tb-thumbnail=\"\"\/><\/a><a href=\"https:\/\/as.com\/baloncesto\/nba\/kerr-se-lo-pone-facil-a-los-thunder-f202601-n\/\" class=\"s_m_w\" title=\"Partido grande para los Thunder, que se ponen con 30 victorias en 35 citas y as\u00ed mantenerse a la altura de los mejores de la historia, contra unos Warriors de saldo.\" data-tb-link=\"\" rel=\"nofollow noopener\" target=\"_blank\"><img decoding=\"async\" src=\"https:\/\/www.europesays.com\/es\/wp-content\/uploads\/2026\/01\/DMB6EB2CKVNY7PP7QVOYRV7Z7A.jpg\" alt=\"Kerr se lo pone f\u00e1cil a los Thunder\" class=\"\" height=\"9\" width=\"16\"   loading=\"lazy\" data-tb-thumbnail=\"\"\/><\/a><\/p>\n<p class=\"\">Nuestra <a href=\"https:\/\/asfan.as.com\/newsletters\/\" rel=\"nofollow noopener\" target=\"_blank\">Newsletter<\/a> y alerta informativa en canal de <a href=\"https:\/\/www.whatsapp.com\/channel\/0029VaAasdA7j6g745nz9M10\" rel=\"nofollow noopener\" target=\"_blank\">WhatsApp<\/a>.<\/p>\n<p class=\"\">\u00bfBuscas licenciar contenido? <a href=\"https:\/\/profesional.elpais.com\/landing-sindicacion?utm_medium=interno&amp;utm_source=crosslinking&amp;utm_campaign=sindicacion_as_pie_articulos\" rel=\"nofollow noopener\" target=\"_blank\">Haz clic aqu\u00ed<\/a> para la informaci\u00f3n.<\/p>\n","protected":false},"excerpt":{"rendered":"El Olympiacos se hizo con el triunfo en la pista de su archienemigo para conseguir un dos por&hellip;\n","protected":false},"author":2,"featured_media":321984,"comment_status":"","ping_status":"","sticky":false,"template":"","format":"standard","meta":{"footnotes":""},"categories":[269],"tags":[299,298,168,25,24,23,167],"class_list":{"0":"post-321983","1":"post","2":"type-post","3":"status-publish","4":"format-standard","5":"has-post-thumbnail","7":"category-baloncesto","8":"tag-baloncesto","9":"tag-basketball","10":"tag-deportes","11":"tag-es","12":"tag-espana","13":"tag-spain","14":"tag-sports"},"share_on_mastodon":{"url":"https:\/\/pubeurope.com\/@es\/115835390228746169","error":""},"_links":{"self":[{"href":"https:\/\/www.europesays.com\/es\/wp-json\/wp\/v2\/posts\/321983","targetHints":{"allow":["GET"]}}],"collection":[{"href":"https:\/\/www.europesays.com\/es\/wp-json\/wp\/v2\/posts"}],"about":[{"href":"https:\/\/www.europesays.com\/es\/wp-json\/wp\/v2\/types\/post"}],"author":[{"embeddable":true,"href":"https:\/\/www.europesays.com\/es\/wp-json\/wp\/v2\/users\/2"}],"replies":[{"embeddable":true,"href":"https:\/\/www.europesays.com\/es\/wp-json\/wp\/v2\/comments?post=321983"}],"version-history":[{"count":0,"href":"https:\/\/www.europesays.com\/es\/wp-json\/wp\/v2\/posts\/321983\/revisions"}],"wp:featuredmedia":[{"embeddable":true,"href":"https:\/\/www.europesays.com\/es\/wp-json\/wp\/v2\/media\/321984"}],"wp:attachment":[{"href":"https:\/\/www.europesays.com\/es\/wp-json\/wp\/v2\/media?parent=321983"}],"wp:term":[{"taxonomy":"category","embeddable":true,"href":"https:\/\/www.europesays.com\/es\/wp-json\/wp\/v2\/categories?post=321983"},{"taxonomy":"post_tag","embeddable":true,"href":"https:\/\/www.europesays.com\/es\/wp-json\/wp\/v2\/tags?post=321983"}],"curies":[{"name":"wp","href":"https:\/\/api.w.org\/{rel}","templated":true}]}}