{"id":322028,"date":"2026-01-04T07:00:28","date_gmt":"2026-01-04T07:00:28","guid":{"rendered":"https:\/\/www.europesays.com\/es\/322028\/"},"modified":"2026-01-04T07:00:28","modified_gmt":"2026-01-04T07:00:28","slug":"una-treintena-de-inscripciones-en-el-ii-concurso-de-cancion-andaluza-de-alcala-de-guadaira","status":"publish","type":"post","link":"https:\/\/www.europesays.com\/es\/322028\/","title":{"rendered":"Una treintena de inscripciones en el II Concurso de Canci\u00f3n Andaluza de Alcal\u00e1 de Guada\u00edra"},"content":{"rendered":"<p> El II Concurso de Canci\u00f3n Andaluza de Alcal\u00e1 de Guada\u00edra ha cerrado su plazo de inscripci\u00f3n con una destacada participaci\u00f3n, hasta 30 solicitudes se han registrado, confirmando el inter\u00e9s y la consolidaci\u00f3n de este certamen de cara a su edici\u00f3n de 2026.\n <\/p>\n<p> La iniciativa est\u00e1 organizada por el Ayuntamiento de Alcal\u00e1 de Guada\u00edra, a trav\u00e9s de la Delegaci\u00f3n de Cultura, en colaboraci\u00f3n con la Pe\u00f1a Flamenca La Sole\u00e1 de Alcal\u00e1.   <\/p>\n<p> El concurso se desarrollar\u00e1 durante el mes de enero y principios de febrero, reforzando la apuesta municipal por la promoci\u00f3n de la copla y la canci\u00f3n andaluza como expresiones fundamentales del patrimonio cultural andaluz.\n <\/p>\n<p> El delegado responsable del \u00c1rea de Identidad, Christopher Rivas, ha destacado que \u201ctras el \u00e9xito de la primera edici\u00f3n, este certamen vuelve a poner en valor la identidad cultural musical a trav\u00e9s de la m\u00fasica, posicionando a Alcal\u00e1 de Guada\u00edra como una referencia tambi\u00e9n en el panorama andaluz de la copla y la canci\u00f3n andaluza\u201d.\n <\/p>\n<p> Una vez finalizado el plazo de inscripci\u00f3n, el Ayuntamiento anunciar\u00e1 en los pr\u00f3ximos d\u00edas la relaci\u00f3n de semifinalistas. El concurso se estructurar\u00e1 en tres fases. Por un lado, la fase preliminar, consistente en la visualizaci\u00f3n de los v\u00eddeos presentados y su valoraci\u00f3n por un jurado especializado del \u00e1mbito art\u00edstico. De ah\u00ed se dar\u00e1 paso a las semifinales, con la actuaci\u00f3n en directo de un m\u00e1ximo de 20 aspirantes, que tendr\u00e1n lugar los d\u00edas 16 y 17 de enero, a las 21.00 horas, en la sede de la Pe\u00f1a Flamenca La Sole\u00e1. La entrada ser\u00e1 libre y gratuita. Por \u00faltimo, la final, en la que participar\u00e1n los 8 artistas seleccionados, que se celebrar\u00e1 el domingo 1 de febrero, a las 12.00 horas, en el Teatro Guti\u00e9rrez de Alba. El acceso ser\u00e1 gratuito, con reserva previa obligatoria por motivos de aforo, que podr\u00e1 realizarse de forma presencial en la Casa de la Cultura o, pr\u00f3ximamente, a trav\u00e9s del portal web municipal.\n <\/p>\n<p> La cuant\u00eda de los premios ser\u00e1 la siguiente: 2.000 euros para el primer premios, 1.000 euros para el segundo clasificado, 700 euros para el tercero y 100 euros para cada uno de los restantes cinco finalistas. La entrega de los mismos se har\u00e1 al t\u00e9rmino de la final.<\/p>\n","protected":false},"excerpt":{"rendered":"El II Concurso de Canci\u00f3n Andaluza de Alcal\u00e1 de Guada\u00edra ha cerrado su plazo de inscripci\u00f3n con una&hellip;\n","protected":false},"author":2,"featured_media":322029,"comment_status":"","ping_status":"","sticky":false,"template":"","format":"standard","meta":{"footnotes":""},"categories":[8],"tags":[24471,24470,24478,24469,1250,17,18,777,209,24474,168,24489,2026,24491,24480,25,24,13,14,24488,24487,24490,24492,24473,11,2178,3624,15235,891,6850,19,20,6688,24483,24054,24497,4044,24493,9,10,15,16,24477,24482,24415,24472,12365,24496,1922,24485,24481,24479,24475,24484,19497,24486,1171,23,24494,12,24476,4664,21,22,24495],"class_list":{"0":"post-322028","1":"post","2":"type-post","3":"status-publish","4":"format-standard","5":"has-post-thumbnail","7":"category-espana","8":"tag-accesibilidad","9":"tag-administracion-electronica","10":"tag-agenda-de-actividades","11":"tag-alcala-de-guadaira","12":"tag-ayuntamiento","13":"tag-breaking-news","14":"tag-breakingnews","15":"tag-ciudad","16":"tag-cultura","17":"tag-datos-abiertos","18":"tag-deportes","19":"tag-desarrollo-economico","20":"tag-educacion","21":"tag-edusi","22":"tag-equipamientos","23":"tag-es","24":"tag-espana","25":"tag-featured-news","26":"tag-featurednews","27":"tag-feria-de-alcala","28":"tag-fiestas-mayores","29":"tag-formacion-y-empleo","30":"tag-gestion-tributaria","31":"tag-gobierno-abierto","32":"tag-headlines","33":"tag-igualdad","34":"tag-infancia","35":"tag-infraestructura","36":"tag-inmigrantes","37":"tag-juventud","38":"tag-latest-news","39":"tag-latestnews","40":"tag-medio-ambiente","41":"tag-molinos","42":"tag-movilidad-urbana","43":"tag-movilidad-y-transporte","44":"tag-mujeres","45":"tag-museo-de-alcala","46":"tag-news","47":"tag-noticias","48":"tag-noticias-destacadas","49":"tag-noticiasdestacadas","50":"tag-oferta-de-empleo","51":"tag-oromana","52":"tag-participacion-ciudadana","53":"tag-personas-con-discapacidad","54":"tag-personas-mayores","55":"tag-punto-limpio","56":"tag-redes-sociales","57":"tag-secretaria","58":"tag-sede-electronica","59":"tag-servicio-de-quejas-y-sugerencias","60":"tag-servicios-destacados","61":"tag-servicios-municipales","62":"tag-servicios-sociales","63":"tag-servicios-urbanos","64":"tag-sevilla","65":"tag-spain","66":"tag-teatro-auditorio-riberas-del-guadaira","67":"tag-titulares","68":"tag-tramites-y-servicios","69":"tag-turismo","70":"tag-ultimas-noticias","71":"tag-ultimasnoticias","72":"tag-universidad-popular"},"share_on_mastodon":{"url":"","error":"Validation failed: Text character limit of 500 exceeded"},"_links":{"self":[{"href":"https:\/\/www.europesays.com\/es\/wp-json\/wp\/v2\/posts\/322028","targetHints":{"allow":["GET"]}}],"collection":[{"href":"https:\/\/www.europesays.com\/es\/wp-json\/wp\/v2\/posts"}],"about":[{"href":"https:\/\/www.europesays.com\/es\/wp-json\/wp\/v2\/types\/post"}],"author":[{"embeddable":true,"href":"https:\/\/www.europesays.com\/es\/wp-json\/wp\/v2\/users\/2"}],"replies":[{"embeddable":true,"href":"https:\/\/www.europesays.com\/es\/wp-json\/wp\/v2\/comments?post=322028"}],"version-history":[{"count":0,"href":"https:\/\/www.europesays.com\/es\/wp-json\/wp\/v2\/posts\/322028\/revisions"}],"wp:featuredmedia":[{"embeddable":true,"href":"https:\/\/www.europesays.com\/es\/wp-json\/wp\/v2\/media\/322029"}],"wp:attachment":[{"href":"https:\/\/www.europesays.com\/es\/wp-json\/wp\/v2\/media?parent=322028"}],"wp:term":[{"taxonomy":"category","embeddable":true,"href":"https:\/\/www.europesays.com\/es\/wp-json\/wp\/v2\/categories?post=322028"},{"taxonomy":"post_tag","embeddable":true,"href":"https:\/\/www.europesays.com\/es\/wp-json\/wp\/v2\/tags?post=322028"}],"curies":[{"name":"wp","href":"https:\/\/api.w.org\/{rel}","templated":true}]}}