{"id":322036,"date":"2026-01-04T07:11:09","date_gmt":"2026-01-04T07:11:09","guid":{"rendered":"https:\/\/www.europesays.com\/es\/322036\/"},"modified":"2026-01-04T07:11:09","modified_gmt":"2026-01-04T07:11:09","slug":"esto-no-estaba-en-el-guion","status":"publish","type":"post","link":"https:\/\/www.europesays.com\/es\/322036\/","title":{"rendered":"Esto no estaba en el guion"},"content":{"rendered":"<p id=\"e6bmAJiRhl\" data-wc=\"108\"><strong>Vicky Mart\u00edn Berrocal<\/strong> ha sorprendido a todos con su \u00faltima publicaci\u00f3n en redes sociales, tras compartir algunos de los mejores momentos que vivi\u00f3 durante la pasada Nochevieja. La exmujer de Manuel D\u00edaz &#8216;El Cordob\u00e9s&#8217; viaj\u00f3 hasta Dub\u00e1i acompa\u00f1ada por su madre y su hija, dando la bienvenida al 2026 a bordo de un barco donde se celebraba una lujosa fiesta y en el que hab\u00eda otros VIPs espa\u00f1oles. Durante la misma, se produjo un momento muy curioso y divertido, que ella misma ha relatado a trav\u00e9s de un v\u00eddeo. <strong>\u00abCantar Sufre Mam\u00f3n\u00a0con David Summers al lado. Nivel de fantas\u00eda desbloqueado. Esto no estaba en el guion\u00bb<\/strong>, dec\u00eda.<\/p>\n<p> <img src=\"https:\/\/www.europesays.com\/es\/wp-content\/uploads\/2026\/01\/1a8c1781e8cb-608834083185466355540154634462583809235694663n.jpg\"   width=\"768\" height=\"1024\" loading=\"lazy\" decoding=\"async\" alt=\"Vicky Mart\u00edn Berrocal, luciendo un elegante traje durante su Nochevieja en Dub\u00e1i\" fetchpriority=\"auto\" class=\"image ho-image\"\/>\u00a9 vickymartinberrocalVicky Mart\u00edn Berrocal, luciendo un elegant\u00edsimo traje durante su Nochevieja en Dub\u00e1i<\/p>\n<p id=\"e5F6BUDmBcO\" data-wc=\"94\">En las im\u00e1genes que ha ense\u00f1ado, se puede ver a la dise\u00f1adora andaluza entonando uno los temas m\u00e1s m\u00edticos de <strong>Hombres G<\/strong>, que en ese instante sonaba de fondo a trav\u00e9s de los bafles en la cubierta de la nave. Muy cerca de ella, aparece el artista madrile\u00f1o escuch\u00e1ndose a s\u00ed mismo mientras bailotea al son de su propia canci\u00f3n. Una escena de lo m\u00e1s peculiar y rocambolesca, y que tuvo lugar en esa velada inolvidable en la que se encontraban otros conocidos rostros como el torero <strong>Cayetano Rivera<\/strong> o el humorista <strong>Carlos Latre.<\/strong><\/p>\n<p> <img src=\"https:\/\/www.europesays.com\/es\/wp-content\/uploads\/2026\/01\/214a308ec656-609583934183346224942100273667240672436705671n.jpg\"   width=\"1024\" height=\"744\" loading=\"lazy\" decoding=\"async\" alt=\"Domingo Zapata, David Summers, Carlos Latre y Cayetano Rivera, en la fiesta\" fetchpriority=\"auto\" class=\"image ho-image\"\/>\u00a9 davidsummersoficialDomingo Zapata, David Summers, Carlos Latre y Cayetano Rivera, en la fiesta<\/p>\n<p id=\"eiFRgQj60Gu\" data-wc=\"87\">\u00abEstoy disfrutando mucho y ya llevo 48 horas sin fumar\u00bb<strong>,<\/strong> a\u00f1ad\u00eda Vicky en el mensaje que trasladaba a sus seguidores en Instagram. \u00abAmigos \/ Familia&#8230; Me pido este Dub\u00e1i para siempre\u00bb, se\u00f1alaba por \u00faltimo en alusi\u00f3n a sus seres queridos que estaban all\u00ed con ella: <strong>Victoria Mart\u00edn Serrano y Alba D\u00edaz<\/strong>. Esta \u00faltima, adem\u00e1s, estuvo acompa\u00f1ada por su pareja, el m\u00fasico Marcos Terrones. Pero si hay alguien a quien todos ellos le agradecen haber ido a los Emiratos \u00c1rabes Unidos, ese es el pintor mallorqu\u00edn <strong>Domingo Zapata<\/strong>.<\/p>\n<p> <img src=\"https:\/\/www.europesays.com\/es\/wp-content\/uploads\/2026\/01\/e71330f5bed9-609839273185466356170154638951494528753009153n.jpg\"   width=\"768\" height=\"1024\" loading=\"lazy\" decoding=\"async\" alt=\"La dise\u00f1adora, con su hija Alba D\u00edaz en Emiratos \u00c1rabes Unidos\" fetchpriority=\"auto\" class=\"image ho-image\"\/>\u00a9 vickymartinberrocalLa dise\u00f1adora, con su hija Alba D\u00edaz en Emiratos \u00c1rabes Unidos<\/p>\n<p id=\"eye4sjtmeD2\" data-wc=\"91\">As\u00ed lo ha dicho la mayor de las hermanas Berrocal, tras referirse a \u00e9l como alguien con el que <strong>\u00abtodo puede pasar\u00bb.<\/strong> Ambos son \u00edntimos desde hace mucho tiempo, incluso llegaron a tener un breve romance all\u00e1 por el 2009 que apenas dur\u00f3 un a\u00f1o. Desde entonces tienen una magn\u00edfica relaci\u00f3n, como ha quedado de manifiesto con este viaje de ensue\u00f1o que parece haber organizado el artista balear. De hecho, tambi\u00e9n David Summers le ha querido dar las gracias \u00abal genial Domingo\u00bb, dec\u00eda, por<strong>\u00a0\u00abestos d\u00edas maravillosos\u00bb<\/strong> en el Golfo P\u00e9rsico.<\/p>\n<p> <img src=\"https:\/\/www.europesays.com\/es\/wp-content\/uploads\/2026\/01\/f03715f58f6b-608843630183341452272100275795944773874113798n.jpg\"   width=\"1024\" height=\"682\" loading=\"lazy\" decoding=\"async\" alt=\"La vista que ve\u00eda el l\u00edder de Hombres G desde su habitaci\u00f3n\" fetchpriority=\"auto\" class=\"image ho-image\"\/>\u00a9 davidsummersoficialLa vista que ve\u00eda el l\u00edder de Hombres G desde su habitaci\u00f3n<\/p>\n<p id=\"e47k6a5cvy_\" data-wc=\"72\">El int\u00e9rprete de las inolvidables Marta tiene un marcapasos o Su\u00e9ltate el pelo\u00a0ha subido a su perfil p\u00fablico varias fotos de su estancia all\u00ed, posando muy cari\u00f1oso con los otros invitados o mostrando lo que ve\u00eda a trav\u00e9s de la ventana de la habitaci\u00f3n donde se hospedaba.<strong>\u00a0\u00abFoto desde mi cuarto\u00bb,<\/strong> dec\u00eda sobre la impresionante y espectacular panor\u00e1mica de rascacielos y edificios de arquitectura cl\u00e1sica o futurista que se pod\u00edan apreciar.\u00a0<\/p>\n","protected":false},"excerpt":{"rendered":"Vicky Mart\u00edn Berrocal ha sorprendido a todos con su \u00faltima publicaci\u00f3n en redes sociales, tras compartir algunos de&hellip;\n","protected":false},"author":2,"featured_media":322037,"comment_status":"","ping_status":"","sticky":false,"template":"","format":"standard","meta":{"footnotes":""},"categories":[174],"tags":[517,255,146,147,25,24,256,23],"class_list":{"0":"post-322036","1":"post","2":"type-post","3":"status-publish","4":"format-standard","5":"has-post-thumbnail","7":"category-famosos","8":"tag-actualidad","9":"tag-celebrities","10":"tag-entertainment","11":"tag-entretenimiento","12":"tag-es","13":"tag-espana","14":"tag-famosos","15":"tag-spain"},"share_on_mastodon":{"url":"https:\/\/pubeurope.com\/@es\/115835586699089996","error":""},"_links":{"self":[{"href":"https:\/\/www.europesays.com\/es\/wp-json\/wp\/v2\/posts\/322036","targetHints":{"allow":["GET"]}}],"collection":[{"href":"https:\/\/www.europesays.com\/es\/wp-json\/wp\/v2\/posts"}],"about":[{"href":"https:\/\/www.europesays.com\/es\/wp-json\/wp\/v2\/types\/post"}],"author":[{"embeddable":true,"href":"https:\/\/www.europesays.com\/es\/wp-json\/wp\/v2\/users\/2"}],"replies":[{"embeddable":true,"href":"https:\/\/www.europesays.com\/es\/wp-json\/wp\/v2\/comments?post=322036"}],"version-history":[{"count":0,"href":"https:\/\/www.europesays.com\/es\/wp-json\/wp\/v2\/posts\/322036\/revisions"}],"wp:featuredmedia":[{"embeddable":true,"href":"https:\/\/www.europesays.com\/es\/wp-json\/wp\/v2\/media\/322037"}],"wp:attachment":[{"href":"https:\/\/www.europesays.com\/es\/wp-json\/wp\/v2\/media?parent=322036"}],"wp:term":[{"taxonomy":"category","embeddable":true,"href":"https:\/\/www.europesays.com\/es\/wp-json\/wp\/v2\/categories?post=322036"},{"taxonomy":"post_tag","embeddable":true,"href":"https:\/\/www.europesays.com\/es\/wp-json\/wp\/v2\/tags?post=322036"}],"curies":[{"name":"wp","href":"https:\/\/api.w.org\/{rel}","templated":true}]}}