{"id":322054,"date":"2026-01-04T07:22:07","date_gmt":"2026-01-04T07:22:07","guid":{"rendered":"https:\/\/www.europesays.com\/es\/322054\/"},"modified":"2026-01-04T07:22:07","modified_gmt":"2026-01-04T07:22:07","slug":"delcy-rodriguez-exige-la-inmediata-liberacion-de-maduro","status":"publish","type":"post","link":"https:\/\/www.europesays.com\/es\/322054\/","title":{"rendered":"Delcy Rodr\u00edguez exige la \u00abinmediata liberaci\u00f3n\u00bb de Maduro"},"content":{"rendered":"<p>La vicepresidenta de Venezuela, <strong>Delcy Rodr\u00edguez<\/strong>, ha exigido a Estados Unidos la \u00ab<strong>inmediata liberaci\u00f3n\u00bb de Nicol\u00e1s Maduro<\/strong>, a quien defiende como el \u00ab\u00fanico presidente de Venezuela\u00bb. Adem\u00e1s, ha anunciado la activaci\u00f3n del <strong>Consejo de Defensa de la Naci\u00f3n<\/strong> que ella misma encabeza.<\/p>\n<p>As\u00ed se ha pronunciado la vicepresidenta del r\u00e9gimen en una comparecencia de este s\u00e1bado tras la <strong>intervenci\u00f3n militar de Estados Unidos<\/strong> en el pa\u00eds, que ha culminado con la captura de Maduro y de su mujer, Cilia Flores, y que ha calificado como \u00abagresi\u00f3n militar\u00bb de Washington. Durante su comunicado, tambi\u00e9n ha detallado que ha enviado al Tribunal Supremo de Justicia el <strong>decreto de estado de conmoci\u00f3n exterior<\/strong> para que \u00aben las pr\u00f3ximas horas\u00bb declare su constitucionalidad y entre en vigor. <\/p>\n<p>Seg\u00fan detall\u00f3 el propio Maduro el pasado 29 de septiembre, este decreto es un documento que otorgar\u00eda \u00ab<strong>facultades especiales<\/strong>\u00bb en caso de disputa exterior ante lo que denunci\u00f3 como <strong>\u00abamenazas\u00bb por parte de Estados Unidos. <\/strong>Sin embargo, el contenido del texto no ha trascendido p\u00fablicamente. Ante el vac\u00edo de poder por la intervenci\u00f3n militar, Delcy es la sucesora directa de Maduro. Como mano derecha del l\u00edder del pa\u00eds, ostenta el cargo de vicepresidenta y de ministra de Hidrocarburos. Adem\u00e1s, su hermano <strong>Jorge Rodr\u00edguez<\/strong> es el presidente de la Asamblea Nacional de Venezuela. <\/p>\n<p><strong>Rodr\u00edguez ha encabezado un consejo de defensa<\/strong>, en el que han participado Jorge Rodr\u00edguez; el fiscal general, Tarek William Saab; el comandante estrat\u00e9gico operacional de la Fuerza Armada Nacional Bolivariana (FANB), Domingo Hern\u00e1ndez L\u00e1rez; la presidenta del Tribunal Supremo de Justicia, Caryslia Rodr\u00edguez; el ministro de Interior y Justicia, Diosdado Cabello, y la ministra de Ciencia, Gabriela Jim\u00e9nez.<\/p>\n<p>Rodr\u00edguez est\u00e1 dispuesta a dialogar con una \u00abagenda constructiva\u00bb<\/p>\n<p>Junto a esto, la vicepresidenta venezolana ha reiterado a EE.UU. la disposici\u00f3n de su Gobierno a <strong>dialogar con una \u00abagenda constructiva\u00bb<\/strong> y bajo relaciones de respeto.<\/p>\n<p> \u00abYo <strong>retomo las palabras del presidente Nicol\u00e1s Maduro<\/strong> cuando, hace apenas dos d\u00edas, p\u00fablicamente, en una entrevista de televisi\u00f3n, ratificaba la disposici\u00f3n de este Gobierno de mantener relaciones de di\u00e1logo para abordar una agenda constructiva\u00bb, ha dicho Rodr\u00edguez en la transmisi\u00f3n obligatoria de radio y televisi\u00f3n. <\/p>\n<p>En ese sentido, ha manifestado la disposici\u00f3n de Caracas a mantener \u00abrelaciones de respeto\u00bb tras el \u00abatentado\u00bb contra el pa\u00eds: \u00ab<strong>Estamos dispuestos a relaciones en el marco de la legalidad internacional<\/strong> y de las leyes de la Rep\u00fablica Bolivariana de Venezuela. Es lo \u00fanico que aceptaremos para un relacionamiento, luego de haber atentado y de haber agredido militarmente a nuestra amada naci\u00f3n\u00bb.<\/p>\n<p>Trump no desplegar\u00e1 tropas si Delcy \u00abhace lo que queremos\u00bb<\/p>\n<p>Por su parte, el presidente de Estados Unidos, Donald Trump, ha avanzado que \u00ab<strong>nadie va a tomar el poder<\/strong>\u00bb en Venezuela: \u00abTienen una vicepresidenta, y supongo que es ahora la presidenta\u00bb. Asimismo, el secretario de Estado del pa\u00eds, Marco Rubio, est\u00e1 ha mantenido una conversaci\u00f3n con Rodr\u00edguez, que estar\u00eda<strong> \u00abdispuesta a hacer lo que consideramos<\/strong> necesario para hacer Venezuela grande de nuevo\u00bb.<\/p>\n<p>En esta l\u00ednea, ha asegurado que no desplegar\u00e1 tropas en Venezuela ni realizar\u00e1 nuevos ataques contra el pa\u00eds \u00ab<strong>si la vicepresidenta de Maduro hace lo que queremos<\/strong>\u00ab.<\/p>\n<p>En una entrevista con el peri\u00f3dico New York Post, Trump ha afirmado que EE.UU.<strong> no tendr\u00e1 que desplegar soldados en suelo venezolano<\/strong> si Rodr\u00edguez, que en estos momentos est\u00e1 a cargo del Gobierno venezolano, \u00abhace lo que queremos\u00bb.<\/p>\n","protected":false},"excerpt":{"rendered":"La vicepresidenta de Venezuela, Delcy Rodr\u00edguez, ha exigido a Estados Unidos la \u00abinmediata liberaci\u00f3n\u00bb de Nicol\u00e1s Maduro, a&hellip;\n","protected":false},"author":2,"featured_media":322055,"comment_status":"","ping_status":"","sticky":false,"template":"","format":"standard","meta":{"footnotes":""},"categories":[42],"tags":[17,18,13,14,11,61,62,63,64,19,20,9,10,15,16,12,21,22,65,66,67],"class_list":{"0":"post-322054","1":"post","2":"type-post","3":"status-publish","4":"format-standard","5":"has-post-thumbnail","7":"category-internacional","8":"tag-breaking-news","9":"tag-breakingnews","10":"tag-featured-news","11":"tag-featurednews","12":"tag-headlines","13":"tag-internacional","14":"tag-international","15":"tag-international-news","16":"tag-internationalnews","17":"tag-latest-news","18":"tag-latestnews","19":"tag-news","20":"tag-noticias","21":"tag-noticias-destacadas","22":"tag-noticiasdestacadas","23":"tag-titulares","24":"tag-ultimas-noticias","25":"tag-ultimasnoticias","26":"tag-world","27":"tag-world-news","28":"tag-worldnews"},"share_on_mastodon":{"url":"https:\/\/pubeurope.com\/@es\/115835629926707220","error":""},"_links":{"self":[{"href":"https:\/\/www.europesays.com\/es\/wp-json\/wp\/v2\/posts\/322054","targetHints":{"allow":["GET"]}}],"collection":[{"href":"https:\/\/www.europesays.com\/es\/wp-json\/wp\/v2\/posts"}],"about":[{"href":"https:\/\/www.europesays.com\/es\/wp-json\/wp\/v2\/types\/post"}],"author":[{"embeddable":true,"href":"https:\/\/www.europesays.com\/es\/wp-json\/wp\/v2\/users\/2"}],"replies":[{"embeddable":true,"href":"https:\/\/www.europesays.com\/es\/wp-json\/wp\/v2\/comments?post=322054"}],"version-history":[{"count":0,"href":"https:\/\/www.europesays.com\/es\/wp-json\/wp\/v2\/posts\/322054\/revisions"}],"wp:featuredmedia":[{"embeddable":true,"href":"https:\/\/www.europesays.com\/es\/wp-json\/wp\/v2\/media\/322055"}],"wp:attachment":[{"href":"https:\/\/www.europesays.com\/es\/wp-json\/wp\/v2\/media?parent=322054"}],"wp:term":[{"taxonomy":"category","embeddable":true,"href":"https:\/\/www.europesays.com\/es\/wp-json\/wp\/v2\/categories?post=322054"},{"taxonomy":"post_tag","embeddable":true,"href":"https:\/\/www.europesays.com\/es\/wp-json\/wp\/v2\/tags?post=322054"}],"curies":[{"name":"wp","href":"https:\/\/api.w.org\/{rel}","templated":true}]}}