{"id":322077,"date":"2026-01-04T07:46:07","date_gmt":"2026-01-04T07:46:07","guid":{"rendered":"https:\/\/www.europesays.com\/es\/322077\/"},"modified":"2026-01-04T07:46:07","modified_gmt":"2026-01-04T07:46:07","slug":"una-carcel-inhumana-y-el-mayo-como-vecino","status":"publish","type":"post","link":"https:\/\/www.europesays.com\/es\/322077\/","title":{"rendered":"una c\u00e1rcel \u00abinhumana\u00bb y El Mayo como vecino"},"content":{"rendered":"<p style=\"\">Brooklyn, un distrito de Nueva York lleno de barrios con car\u00e1cter, es un lugar al que muchos estar\u00edan encantados de mudarse. Pero seguro que no si, como en el caso de <a href=\"https:\/\/new22-www.abc.es\/internacional\/primera-imagen-maduro-capturado-presos-guantanamo-20260103180440-nt.html\" title=\"new22-www.abc.es\" data-voc-vtm-id=\"in-text-traffic\" data-mrf-link=\"new22-www.abc.es\" rel=\"nofollow noopener\" target=\"_blank\">Nicol\u00e1s Maduro, <\/a>el destino es el Metropolitan Detention Center. La nueva residencia hogar del  &#8230; dictador venezolano ha sido definido como un lugar \u00abinhumano&#8217;, como el \u00abinfierno en tierra\u00bb.<\/p>\n<p class=\"voc-p\" style=\"\">Hasta all\u00ed <strong>llegaron este s\u00e1bado Maduro y su mujer, Cilia Flores,, horas despu\u00e9s de su captura en Caracas<\/strong> por parte de un equipo de operaciones especiales del ej\u00e9rcito de EE.UU. Durante su llegada a la c\u00e1rcel podemos observar al l\u00edder chavista esposado y rodeado de militares, en el v\u00eddeo se escucha como dice \u00abbuenas noches, feliz a\u00f1o nuevo\u00bb.<\/p>\n<blockquote class=\"twitter-tweet\">\n<p lang=\"es\" dir=\"ltr\">A Nicol\u00e1s Maduro se le aplic\u00f3 un perp walk tras su detenci\u00f3n y fue trasladado esposado a la sede central de la DEA. El perp walk es la escenificaci\u00f3n p\u00fablica de un detenido caminando bajo custodia ante la prensa. No es un requisito legal, sino una decisi\u00f3n policial con fuerte\u2026 <a href=\"https:\/\/t.co\/V37IfJeZGJ\" rel=\"nofollow\">pic.twitter.com\/V37IfJeZGJ<\/a><\/p>\n<p>\u2014 David Alandete (@alandete) <a href=\"https:\/\/twitter.com\/alandete\/status\/2007637277246169102?ref_src=twsrc%5Etfw\" rel=\"nofollow noopener\" target=\"_blank\">January 4, 2026<\/a><\/p><\/blockquote>\n<p class=\"voc-p\" style=\"\">Se trata de <strong>la \u00fanica c\u00e1rcel federal en la ciudad de Nueva York, despu\u00e9s del cierre temporal<\/strong> de la que oper\u00f3 en Manhattan hasta 2021 (el suicidio en aquella prisi\u00f3n de Jeffrey Epstein, el financiero que fue amigo de Donald Trump y otras figuras de la pol\u00edtica y los negocios, tuvo que ver con la clausura). <\/p>\n<p class=\"voc-p\" style=\"\"><strong>La prisi\u00f3n est\u00e1 sobre la orilla de la bah\u00eda de Nueva York,<\/strong> muy cerca de Industry City, una zona industrial reconvertida para negocios y lugares de ocio, y del cementerio Greenwood, uno de los lugares m\u00e1s bonitos de Brooklyn. Y en la inmediaci\u00f3n de barrios muy demandados, como Park Slope, Carroll Gardens y Red Hook.<\/p>\n<p class=\"voc-p\" style=\"\">Maduro, sin embargo, <strong>no podr\u00e1 disfrutar los muchos atractivos y est\u00edmulos de Brooklyn.<\/strong> Pasar\u00e1 de los lujos y las prebendas que ha disfrutado en Venezuela a la dureza de un centro penitenciario al que algunos llaman &#8216;el Guant\u00e1namo de Nueva York&#8217;.<\/p>\n<p>\nEl Metropolitan Detention Center impone a primera vista\n<\/p>\n<p class=\"voc-p\" style=\"\">Es una mole de hormig\u00f3n, un cubo enorme, sin ninguna ambici\u00f3n est\u00e9tica. <strong>Es probable que Maduro no viera su destino final tras muchas horas de viaje desde su captura. <\/strong>Las c\u00e1maras le captaron a su llegada a Nueva York con la cabeza cubierta y engrilletado, despu\u00e9s de que Trump hubiera compartido una imagen del detenido con los ojos tapados por un antifaz, cuando todav\u00eda estaba a borde de un buque estadounidense en el Caribe.<\/p>\n<p class=\"voc-p\" style=\"\">Maduro lleg\u00f3 a la que ser\u00e1 su nueva casa pasadas las ocho y media de la tarde de Nueva York (dos y media de la ma\u00f1ana del domingo en Espa\u00f1a), cuando ya era noche cerrada en la Gran Manzana. <strong>All\u00ed podr\u00eda pasar varios meses, mientras se ventila su proceso criminal, en el que se enfrenta a varias imputaciones:<\/strong> la que recibi\u00f3 en 2020, en la recta final del primer mandato de Trump, y sobre la que la fiscal\u00eda present\u00f3 el mismo s\u00e1bado otro escrito, que se hac\u00eda extensivo a su mujer y sus hijos.<\/p>\n<p class=\"voc-p\" style=\"\">\u00abMaduro y su mujer pronto se enfrentar\u00e1n a todo el poder de la Justicia de EE.UU.\u00bb, dijo Trump el s\u00e1bado. La primera materializaci\u00f3n de ese poder son las condiciones que el dictador venezolano tendr\u00e1 que enfrentar en la c\u00e1rcel de Brooklyn.<\/p>\n<p>\nLas malas condiciones del Metropolitan Detention Center han provocado numerosas protestas de activistas\n<\/p>\n<p class=\"voc-p\" style=\"\">Abundan las historias truculentas sobre las condiciones en el Metropolitan Detention Center, que <strong>alberga cerca de 1.300 prisioneros: <\/strong>celdas fr\u00edas y mal acondicionadas, gusanos en la comida, agentes violentos, instalaciones desbordadas, falta de recursos, peligro en los pasillos y en las zonas comunes. El verano pasado, dos reclusos murieron en peleas. En el invierno de 2019, la c\u00e1rcel se qued\u00f3 sin electricidad durante una semana en medio de una ola de fr\u00edo.<\/p>\n<p class=\"voc-p\" style=\"\">Incluso algunos jueces han calificado la situaci\u00f3n all\u00ed dentro como \u00abatroces\u00bb, \u00abinhumanas\u00bb. La dureza de esta c\u00e1rcel de Brooklyn ha llevado a algunos magistrados a conceder beneficios penitenciarios a quienes han pasado por all\u00ed.<\/p>\n<p class=\"voc-p\" style=\"\">Los cargos que enfrenta Maduro <strong>podr\u00edan conllevar una pena, si sale declarado culpable en un eventual juicio, de cadena perpetua.<\/strong> Pero, en cualquier caso, el paso del presidente despojado por Brooklyn ser\u00e1 temporal. Aqu\u00ed solo ingresan personas a la espera de juicio o mientras se decide su traslado a un centro para el cumplimiento de su condena.<\/p>\n<p class=\"voc-p\" style=\"\">Maduro no ser\u00e1, ni mucho menos, el primer detenido c\u00e9lebre en esta c\u00e1rcel. Si el Metropolitan Detention Center tuviera un &#8216;paseo de la fama&#8217;, las estrellas podr\u00edan dar la vuelta a la manzana.<\/p>\n<p>\nPor aqu\u00ed han pasado desde presidentes de otros pa\u00edses a estrellas de la m\u00fasica\n<\/p>\n<p class=\"voc-p\" style=\"\">Por ejemplo, el exmandatario hondure\u00f1o <strong>Juan Orlando Hern\u00e1ndez, el mejor ejemplo de que la guerra contra la droga <\/strong>de Trump tiene grietas. El narcotr\u00e1fico es la raz\u00f3n oficial por la que EE.UU. persigue a Maduro -aunque Trump no ha ocultado que le interesa el petr\u00f3leo venezolano-; pero, sin embargo, hace pocos meses el presidente de EE.UU. indult\u00f3 a Hern\u00e1ndez de su condena por narcotr\u00e1fico.<\/p>\n<p class=\"voc-p\" style=\"\"><strong>Otros capos indudables del narcotr\u00e1fico<\/strong> tambi\u00e9n han conocido bien el Metropolitan Detention Center. Uno de ellos ser\u00e1 vecino de Maduro: Ismael &#8216;el Mayo&#8217; Zambada, l\u00edder del c\u00e1rtel de Sinaloa, compinche durante d\u00e9cadas de Joaqu\u00edn &#8216;el Chapo&#8217; Guzm\u00e1n (tambi\u00e9n fue a juicio en Nueva York, pero residi\u00f3 en Manhattan). El Mayo, arrestado en el verano de 2024, sigue en esta c\u00e1rcel a la espera de su juicio. Se encuentra en un \u00e1rea separada, donde ingresan los presos de mayor perfil, y donde es probable que Maduro y su esposa est\u00e9n alojados: la Unidad de Vivienda Especial. Lo conocen como &#8216;el hoyo&#8217;, con celdas de cinco metros cuadrados.<\/p>\n<p class=\"voc-p\" style=\"\">Aqu\u00ed pas\u00f3 mucho tiempo Genaro Garc\u00eda Luna, <strong>el que fue m\u00e1xima autoridad de las fuerzas de seguridad de M\u00e9xico,<\/strong> que fue condenado por los sobornos que acept\u00f3 del narco. \u00c9l describi\u00f3 con claridad lo que se vive en esta c\u00e1rcel: \u00abHe estado detenido en el Metropolitan Detention Center de Brooklyn por un periodo de 58 meses, casi cinco a\u00f1os, en condiciones infrahumanas\u00bb, cont\u00f3 en una carta antes de recibir su sentencia y ser trasladado. \u00abHe presenciado homicidios, apu\u00f1alamientos y amenazas sistem\u00e1ticas a mi integridad. Fui segregado casi un a\u00f1o a las celdas de castigo sin haber violado ninguna norma\u00bb.<\/p>\n<p class=\"voc-p\" style=\"\">Pero hay<strong> muchos m\u00e1s famosos que han penado en esta c\u00e1rcel de Brooklyn: el rapero Sean &#8216;Diddy&#8217; Combs;<\/strong> Ghislaine Maxwell, la que fuera pareja y c\u00f3mplice de Epstein; el emprendedor fraudulento Sam Bankman-Fried; el mafioso Vincent Bassiano, que fue capo de la familia Bonanno; Michael Cohen, el que fuera abogado y mu\u00f1idor de Trump; o Luigi Mangione, el joven que asesin\u00f3 hace un a\u00f1o a un ejecutivo en una acera de Manhattan.<\/p>\n<p class=\"voc-p\" style=\"\">Maduro <strong>tendr\u00e1 su primera salida de la c\u00e1rcel dentro de poco.<\/strong> Se espera que este lunes -o el martes por la ma\u00f1ana como muy tarde- comparezca por primera vez ante el juez. All\u00ed se le leer\u00e1n los cargos y se establecer\u00e1n los primeros pasos de su procesamiento. Ser\u00e1 en los juzgados federales del Distrito Sur de Manhattan, muy cerca de donde Trump fue declarado culpable de delitos en junio de 2024.<\/p>\n<p><script async src=\"https:\/\/platform.twitter.com\/widgets.js\" charset=\"utf-8\"><\/script><\/p>\n","protected":false},"excerpt":{"rendered":"Brooklyn, un distrito de Nueva York lleno de barrios con car\u00e1cter, es un lugar al que muchos estar\u00edan&hellip;\n","protected":false},"author":2,"featured_media":322078,"comment_status":"","ping_status":"","sticky":false,"template":"","format":"standard","meta":{"footnotes":""},"categories":[42],"tags":[17,18,4280,13,14,11,74872,61,62,63,64,19,20,6413,10695,9,10,15,16,795,12,21,22,8839,2606,65,66,67,5867],"class_list":{"0":"post-322077","1":"post","2":"type-post","3":"status-publish","4":"format-standard","5":"has-post-thumbnail","7":"category-internacional","8":"tag-breaking-news","9":"tag-breakingnews","10":"tag-carcel","11":"tag-featured-news","12":"tag-featurednews","13":"tag-headlines","14":"tag-inhumana","15":"tag-internacional","16":"tag-international","17":"tag-international-news","18":"tag-internationalnews","19":"tag-latest-news","20":"tag-latestnews","21":"tag-maduro","22":"tag-mayo","23":"tag-news","24":"tag-noticias","25":"tag-noticias-destacadas","26":"tag-noticiasdestacadas","27":"tag-nueva","28":"tag-titulares","29":"tag-ultimas-noticias","30":"tag-ultimasnoticias","31":"tag-vecino","32":"tag-vida","33":"tag-world","34":"tag-world-news","35":"tag-worldnews","36":"tag-york"},"share_on_mastodon":{"url":"https:\/\/pubeurope.com\/@es\/115835724205426784","error":""},"_links":{"self":[{"href":"https:\/\/www.europesays.com\/es\/wp-json\/wp\/v2\/posts\/322077","targetHints":{"allow":["GET"]}}],"collection":[{"href":"https:\/\/www.europesays.com\/es\/wp-json\/wp\/v2\/posts"}],"about":[{"href":"https:\/\/www.europesays.com\/es\/wp-json\/wp\/v2\/types\/post"}],"author":[{"embeddable":true,"href":"https:\/\/www.europesays.com\/es\/wp-json\/wp\/v2\/users\/2"}],"replies":[{"embeddable":true,"href":"https:\/\/www.europesays.com\/es\/wp-json\/wp\/v2\/comments?post=322077"}],"version-history":[{"count":0,"href":"https:\/\/www.europesays.com\/es\/wp-json\/wp\/v2\/posts\/322077\/revisions"}],"wp:featuredmedia":[{"embeddable":true,"href":"https:\/\/www.europesays.com\/es\/wp-json\/wp\/v2\/media\/322078"}],"wp:attachment":[{"href":"https:\/\/www.europesays.com\/es\/wp-json\/wp\/v2\/media?parent=322077"}],"wp:term":[{"taxonomy":"category","embeddable":true,"href":"https:\/\/www.europesays.com\/es\/wp-json\/wp\/v2\/categories?post=322077"},{"taxonomy":"post_tag","embeddable":true,"href":"https:\/\/www.europesays.com\/es\/wp-json\/wp\/v2\/tags?post=322077"}],"curies":[{"name":"wp","href":"https:\/\/api.w.org\/{rel}","templated":true}]}}