{"id":322081,"date":"2026-01-04T07:58:10","date_gmt":"2026-01-04T07:58:10","guid":{"rendered":"https:\/\/www.europesays.com\/es\/322081\/"},"modified":"2026-01-04T07:58:10","modified_gmt":"2026-01-04T07:58:10","slug":"el-unicaja-permisivo-en-defensa-se-da-un-costalazo-en-lugo","status":"publish","type":"post","link":"https:\/\/www.europesays.com\/es\/322081\/","title":{"rendered":"El Unicaja, permisivo en defensa, se da un costalazo en Lugo"},"content":{"rendered":"<p>Al Unicaja le cost\u00f3 caro en Lugo su desaplicaci\u00f3n defensiva, tanto que la Copa sigue sin estar atada a tres jornadas del corte. Recibir\u00e1 al  &#8230; Granada, lo que le acerca al noveno triunfo, pero conviene no olvidar que los otros dos rivales ser\u00e1n el Valencia y el UCAM. De la exhibici\u00f3n del segundo tiempo ante el Joventut para cerrar 2025 a este borr\u00f3n de grandes dimensiones en la pista del Breog\u00e1n, que reflejan que queda mucho trabajo por delante en la temporada para extraer la mejor versi\u00f3n de este equipo, una respuesta m\u00e1s fiable. Superado por rivales de Euroliga, la clase media-baja, a poco que no muestre su energ\u00eda habitual, tambi\u00e9n se le pone &#8216;gallito&#8217;. Queda mucha temporada, todos los frentes competitivos est\u00e1n intactos, pero es una se\u00f1al de alarma que no se puede pasar por alto.<\/p>\n<p class=\"v-p\">Lo que pas\u00f3 por Galicia fue un Unicaja muy poco reconocible, con un desaparecido Perry, dependiente en exceso del acierto exterior y haciendo crecer la figura de un temporero como Andric (6\/8 en triples), en la noche en la que tambi\u00e9n se sintieron muy c\u00f3modos Brankovic (dobles figuras para 29 de valoraci\u00f3n) y el malague\u00f1o Francis Alonso, este de menos a m\u00e1s. Son momentos en que se echa en falta el talento de los Carter, Taylor u Osetkowski para enderezar el rumbo. Si no uno, era otro.<\/p>\n<p><a href=\"http:\/\/www.diariosur.es\/unicaja\/ibon-navarro-faltado-concentracion-energia-jugadores-metidos-20260103232119-nt.html#vtm_modulosEngag=mod-rel:unicaja:noticia:1:cmp:2-not\" class=\"v-a-link\" title=\"Ibon Navarro: \u00abNos ha faltado concentraci\u00f3n, energ\u00eda y jugadores que estuvieran metidos\u00bb\" rel=\"nofollow noopener\" target=\"_blank\"><br \/>\n<img decoding=\"async\" loading=\"lazy\" class=\"v-a-img\" src=\"https:\/\/www.europesays.com\/es\/wp-content\/uploads\/2026\/01\/RS869891_-U28383347750rKL-366x256@Diario Sur.jpg\" alt=\"Ibon Navarro: \u00abNos ha faltado concentraci\u00f3n, energ\u00eda y jugadores que estuvieran metidos\u00bb\"\/><br \/>\n<\/a><\/p>\n<p><a href=\"http:\/\/www.diariosur.es\/unicaja\/puntuacion-jugadores-unicajabaloncesto-1767479446-20260103000000-nt.html#vtm_modulosEngag=mod-rel:unicaja:noticia:2:cmp:2-not\" class=\"v-a-link\" title=\"El uno a uno del Breog\u00e1n-Unicaja\" rel=\"nofollow noopener\" target=\"_blank\"><br \/>\n<img decoding=\"async\" loading=\"lazy\" class=\"v-a-img\" src=\"https:\/\/www.europesays.com\/es\/wp-content\/uploads\/2026\/01\/1504735835-keGE--366x256@Diario Sur.JPG\" alt=\"El uno a uno del Breog\u00e1n-Unicaja\"\/><br \/>\n<\/a><\/p>\n<p class=\"v-p\">Los \u00fanicos esbozos de buen baloncesto se vieron en el tramo final del primer cuarto, pero fue s\u00f3lo un atisbo. El Unicaja se fue ya al descanso con la m\u00e1xima diferencia en contra (50-43) hasta ese momento. Eran demasiados puntos concedidos, Sin lucir ayudas en defensa, fue vi\u00e9ndose cada vez m\u00e1s sometido por el cuadro local. Es el Breog\u00e1n un equipo que tiene muchos puntos en la mayor\u00eda de jugadores, con buena mano para el tiro de un buen n\u00famero de ellos y que trata de imponer un alto ritmo. Pero el Unicaja no termin\u00f3 de aprovechar su punto m\u00e1s d\u00e9bil, la defensa.<\/p>\n<p><img decoding=\"async\" loading=\"lazy\" src=\"https:\/\/www.europesays.com\/es\/wp-content\/uploads\/2026\/01\/duarte-U42071232246nGB-650x455@Diario Sur.jpg\" class=\"v-a-img\" width=\"650\" height=\"455\" alt=\"Duarte, rodeado de rivales, trata de ganarse la posici\u00f3n.\" data-voc-vtm-id=\"in-text-traffic\"\/><\/p>\n<p>Duarte, rodeado de rivales, trata de ganarse la posici\u00f3n.<\/p>\n<p>EFE<\/p>\n<p><img loading=\"lazy\" decoding=\"async\" src=\"https:\/\/www.europesays.com\/es\/wp-content\/uploads\/2026\/01\/duarte-U42071232246nGB-650x455@Diario Sur.jpg\" class=\"v-mdl__img-z\" width=\"650\" height=\"455\" alt=\"\"\/><\/p>\n<p class=\"v-p\">El equipo lucense, con muchos lazos comunes con su rival, (Mrsic, que precedi\u00f3 en el banquillo a Luis Casimiro, y jugadores en pista que han vestido las dos camisetas como Francis Alonso, Kalinoski y Sulejmanovic), tir\u00f3 inicialmente del acierto de Andric y, sobre todo de Brankovic, este en un duelo interesante entre p\u00edvots gigantes pero m\u00f3viles con Balcerowski. Ambos se hicieron da\u00f1o mutuamente y protagonizaron alternancias en el marcador, hasta que entraron las segundas unidades a la pista y el cuadro malague\u00f1o empez\u00f3 a sacar ventaja. Se empez\u00f3 a ver una mejor circulaci\u00f3n y la aparici\u00f3n estelar de Tillie, autor de 10 puntos en el primer cuarto, con tres triples y hasta una acci\u00f3n de tres m\u00e1s uno. El Unicaja se fue del 9-8 al 12-21, pero justo en ese momento se dispers\u00f3 definitivamente.<\/p>\n<p>\nEl Unicaja redujo a diez la desventaja de veinte puntos en una peque\u00f1a reacci\u00f3n al final del tercer cuarto que fue est\u00e9ril\n<\/p>\n<p class=\"v-p\">Entre el final del primer cuarto y el comienzo del segundo encaj\u00f3 un parcial de 11-2. Tillie vio la tercera falta en un santiam\u00e9n y se fue al banco y el equipo s\u00f3lo encontr\u00f3 el buen criterio de Rubit y el acierto de D\u00edaz, en general ese porcentaje de m\u00e1s del 60% desde fuera para sostenerse en el partido. Brankovic y Dibba se movieron a placer en la zona y el Breog\u00e1n se fue a rentas de siete puntos, asumibles pero que denotaban que le faltaba energ\u00eda al equipo malague\u00f1o, que adem\u00e1s seleccionaba mal las faltas y cometi\u00f3 ya ocho p\u00e9rdidas antes del intermedio. La mejor muestra de la espesura fue la acci\u00f3n dise\u00f1ada por Ibon Navarro para recortar distancias en el tanteo al descanso, frustrada con una falta en ataque de Perry.<\/p>\n<p>ESTADISTICAS DEL PARTIDO<\/p>\n<tr>\u00a0Min.Punt.Reb.Asist.Val.<\/tr>\n<tr class=\"voc-clasificacion-item\">\n<td class=\"equipo\">B. Dibba<\/td>\n<td class=\"puntuacion\">15:32<\/td>\n<td class=\"puntuacion\">5<\/td>\n<td class=\"puntuacion\">3<\/td>\n<td class=\"puntuacion\">0<\/td>\n<td class=\"puntuacion\">9<\/td>\n<\/tr>\n<tr class=\"voc-clasificacion-item\">\n<td class=\"equipo\">K. Cook<\/td>\n<td class=\"puntuacion\">19:52<\/td>\n<td class=\"puntuacion\">7<\/td>\n<td class=\"puntuacion\">2<\/td>\n<td class=\"puntuacion\">1<\/td>\n<td class=\"puntuacion\">8<\/td>\n<\/tr>\n<tr class=\"voc-clasificacion-item\">\n<td class=\"equipo\">D. Russell<\/td>\n<td class=\"puntuacion\">22:12<\/td>\n<td class=\"puntuacion\">2<\/td>\n<td class=\"puntuacion\">1<\/td>\n<td class=\"puntuacion\">10<\/td>\n<td class=\"puntuacion\">8<\/td>\n<\/tr>\n<tr class=\"voc-clasificacion-item\">\n<td class=\"equipo\">D. Apic<\/td>\n<td class=\"puntuacion\">11:35<\/td>\n<td class=\"puntuacion\">4<\/td>\n<td class=\"puntuacion\">2<\/td>\n<td class=\"puntuacion\">0<\/td>\n<td class=\"puntuacion\">5<\/td>\n<\/tr>\n<tr class=\"voc-clasificacion-item\">\n<td class=\"equipo\">F. Alonso<\/td>\n<td class=\"puntuacion\">19:00<\/td>\n<td class=\"puntuacion\">14<\/td>\n<td class=\"puntuacion\">2<\/td>\n<td class=\"puntuacion\">2<\/td>\n<td class=\"puntuacion\">13<\/td>\n<\/tr>\n<tr class=\"voc-clasificacion-item\">\n<td class=\"equipo\">A. Aranitovic<\/td>\n<td class=\"puntuacion\">18:54<\/td>\n<td class=\"puntuacion\">8<\/td>\n<td class=\"puntuacion\">2<\/td>\n<td class=\"puntuacion\">0<\/td>\n<td class=\"puntuacion\">9<\/td>\n<\/tr>\n<tr class=\"voc-clasificacion-item\">\n<td class=\"equipo\">J. Sakho<\/td>\n<td class=\"puntuacion\">05:09<\/td>\n<td class=\"puntuacion\">2<\/td>\n<td class=\"puntuacion\">0<\/td>\n<td class=\"puntuacion\">0<\/td>\n<td class=\"puntuacion\">-1<\/td>\n<\/tr>\n<tr class=\"voc-clasificacion-item\">\n<td class=\"equipo\">D. Mavra<\/td>\n<td class=\"puntuacion\">16:34<\/td>\n<td class=\"puntuacion\">6<\/td>\n<td class=\"puntuacion\">2<\/td>\n<td class=\"puntuacion\">7<\/td>\n<td class=\"puntuacion\">9<\/td>\n<\/tr>\n<tr class=\"voc-clasificacion-item\">\n<td class=\"equipo\">D. Brankovic<\/td>\n<td class=\"puntuacion\">22:02<\/td>\n<td class=\"puntuacion\">16<\/td>\n<td class=\"puntuacion\">10<\/td>\n<td class=\"puntuacion\">2<\/td>\n<td class=\"puntuacion\">28<\/td>\n<\/tr>\n<tr class=\"voc-clasificacion-item\">\n<td class=\"equipo\">E. Quintela<\/td>\n<td class=\"puntuacion\">&#8211;<\/td>\n<td class=\"puntuacion\">&#8211;<\/td>\n<td class=\"puntuacion\">&#8211;<\/td>\n<td class=\"puntuacion\">&#8211;<\/td>\n<td class=\"puntuacion\">&#8211;<\/td>\n<\/tr>\n<tr class=\"voc-clasificacion-item\">\n<td class=\"equipo\">M. Andric<\/td>\n<td class=\"puntuacion\">23:14<\/td>\n<td class=\"puntuacion\">22<\/td>\n<td class=\"puntuacion\">1<\/td>\n<td class=\"puntuacion\">1<\/td>\n<td class=\"puntuacion\">22<\/td>\n<\/tr>\n<tr class=\"voc-clasificacion-item\">\n<td class=\"equipo\">A. Kurucs<\/td>\n<td class=\"puntuacion\">19:46<\/td>\n<td class=\"puntuacion\">12<\/td>\n<td class=\"puntuacion\">3<\/td>\n<td class=\"puntuacion\">0<\/td>\n<td class=\"puntuacion\">12<\/td>\n<\/tr>\n<tr>\u00a0Min.Punt.Reb.Asist.Val.<\/tr>\n<tr class=\"voc-clasificacion-item\">\n<td class=\"equipo\">T. P\u00e9rez<\/td>\n<td class=\"puntuacion\">14:12<\/td>\n<td class=\"puntuacion\">2<\/td>\n<td class=\"puntuacion\">9<\/td>\n<td class=\"puntuacion\">0<\/td>\n<td class=\"puntuacion\">10<\/td>\n<\/tr>\n<tr class=\"voc-clasificacion-item\">\n<td class=\"equipo\">C. Audige<\/td>\n<td class=\"puntuacion\">16:06<\/td>\n<td class=\"puntuacion\">3<\/td>\n<td class=\"puntuacion\">1<\/td>\n<td class=\"puntuacion\">1<\/td>\n<td class=\"puntuacion\">4<\/td>\n<\/tr>\n<tr class=\"voc-clasificacion-item\">\n<td class=\"equipo\">O. Balcerowski<\/td>\n<td class=\"puntuacion\">23:20<\/td>\n<td class=\"puntuacion\">12<\/td>\n<td class=\"puntuacion\">2<\/td>\n<td class=\"puntuacion\">2<\/td>\n<td class=\"puntuacion\">11<\/td>\n<\/tr>\n<tr class=\"voc-clasificacion-item\">\n<td class=\"equipo\">T. Kalinoski<\/td>\n<td class=\"puntuacion\">17:26<\/td>\n<td class=\"puntuacion\">3<\/td>\n<td class=\"puntuacion\">1<\/td>\n<td class=\"puntuacion\">2<\/td>\n<td class=\"puntuacion\">-3<\/td>\n<\/tr>\n<tr class=\"voc-clasificacion-item\">\n<td class=\"equipo\">J. Barreiro<\/td>\n<td class=\"puntuacion\">14:07<\/td>\n<td class=\"puntuacion\">6<\/td>\n<td class=\"puntuacion\">1<\/td>\n<td class=\"puntuacion\">0<\/td>\n<td class=\"puntuacion\">5<\/td>\n<\/tr>\n<tr class=\"voc-clasificacion-item\">\n<td class=\"equipo\">A. D\u00edaz<\/td>\n<td class=\"puntuacion\">20:04<\/td>\n<td class=\"puntuacion\">12<\/td>\n<td class=\"puntuacion\">0<\/td>\n<td class=\"puntuacion\">1<\/td>\n<td class=\"puntuacion\">11<\/td>\n<\/tr>\n<tr class=\"voc-clasificacion-item\">\n<td class=\"equipo\">N. Djedovic<\/td>\n<td class=\"puntuacion\">18:01<\/td>\n<td class=\"puntuacion\">4<\/td>\n<td class=\"puntuacion\">1<\/td>\n<td class=\"puntuacion\">0<\/td>\n<td class=\"puntuacion\">1<\/td>\n<\/tr>\n<tr class=\"voc-clasificacion-item\">\n<td class=\"equipo\">E. Sulejmanovic<\/td>\n<td class=\"puntuacion\">09:18<\/td>\n<td class=\"puntuacion\">4<\/td>\n<td class=\"puntuacion\">4<\/td>\n<td class=\"puntuacion\">1<\/td>\n<td class=\"puntuacion\">5<\/td>\n<\/tr>\n<tr class=\"voc-clasificacion-item\">\n<td class=\"equipo\">A. Rubit<\/td>\n<td class=\"puntuacion\">10:34<\/td>\n<td class=\"puntuacion\">11<\/td>\n<td class=\"puntuacion\">0<\/td>\n<td class=\"puntuacion\">1<\/td>\n<td class=\"puntuacion\">8<\/td>\n<\/tr>\n<tr class=\"voc-clasificacion-item\">\n<td class=\"equipo\">C. Duarte<\/td>\n<td class=\"puntuacion\">18:11<\/td>\n<td class=\"puntuacion\">6<\/td>\n<td class=\"puntuacion\">3<\/td>\n<td class=\"puntuacion\">0<\/td>\n<td class=\"puntuacion\">6<\/td>\n<\/tr>\n<tr class=\"voc-clasificacion-item\">\n<td class=\"equipo\">K. Tillie<\/td>\n<td class=\"puntuacion\">13:49<\/td>\n<td class=\"puntuacion\">10<\/td>\n<td class=\"puntuacion\">5<\/td>\n<td class=\"puntuacion\">1<\/td>\n<td class=\"puntuacion\">12<\/td>\n<\/tr>\n<tr class=\"voc-clasificacion-item\">\n<td class=\"equipo\">K. Perry<\/td>\n<td class=\"puntuacion\">18:42<\/td>\n<td class=\"puntuacion\">2<\/td>\n<td class=\"puntuacion\">0<\/td>\n<td class=\"puntuacion\">4<\/td>\n<td class=\"puntuacion\">-2<\/td>\n<\/tr>\n<p class=\"v-p\">Sali\u00f3 tras la ducha con otras armas el Unicaja, con Kalinoski, Barreiro y Tyson P\u00e9rez, dispuesto a defender mejor, pero s\u00f3lo fue una intenci\u00f3n definida en la composici\u00f3n de quintetos. En realidad llegaron los mejores minutos del Breog\u00e1n, que pudo correr y estuvo acertad\u00edsimo en el tiro. Le entr\u00f3 todo, incluido un triple de Andric con la defensa encima. El cuadro gallego, mucho m\u00e1s intenso y empezando ya a dominar tambi\u00e9n seriamente el rebote, se fue veinte arriba, y cuando el Unicaja quiso realmente reaccionar era tarde.<\/p>\n<p class=\"v-p\">Lo hizo a lomos de Rubit, el unico que parec\u00eda con la mentalidad necesaria en el partido. A rengl\u00f3n seguido los triples de D\u00edaz y Duarte y dos tiros libres de este colocaron un 0-10 de parcial y redujeron a la mitad la desventaja (70-60), pero llegaron las cuartas faltas de Tillie y Balcerowski y otra r\u00e1faga de ametralladora local en el inicio del cuarto final. Primero Alonso, despu\u00e9s Andric, que se fue a los seis triples (con un incre\u00edble 6\/8), y al final Mavra dejaron finiquitada la victoria (85-69) ante un rival que ahora s\u00ed acabo bajando los brazos. Diecis\u00e9is puntos de desventaja (98-82) no es balad\u00ed cara a futuros empates a victorias y el corte de la Copa. Mucho cuidado.<\/p>\n","protected":false},"excerpt":{"rendered":"Al Unicaja le cost\u00f3 caro en Lugo su desaplicaci\u00f3n defensiva, tanto que la Copa sigue sin estar atada&hellip;\n","protected":false},"author":2,"featured_media":322082,"comment_status":"","ping_status":"","sticky":false,"template":"","format":"standard","meta":{"footnotes":""},"categories":[269],"tags":[299,298,74874,1616,168,25,24,7318,74873,23,167,2246],"class_list":{"0":"post-322081","1":"post","2":"type-post","3":"status-publish","4":"format-standard","5":"has-post-thumbnail","7":"category-baloncesto","8":"tag-baloncesto","9":"tag-basketball","10":"tag-costalazo","11":"tag-defensa","12":"tag-deportes","13":"tag-es","14":"tag-espana","15":"tag-lugo","16":"tag-permisivo","17":"tag-spain","18":"tag-sports","19":"tag-unicaja"},"share_on_mastodon":{"url":"https:\/\/pubeurope.com\/@es\/115835771609909719","error":""},"_links":{"self":[{"href":"https:\/\/www.europesays.com\/es\/wp-json\/wp\/v2\/posts\/322081","targetHints":{"allow":["GET"]}}],"collection":[{"href":"https:\/\/www.europesays.com\/es\/wp-json\/wp\/v2\/posts"}],"about":[{"href":"https:\/\/www.europesays.com\/es\/wp-json\/wp\/v2\/types\/post"}],"author":[{"embeddable":true,"href":"https:\/\/www.europesays.com\/es\/wp-json\/wp\/v2\/users\/2"}],"replies":[{"embeddable":true,"href":"https:\/\/www.europesays.com\/es\/wp-json\/wp\/v2\/comments?post=322081"}],"version-history":[{"count":0,"href":"https:\/\/www.europesays.com\/es\/wp-json\/wp\/v2\/posts\/322081\/revisions"}],"wp:featuredmedia":[{"embeddable":true,"href":"https:\/\/www.europesays.com\/es\/wp-json\/wp\/v2\/media\/322082"}],"wp:attachment":[{"href":"https:\/\/www.europesays.com\/es\/wp-json\/wp\/v2\/media?parent=322081"}],"wp:term":[{"taxonomy":"category","embeddable":true,"href":"https:\/\/www.europesays.com\/es\/wp-json\/wp\/v2\/categories?post=322081"},{"taxonomy":"post_tag","embeddable":true,"href":"https:\/\/www.europesays.com\/es\/wp-json\/wp\/v2\/tags?post=322081"}],"curies":[{"name":"wp","href":"https:\/\/api.w.org\/{rel}","templated":true}]}}