{"id":322106,"date":"2026-01-04T08:13:08","date_gmt":"2026-01-04T08:13:08","guid":{"rendered":"https:\/\/www.europesays.com\/es\/322106\/"},"modified":"2026-01-04T08:13:08","modified_gmt":"2026-01-04T08:13:08","slug":"por-que-emprender-en-espana-da-mas-miedo-que-hace-25-anos-el-pais-expres","status":"publish","type":"post","link":"https:\/\/www.europesays.com\/es\/322106\/","title":{"rendered":"Por qu\u00e9 emprender en Espa\u00f1a da m\u00e1s miedo que hace 25 a\u00f1os | El PA\u00cdS Expr\u00e9s"},"content":{"rendered":"<p><img fetchpriority=\"high\" alt=\"Fracaso en los j\u00f3venes\" decoding=\"auto\" class=\"_re  a_m-h\" height=\"414\"  width=\"414\"  src=\"https:\/\/www.europesays.com\/es\/wp-content\/uploads\/2026\/01\/5Z6L7FFUXFCVJMTDOGETXU6YH4.png\" loading=\"eager\"\/>Reportaje sobre la empresa Seedtag, im\u00e1genes cedidas.Foto: Oliver Wyman (Seedtag)<\/p>\n<p class=\"\">Emprender en Espa\u00f1a sigue generando m\u00e1s temor que ilusi\u00f3n. Aunque existen historias de \u00e9xito muy visibles, los datos muestran que el miedo al fracaso empresarial ha crecido con los a\u00f1os y que la iniciativa para innovar no termina de consolidarse.<\/p>\n<p class=\"\"><b>Ese temor va en aumento:<\/b><\/p>\n<ul>\n<li>En el a\u00f1o 2000, algo m\u00e1s de un tercio de los espa\u00f1oles reconoc\u00eda miedo a fracasar al emprender. <\/li>\n<li>Veinticinco a\u00f1os despu\u00e9s, el porcentaje supera el 50%.<\/li>\n<\/ul>\n<p class=\"\"><b>\u00bfPor qu\u00e9 ocurre esto? <\/b>En parte, porque el fracaso sigue siendo un estigma en Espa\u00f1a. Mientras que en Estados Unidos se entiende como una experiencia de aprendizaje que aporta ambici\u00f3n y capacidad para superar obst\u00e1culos, aqu\u00ed fallar suele vivirse como una losa. <\/p>\n<p class=\"\"><b>A esto se suma una confusi\u00f3n sobre qu\u00e9 significa emprender.<\/b> La iniciativa emprendedora no se limita a crear una empresa.<\/p>\n<ul>\n<li>Emprender implica innovar, mejorar procesos y resolver problemas en el entorno laboral. <\/li>\n<li>Sin embargo, las empresas que contratan a reci\u00e9n graduados detectan carencias claras en estas competencias. <\/li>\n<\/ul>\n<p class=\"\"><b>Y algunos emprendedores apuntan m\u00e1s all\u00e1 de la educaci\u00f3n formal:<\/b> la falta de experiencias tempranas que fomenten la autonom\u00eda tambi\u00e9n limita la iniciativa. La universidad aporta estructura, contactos y cultura, pero no es una receta autom\u00e1tica para innovar.<\/p>\n<p class=\"\">\u00a9Foto: Oliver Wyman (Seedtag)<\/p>\n<p class=\"\"><a href=\"https:\/\/elpais.com\/educacion\/2026-01-04\/a-los-jovenes-espanoles-no-les-ensenan-a-fracasar.html\" target=\"_self\" rel=\"nofollow noopener\" title=\"https:\/\/elpais.com\/educacion\/2026-01-04\/a-los-jovenes-espanoles-no-les-ensenan-a-fracasar.html\">Si quieres saber m\u00e1s, puedes leer aqu\u00ed.<\/a><\/p>\n","protected":false},"excerpt":{"rendered":"Reportaje sobre la empresa Seedtag, im\u00e1genes cedidas.Foto: Oliver Wyman (Seedtag) Emprender en Espa\u00f1a sigue generando m\u00e1s temor que&hellip;\n","protected":false},"author":2,"featured_media":322107,"comment_status":"","ping_status":"","sticky":false,"template":"","format":"standard","meta":{"footnotes":""},"categories":[8],"tags":[17,18,2026,18276,25,24,8149,13,14,11,19,20,9,10,15,16,492,23,12,21,22,2845,8145,8144],"class_list":{"0":"post-322106","1":"post","2":"type-post","3":"status-publish","4":"format-standard","5":"has-post-thumbnail","7":"category-espana","8":"tag-breaking-news","9":"tag-breakingnews","10":"tag-educacion","11":"tag-emprendedores","12":"tag-es","13":"tag-espana","14":"tag-estudiantes-universitarios","15":"tag-featured-news","16":"tag-featurednews","17":"tag-headlines","18":"tag-latest-news","19":"tag-latestnews","20":"tag-news","21":"tag-noticias","22":"tag-noticias-destacadas","23":"tag-noticiasdestacadas","24":"tag-sociedad","25":"tag-spain","26":"tag-titulares","27":"tag-ultimas-noticias","28":"tag-ultimasnoticias","29":"tag-universidad","30":"tag-universidades-privadas","31":"tag-universidades-publicas"},"share_on_mastodon":{"url":"https:\/\/pubeurope.com\/@es\/115835830525136806","error":""},"_links":{"self":[{"href":"https:\/\/www.europesays.com\/es\/wp-json\/wp\/v2\/posts\/322106","targetHints":{"allow":["GET"]}}],"collection":[{"href":"https:\/\/www.europesays.com\/es\/wp-json\/wp\/v2\/posts"}],"about":[{"href":"https:\/\/www.europesays.com\/es\/wp-json\/wp\/v2\/types\/post"}],"author":[{"embeddable":true,"href":"https:\/\/www.europesays.com\/es\/wp-json\/wp\/v2\/users\/2"}],"replies":[{"embeddable":true,"href":"https:\/\/www.europesays.com\/es\/wp-json\/wp\/v2\/comments?post=322106"}],"version-history":[{"count":0,"href":"https:\/\/www.europesays.com\/es\/wp-json\/wp\/v2\/posts\/322106\/revisions"}],"wp:featuredmedia":[{"embeddable":true,"href":"https:\/\/www.europesays.com\/es\/wp-json\/wp\/v2\/media\/322107"}],"wp:attachment":[{"href":"https:\/\/www.europesays.com\/es\/wp-json\/wp\/v2\/media?parent=322106"}],"wp:term":[{"taxonomy":"category","embeddable":true,"href":"https:\/\/www.europesays.com\/es\/wp-json\/wp\/v2\/categories?post=322106"},{"taxonomy":"post_tag","embeddable":true,"href":"https:\/\/www.europesays.com\/es\/wp-json\/wp\/v2\/tags?post=322106"}],"curies":[{"name":"wp","href":"https:\/\/api.w.org\/{rel}","templated":true}]}}